{"id":1136,"date":"2014-06-10T10:58:54","date_gmt":"2014-06-10T09:58:54","guid":{"rendered":"http:\/\/www.francais-d-allemagne.eu\/nord\/?p=1136"},"modified":"2019-01-21T20:41:26","modified_gmt":"2019-01-21T19:41:26","slug":"afe-2014-candidats","status":"publish","type":"post","link":"https:\/\/www.francais-d-allemagne.eu\/nord\/2014\/06\/10\/afe-2014-candidats\/","title":{"rendered":"\u00c9lection des conseillers AFE : listes candidates"},"content":{"rendered":"<p>Les listes candidates pour l&rsquo;\u00e9lection des conseillers \u00e0 l&rsquo;Assembl\u00e9e des Fran\u00e7ais de l&rsquo;\u00e9tranger dans la circonscription d&rsquo;Allemagne, Autriche, Slovaquie, Slov\u00e9nie et Suisse sont les suivantes :<\/p>\n<p><strong><br \/>\nFran\u00e7ais de droite, du centre et ind\u00e9pendants<\/strong><\/p>\n<table>\n<tbody>\n<tr>\n<td width=\"40%\">Ronan LE GLEUT<\/td>\n<td><em>Berlin-Hambourg<\/em><\/td>\n<\/tr>\n<tr>\n<td>Nadine FOUQUES-WEISS<\/td>\n<td><em>Munich-Stuttgart<\/em><\/td>\n<\/tr>\n<tr>\n<td>Jean-Philippe KEIL<\/td>\n<td><em>Zurich<\/em><\/td>\n<\/tr>\n<tr>\n<td>Martine SCHOEPPNER<\/td>\n<td><em>Munich-Stuttgart<\/em><\/td>\n<\/tr>\n<tr>\n<td>Nicolas de ZIEGLER<\/td>\n<td><em>Gen\u00e8ve<\/em><\/td>\n<\/tr>\n<tr>\n<td>Aur\u00e9lie FONDECAVE<\/td>\n<td><em>D\u00fcsseldorf-Francfort-Sarrebruck<\/em><\/td>\n<\/tr>\n<tr>\n<td>Jean-Marie LANGLET<\/td>\n<td><em>D\u00fcsseldorf-Francfort-Sarrebruck<\/em><\/td>\n<\/tr>\n<tr>\n<td>Isabelle BERLING<\/td>\n<td><em>Gen\u00e8ve<\/em><\/td>\n<\/tr>\n<tr>\n<td>Samuel BUCKET<\/td>\n<td><em>Autriche-Slovaquie-Slov\u00e9nie<\/em><\/td>\n<\/tr>\n<tr>\n<td>Isabelle SCHMIDT-DUVOISIN<\/td>\n<td><em>Zurich<\/em><\/td>\n<\/tr>\n<tr>\n<td>Dominique CHERPIN<\/td>\n<td><em>D\u00fcsseldorf-Francfort-Sarrebruck<\/em><\/td>\n<\/tr>\n<\/tbody>\n<\/table>\n<p><strong><br \/>\nPour une nouvelle AFE<\/strong><\/p>\n<table>\n<tbody>\n<tr>\n<td width=\"40%\">Philippe LOISEAU<\/td>\n<td><em>Berlin-Hambourg<\/em><\/td>\n<\/tr>\n<tr>\n<td>Anne HENRY-WERNER<\/td>\n<td><em>D\u00fcsseldorf-Francfort-Sarrebruck<\/em><\/td>\n<\/tr>\n<tr>\n<td>Louis SARRAZIN<\/td>\n<td><em>Autriche-Slovaquie-Slov\u00e9nie<\/em><\/td>\n<\/tr>\n<tr>\n<td>Catherine RIOUX<\/td>\n<td><em>Munich-Stuttgart<\/em><\/td>\n<\/tr>\n<tr>\n<td>Jean-Luc LARGUIER<\/td>\n<td><em>Gen\u00e8ve<\/em><\/td>\n<\/tr>\n<tr>\n<td>Marie-Rose KORO<\/td>\n<td><em>Turquie<\/em><\/td>\n<\/tr>\n<tr>\n<td>Gabriel RICHARD-MOLARD<\/td>\n<td><em>D\u00fcsseldorf-Francfort-Sarrebruck<\/em><\/td>\n<\/tr>\n<tr>\n<td>Dominique LUQUET-DOERFLINGER<\/td>\n<td><em>Autriche-Slovaquie-Slov\u00e9nie<\/em><\/td>\n<\/tr>\n<tr>\n<td>Nicolas STALLIVIERI<\/td>\n<td><em>Berlin-Hambourg<\/em><\/td>\n<\/tr>\n<tr>\n<td>Natacha BOROUKHOFF<\/td>\n<td><em>Berlin-Hambourg<\/em><\/td>\n<\/tr>\n<tr>\n<td>Philippe MOREAU<\/td>\n<td><em>Munich-Stuttgart<\/em><\/td>\n<\/tr>\n<\/tbody>\n<\/table>\n<p><br class=\"clear\" \/><br class=\"clear\" \/>L&rsquo;\u00e9lection des conseillers AFE aura lieu le 22 juin 2014.<\/p>\n<p>L\u2019Assembl\u00e9e des Fran\u00e7ais de l\u2019\u00e9tranger (en abr\u00e9g\u00e9 : AFE) est l\u2019instance politique consultative qui repr\u00e9sente les Fran\u00e7ais \u00e9tablis hors de France. Elle est l&rsquo;interlocuteur des assembl\u00e9es parlementaires, Assembl\u00e9e Nationale et S\u00e9nat pour tous les th\u00e8mes relatifs \u00e0 la vie des Fran\u00e7ais \u00e9tablis hors de France.<\/p>\n<p>Depuis la loi du 22 juillet 2013, qui instaure un nouveau niveau de repr\u00e9sentation d\u00e9mocratique, le conseil consulaire, les conseillers membres de l&rsquo;AFE, dont le nombre est r\u00e9duit \u00e0 90, sont d\u00e9sormais \u00e9lus pour six ans par et parmi les conseillers consulaires.<\/p>\n<p>Dans notre circonscription d&rsquo;Allemagne, Autriche, Slovaquie, Slov\u00e9nie et Suisse ce sont 35 conseillers consulaires qui ont \u00e9t\u00e9 \u00e9lus lors du scrutin du 25 mai 2014. Ces conseillers \u00e9liront pour cette r\u00e9gion 11 conseillers AFE.<\/p>\n<p>L&rsquo;enjeu de cette \u00e9lection est de faire \u00e9merger des personnalit\u00e9s engag\u00e9es, qui sauront donner un nouveau souffle \u00e0 cet \u00e9chelon de la repr\u00e9sentation d\u00e9mocratique, qui s&rsquo;il n&rsquo;est pas nouveau est rest\u00e9 jusqu&rsquo;ici assez confidentiel tant dans sa communication que dans son action.<\/p>\n<p>Dans l&rsquo;esprit de la r\u00e9forme, les nouveaux conseillers AFE devront \u00eatre des relais efficaces et utiles des r\u00e9alit\u00e9s et des probl\u00e8mes de terrain pour articuler de fa\u00e7on intelligente l&rsquo;action des conseillers consulaires et des parlementaires \u00e0 l&rsquo;Assembl\u00e9e, au S\u00e9nat et au Parlement europ\u00e9en.<\/p>\n<p>L&rsquo;AFE est \u00e0 un tournant de son histoire et devra red\u00e9finir ses rapports \u00e0 l&rsquo;administration et r\u00e9inventer ses modes de fonctionnement pour \u00eatre force de proposition et d&rsquo;avanc\u00e9es concr\u00e8tes. Pour cela elle pourra interroger le Parlement et le gourvernement et devra devenir un acteur d&rsquo;influence. C&rsquo;est pourquoi, il ne lui sera pas possible de faire l&rsquo;\u00e9conomie d&rsquo;une r\u00e9flexion sur l&rsquo;espace politique qu&rsquo;elle veut animer et sur les ambitions et projets qu&rsquo;elle portera pour les Fran\u00e7ais de l\u2019\u00e9tranger.<\/p>\n<p>Dans un contexte de croissance des communaut\u00e9s fran\u00e7aise de l\u2019\u00e9tranger et de menace sur la d\u00e9mocratie, nous esp\u00e9rons que cette \u00e9lection soit celle du renouvellement g\u00e9n\u00e9rationnel.<\/p>\n<p><em>NSI<\/em><\/p>\n","protected":false},"excerpt":{"rendered":"<p>Les listes candidates pour l&rsquo;\u00e9lection des conseillers \u00e0 l&rsquo;Assembl\u00e9e des Fran\u00e7ais de l&rsquo;\u00e9tranger dans la circonscription d&rsquo;Allemagne, Autriche, Slovaquie, Slov\u00e9nie et Suisse sont les suivantes : Fran\u00e7ais de droite, du centre et ind\u00e9pendants Ronan LE GLEUT Berlin-Hambourg Nadine FOUQUES-WEISS Munich-Stuttgart Jean-Philippe KEIL Zurich Martine SCHOEPPNER Munich-Stuttgart Nicolas de ZIEGLER Gen\u00e8ve Aur\u00e9lie FONDECAVE D\u00fcsseldorf-Francfort-Sarrebruck Jean-Marie LANGLET [&hellip;]<\/p>\n","protected":false},"author":3,"featured_media":1137,"comment_status":"closed","ping_status":"open","sticky":false,"template":"","format":"standard","meta":{"jetpack_post_was_ever_published":false,"_jetpack_newsletter_access":"","_jetpack_dont_email_post_to_subs":false,"_jetpack_newsletter_tier_id":0,"_jetpack_memberships_contains_paywalled_content":false,"_jetpack_memberships_contains_paid_content":false,"footnotes":"","jetpack_publicize_message":"","jetpack_publicize_feature_enabled":true,"jetpack_social_post_already_shared":true,"jetpack_social_options":{"image_generator_settings":{"template":"highway","default_image_id":0,"font":"","enabled":false},"version":2}},"categories":[80],"tags":[60],"class_list":["post-1136","post","type-post","status-publish","format-standard","has-post-thumbnail","hentry","category-informations-citoyennes","tag-assemblee-des-francais-de-letranger"],"jetpack_publicize_connections":[],"jetpack_featured_media_url":"https:\/\/www.francais-d-allemagne.eu\/nord\/wp-content\/uploads\/sites\/2\/2014\/06\/logo-AFE.png","jetpack_sharing_enabled":true,"jetpack_shortlink":"https:\/\/wp.me\/p4ndNg-ik","_links":{"self":[{"href":"https:\/\/www.francais-d-allemagne.eu\/nord\/wp-json\/wp\/v2\/posts\/1136","targetHints":{"allow":["GET"]}}],"collection":[{"href":"https:\/\/www.francais-d-allemagne.eu\/nord\/wp-json\/wp\/v2\/posts"}],"about":[{"href":"https:\/\/www.francais-d-allemagne.eu\/nord\/wp-json\/wp\/v2\/types\/post"}],"author":[{"embeddable":true,"href":"https:\/\/www.francais-d-allemagne.eu\/nord\/wp-json\/wp\/v2\/users\/3"}],"replies":[{"embeddable":true,"href":"https:\/\/www.francais-d-allemagne.eu\/nord\/wp-json\/wp\/v2\/comments?post=1136"}],"version-history":[{"count":7,"href":"https:\/\/www.francais-d-allemagne.eu\/nord\/wp-json\/wp\/v2\/posts\/1136\/revisions"}],"predecessor-version":[{"id":3886,"href":"https:\/\/www.francais-d-allemagne.eu\/nord\/wp-json\/wp\/v2\/posts\/1136\/revisions\/3886"}],"wp:featuredmedia":[{"embeddable":true,"href":"https:\/\/www.francais-d-allemagne.eu\/nord\/wp-json\/wp\/v2\/media\/1137"}],"wp:attachment":[{"href":"https:\/\/www.francais-d-allemagne.eu\/nord\/wp-json\/wp\/v2\/media?parent=1136"}],"wp:term":[{"taxonomy":"category","embeddable":true,"href":"https:\/\/www.francais-d-allemagne.eu\/nord\/wp-json\/wp\/v2\/categories?post=1136"},{"taxonomy":"post_tag","embeddable":true,"href":"https:\/\/www.francais-d-allemagne.eu\/nord\/wp-json\/wp\/v2\/tags?post=1136"}],"curies":[{"name":"wp","href":"https:\/\/api.w.org\/{rel}","templated":true}]}}