{"id":1172,"date":"2014-06-23T09:37:59","date_gmt":"2014-06-23T08:37:59","guid":{"rendered":"http:\/\/www.francais-d-allemagne.eu\/nord\/?p=1172"},"modified":"2019-01-21T20:38:54","modified_gmt":"2019-01-21T19:38:54","slug":"resultat-de-lelection-des-conseillers-afe-du-22-juin-2014","status":"publish","type":"post","link":"https:\/\/www.francais-d-allemagne.eu\/nord\/2014\/06\/23\/resultat-de-lelection-des-conseillers-afe-du-22-juin-2014\/","title":{"rendered":"R\u00e9sultat de l&rsquo;\u00e9lection des conseillers AFE du 22 juin 2014"},"content":{"rendered":"<p>Les r\u00e9sultats de l\u2019\u00e9lection indirecte des conseillers \u00e0 l\u2019Assembl\u00e9e des Fran\u00e7ais de l\u2019\u00e9tranger pour la circonscription d\u2019<strong>Allemagne, Autriche, Slovaquie, Slov\u00e9nie et Suisse<\/strong> ont \u00e9t\u00e9 proclam\u00e9s.<\/p>\n<p>Le coll\u00e8ge \u00e9lectoral \u00e9tait constitu\u00e9 des 35 conseillers consulaires \u00e9lus le 25 mai 2014 dans les circonscriptions consulaires de ces pays.<\/p>\n<figure id=\"attachment_1173\" aria-describedby=\"caption-attachment-1173\" style=\"width: 600px\" class=\"wp-caption aligncenter\"><img loading=\"lazy\" decoding=\"async\" class=\"wp-image-1173 size-full\" src=\"https:\/\/www.francais-d-allemagne.eu\/nord\/wp-content\/uploads\/sites\/2\/2014\/06\/circo-afe-HH-2014.png\" alt=\"circo-afe-HH-2014\" width=\"600\" height=\"371\" srcset=\"https:\/\/www.francais-d-allemagne.eu\/nord\/wp-content\/uploads\/sites\/2\/2014\/06\/circo-afe-HH-2014.png 600w, https:\/\/www.francais-d-allemagne.eu\/nord\/wp-content\/uploads\/sites\/2\/2014\/06\/circo-afe-HH-2014-300x185.png 300w\" sizes=\"auto, (max-width: 600px) 100vw, 600px\" \/><figcaption id=\"caption-attachment-1173\" class=\"wp-caption-text\">Circonscription \u00e9lectorale<\/figcaption><\/figure>\n<p><strong>Deux listes ont \u00e9t\u00e9 pr\u00e9sent\u00e9es au suffrage :<\/strong><\/p>\n<p>&#8211; Fran\u00e7ais de droite, du centre et ind\u00e9pendants<br \/>\n&#8211; Pour une nouvelle AFE<\/p>\n<p>&gt; Vous trouverez le d\u00e9tail des candidatures <a style=\"text-decoration: none\" href=\"https:\/\/www.francais-d-allemagne.eu\/nord\/2014\/06\/10\/afe-2014-candidats\/\">ici<\/a>.<\/p>\n<p><strong>Les r\u00e9sultats sont les suivants :<\/strong><br \/>\n33 des 35 conseillers consulaires ont vot\u00e9. 2 suffrages ont \u00e9t\u00e9 d\u00e9clar\u00e9s comme nuls.<\/p>\n<p>Le nombre de suffrages consid\u00e9r\u00e9s comme exprim\u00e9s s\u2019\u00e9l\u00e8ve donc \u00e0 31 suffrages qui se r\u00e9partissent comme suit entre les deux listes candidates.<\/p>\n<p>La liste <strong>\u00ab\u00a0Fran\u00e7ais de droite, du centre et ind\u00e9pendants\u00a0\u00bb<\/strong> obtient 20 voix.<br \/>\n7 des 11 si\u00e8ges de conseiller AFE \u00e0 pourvoir sont attribu\u00e9s \u00e0 ses candidat-e-s :<\/p>\n<p>&#8211; Ronan Le Gleut<br \/>\n&#8211; Nadine Fouques-Weiss<br \/>\n&#8211; Jean Keil<br \/>\n&#8211; Martine Schoeppner<br \/>\n&#8211; Nicolas de Ziegler<br \/>\n&#8211; Aur\u00e9lie Fondecave<br \/>\n&#8211; Jean-Marie Langlet<\/p>\n<p>La liste <strong>\u00ab\u00a0Pour une nouvelle AFE\u00a0\u00bb<\/strong> recueille 11 voix.<br \/>\nElle sera repr\u00e9sent\u00e9e \u00e0 l\u2019Assembl\u00e9e des Fran\u00e7ais de l\u2019\u00e9tranger par 4 conseillers :<\/p>\n<p>&#8211; Philippe Loiseau (Berlin, Allemagne)<br \/>\n&#8211; Anne Henry-Werner (Francfort, Allemagne)<br \/>\n&#8211; Louis Sarrazin (Vienne, Autriche)<br \/>\n&#8211; Catherine Rioux (Kleinostheim en Bavi\u00e8re, Allemagne)<\/p>\n<p><em>NSI<\/em><\/p>\n","protected":false},"excerpt":{"rendered":"<p>Les r\u00e9sultats de l\u2019\u00e9lection indirecte des conseillers \u00e0 l\u2019Assembl\u00e9e des Fran\u00e7ais de l\u2019\u00e9tranger pour la circonscription d\u2019Allemagne, Autriche, Slovaquie, Slov\u00e9nie et Suisse ont \u00e9t\u00e9 proclam\u00e9s. Le coll\u00e8ge \u00e9lectoral \u00e9tait constitu\u00e9 des 35 conseillers consulaires \u00e9lus le 25 mai 2014 dans les circonscriptions consulaires de ces pays. Deux listes ont \u00e9t\u00e9 pr\u00e9sent\u00e9es au suffrage : &#8211; [&hellip;]<\/p>\n","protected":false},"author":3,"featured_media":1137,"comment_status":"closed","ping_status":"open","sticky":false,"template":"","format":"standard","meta":{"jetpack_post_was_ever_published":false,"_jetpack_newsletter_access":"","_jetpack_dont_email_post_to_subs":false,"_jetpack_newsletter_tier_id":0,"_jetpack_memberships_contains_paywalled_content":false,"_jetpack_memberships_contains_paid_content":false,"footnotes":"","jetpack_publicize_message":"","jetpack_publicize_feature_enabled":true,"jetpack_social_post_already_shared":true,"jetpack_social_options":{"image_generator_settings":{"template":"highway","default_image_id":0,"font":"","enabled":false},"version":2}},"categories":[80],"tags":[60],"class_list":["post-1172","post","type-post","status-publish","format-standard","has-post-thumbnail","hentry","category-informations-citoyennes","tag-assemblee-des-francais-de-letranger"],"jetpack_publicize_connections":[],"jetpack_featured_media_url":"https:\/\/www.francais-d-allemagne.eu\/nord\/wp-content\/uploads\/sites\/2\/2014\/06\/logo-AFE.png","jetpack_sharing_enabled":true,"jetpack_shortlink":"https:\/\/wp.me\/p4ndNg-iU","_links":{"self":[{"href":"https:\/\/www.francais-d-allemagne.eu\/nord\/wp-json\/wp\/v2\/posts\/1172","targetHints":{"allow":["GET"]}}],"collection":[{"href":"https:\/\/www.francais-d-allemagne.eu\/nord\/wp-json\/wp\/v2\/posts"}],"about":[{"href":"https:\/\/www.francais-d-allemagne.eu\/nord\/wp-json\/wp\/v2\/types\/post"}],"author":[{"embeddable":true,"href":"https:\/\/www.francais-d-allemagne.eu\/nord\/wp-json\/wp\/v2\/users\/3"}],"replies":[{"embeddable":true,"href":"https:\/\/www.francais-d-allemagne.eu\/nord\/wp-json\/wp\/v2\/comments?post=1172"}],"version-history":[{"count":4,"href":"https:\/\/www.francais-d-allemagne.eu\/nord\/wp-json\/wp\/v2\/posts\/1172\/revisions"}],"predecessor-version":[{"id":3883,"href":"https:\/\/www.francais-d-allemagne.eu\/nord\/wp-json\/wp\/v2\/posts\/1172\/revisions\/3883"}],"wp:featuredmedia":[{"embeddable":true,"href":"https:\/\/www.francais-d-allemagne.eu\/nord\/wp-json\/wp\/v2\/media\/1137"}],"wp:attachment":[{"href":"https:\/\/www.francais-d-allemagne.eu\/nord\/wp-json\/wp\/v2\/media?parent=1172"}],"wp:term":[{"taxonomy":"category","embeddable":true,"href":"https:\/\/www.francais-d-allemagne.eu\/nord\/wp-json\/wp\/v2\/categories?post=1172"},{"taxonomy":"post_tag","embeddable":true,"href":"https:\/\/www.francais-d-allemagne.eu\/nord\/wp-json\/wp\/v2\/tags?post=1172"}],"curies":[{"name":"wp","href":"https:\/\/api.w.org\/{rel}","templated":true}]}}