{"id":1299,"date":"2014-09-04T21:00:27","date_gmt":"2014-09-04T20:00:27","guid":{"rendered":"http:\/\/www.francais-d-allemagne.eu\/nord\/?p=1299"},"modified":"2017-01-08T17:13:18","modified_gmt":"2017-01-08T16:13:18","slug":"matthias-fekl-herzlichen-gluckwunsch","status":"publish","type":"post","link":"https:\/\/www.francais-d-allemagne.eu\/nord\/2014\/09\/04\/matthias-fekl-herzlichen-gluckwunsch\/","title":{"rendered":"Matthias Fekl, Herzlichen Gl\u00fcckwunsch !"},"content":{"rendered":"<p><a href=\"https:\/\/www.francais-d-allemagne.eu\/nord\/wp-content\/uploads\/sites\/2\/2014\/09\/Matthias-Fekl-01.jpg\"><img loading=\"lazy\" decoding=\"async\" class=\"alignleft wp-image-1300 size-thumbnail\" src=\"https:\/\/www.francais-d-allemagne.eu\/nord\/wp-content\/uploads\/sites\/2\/2014\/09\/Matthias-Fekl-01-150x150.jpg\" alt=\"Matthias-Fekl-01\" width=\"150\" height=\"150\" \/><\/a>Le d\u00e9put\u00e9 PS du Lot-et-Garonne, Matthias Fekl, vient d\u2019\u00eatre promu secr\u00e9taire d&rsquo;\u00c9tat charg\u00e9 du Commerce ext\u00e9rieur, de la promotion du Tourisme et des <strong>Fran\u00e7ais de l\u2019\u00e9tranger<\/strong>, en remplacement de Thomas Th\u00e9venoud, qui a d\u00fb d\u00e9missionner en raison de sa situation fiscale.<\/p>\n<p>\u00c2g\u00e9 de 36 ans, Matthias Fekl est n\u00e9 \u00e0 Francfort-sur-le-Main d\u2019un p\u00e8re allemand et d\u2019une m\u00e8re fran\u00e7aise.\u00a0 Il conna\u00eet bien Berlin, o\u00f9 il a grandi et v\u00e9cu de nombreuses ann\u00e9es et poss\u00e8de la double nationalit\u00e9 franco-allemande.<\/p>\n<p>Nous lui souhaitons la bienvenue et beaucoup de r\u00e9ussite dans l&rsquo;exercice de ses nouvelles fonctions. Herzlichen Gl\u00fcckwunsch !<\/p>\n<p><em>NSI<\/em><\/p>\n","protected":false},"excerpt":{"rendered":"<p>Le d\u00e9put\u00e9 PS du Lot-et-Garonne, Matthias Fekl, vient d\u2019\u00eatre promu secr\u00e9taire d&rsquo;\u00c9tat charg\u00e9 du Commerce ext\u00e9rieur, de la promotion du Tourisme et des Fran\u00e7ais de l\u2019\u00e9tranger, en remplacement de Thomas Th\u00e9venoud, qui a d\u00fb d\u00e9missionner en raison de sa situation fiscale. \u00c2g\u00e9 de 36 ans, Matthias Fekl est n\u00e9 \u00e0 Francfort-sur-le-Main d\u2019un p\u00e8re allemand et [&hellip;]<\/p>\n","protected":false},"author":3,"featured_media":0,"comment_status":"closed","ping_status":"open","sticky":false,"template":"","format":"standard","meta":{"jetpack_post_was_ever_published":false,"_jetpack_newsletter_access":"","_jetpack_dont_email_post_to_subs":false,"_jetpack_newsletter_tier_id":0,"_jetpack_memberships_contains_paywalled_content":false,"_jetpack_memberships_contains_paid_content":false,"footnotes":"","jetpack_publicize_message":"","jetpack_publicize_feature_enabled":true,"jetpack_social_post_already_shared":true,"jetpack_social_options":{"image_generator_settings":{"template":"highway","default_image_id":0,"font":"","enabled":false},"version":2}},"categories":[82],"tags":[71],"class_list":["post-1299","post","type-post","status-publish","format-standard","hentry","category-conseil-consulaire-2","tag-francais-de-letranger"],"jetpack_publicize_connections":[],"jetpack_featured_media_url":"","jetpack_sharing_enabled":true,"jetpack_shortlink":"https:\/\/wp.me\/p4ndNg-kX","_links":{"self":[{"href":"https:\/\/www.francais-d-allemagne.eu\/nord\/wp-json\/wp\/v2\/posts\/1299","targetHints":{"allow":["GET"]}}],"collection":[{"href":"https:\/\/www.francais-d-allemagne.eu\/nord\/wp-json\/wp\/v2\/posts"}],"about":[{"href":"https:\/\/www.francais-d-allemagne.eu\/nord\/wp-json\/wp\/v2\/types\/post"}],"author":[{"embeddable":true,"href":"https:\/\/www.francais-d-allemagne.eu\/nord\/wp-json\/wp\/v2\/users\/3"}],"replies":[{"embeddable":true,"href":"https:\/\/www.francais-d-allemagne.eu\/nord\/wp-json\/wp\/v2\/comments?post=1299"}],"version-history":[{"count":2,"href":"https:\/\/www.francais-d-allemagne.eu\/nord\/wp-json\/wp\/v2\/posts\/1299\/revisions"}],"predecessor-version":[{"id":1308,"href":"https:\/\/www.francais-d-allemagne.eu\/nord\/wp-json\/wp\/v2\/posts\/1299\/revisions\/1308"}],"wp:attachment":[{"href":"https:\/\/www.francais-d-allemagne.eu\/nord\/wp-json\/wp\/v2\/media?parent=1299"}],"wp:term":[{"taxonomy":"category","embeddable":true,"href":"https:\/\/www.francais-d-allemagne.eu\/nord\/wp-json\/wp\/v2\/categories?post=1299"},{"taxonomy":"post_tag","embeddable":true,"href":"https:\/\/www.francais-d-allemagne.eu\/nord\/wp-json\/wp\/v2\/tags?post=1299"}],"curies":[{"name":"wp","href":"https:\/\/api.w.org\/{rel}","templated":true}]}}