{"id":1325,"date":"2014-09-26T10:28:08","date_gmt":"2014-09-26T09:28:08","guid":{"rendered":"http:\/\/www.francais-d-allemagne.eu\/nord\/?p=1325"},"modified":"2019-01-21T20:52:19","modified_gmt":"2019-01-21T19:52:19","slug":"bilinguisme-toujours","status":"publish","type":"post","link":"https:\/\/www.francais-d-allemagne.eu\/nord\/2014\/09\/26\/bilinguisme-toujours\/","title":{"rendered":"Bilinguisme toujours !"},"content":{"rendered":"<p>\u00c0 notre initiative, les jardins d\u2019enfants franco-allemands de Berlin se sont r\u00e9unis pour la deuxi\u00e8me fois \u00e0 la Maison de France \u00e0 Berlin. Ils ont pu visiter la m\u00e9diath\u00e8que de l\u2019Institut fran\u00e7ais et son espace pour les petits. Puis, deux expos\u00e9s sur les groupes primaires bilingues franco-allemands de l\u2019\u00c9cole europ\u00e9enne publique de Berlin (SESB) et l\u2019\u00c9cole Voltaire (aefe) ont \u00e9t\u00e9 pr\u00e9sent\u00e9s.<\/p>\n<p>Le point d\u2019avancement sur les sujets d\u00e9j\u00e0 abord\u00e9s en f\u00e9vrier lors des premi\u00e8res rencontres nous a permis d\u2019avancer sur la formation interculturelle, l\u2019acc\u00e8s aux fonds documentaires (cultureth\u00e8que) de l\u2019Institut fran\u00e7ais et bien entendu sur la connaissance mutuelle.<\/p>\n<p>https:\/\/twitter.com\/natachabkh\/status\/515204426282590208<\/p>\n<p>La question de la reconnaissance des qualifications professionnelles et de la gestion des personnels sont des sujets plus sensibles encore pour les jardins d\u2019enfants, le travail est en cours. <\/p>\n<p>Ces deuxi\u00e8mes rencontres participatives r\u00e9unissant plus de trente personnes, en pr\u00e9sence du Conseiller culturel et de notre nouvelle consule, nous ont permis d\u2019approfondir nos discussions et de lancer des r\u00e9flexions concr\u00e8tes au service de la petite enfance et du bilinguisme. <\/p>\n<p>Cap sur les prochains rendez-vous !<\/p>\n","protected":false},"excerpt":{"rendered":"<p>\u00c0 notre initiative, les jardins d\u2019enfants franco-allemands de Berlin se sont r\u00e9unis pour la deuxi\u00e8me fois \u00e0 la Maison de France \u00e0 Berlin. Ils ont pu visiter la m\u00e9diath\u00e8que de l\u2019Institut fran\u00e7ais et son espace pour les petits. Puis, deux expos\u00e9s sur les groupes primaires bilingues franco-allemands de l\u2019\u00c9cole europ\u00e9enne publique de Berlin (SESB) et [&hellip;]<\/p>\n","protected":false},"author":3,"featured_media":0,"comment_status":"closed","ping_status":"open","sticky":false,"template":"","format":"standard","meta":{"jetpack_post_was_ever_published":false,"_jetpack_newsletter_access":"","_jetpack_dont_email_post_to_subs":false,"_jetpack_newsletter_tier_id":0,"_jetpack_memberships_contains_paywalled_content":false,"_jetpack_memberships_contains_paid_content":false,"footnotes":"","jetpack_publicize_message":"","jetpack_publicize_feature_enabled":true,"jetpack_social_post_already_shared":true,"jetpack_social_options":{"image_generator_settings":{"template":"highway","default_image_id":0,"font":"","enabled":false},"version":2}},"categories":[77],"tags":[74,44,113,72],"class_list":["post-1325","post","type-post","status-publish","format-standard","hentry","category-education-2","tag-aefe","tag-education","tag-franco-allemand","tag-jardins-denfants"],"jetpack_publicize_connections":[],"jetpack_featured_media_url":"","jetpack_sharing_enabled":true,"jetpack_shortlink":"https:\/\/wp.me\/p4ndNg-ln","_links":{"self":[{"href":"https:\/\/www.francais-d-allemagne.eu\/nord\/wp-json\/wp\/v2\/posts\/1325","targetHints":{"allow":["GET"]}}],"collection":[{"href":"https:\/\/www.francais-d-allemagne.eu\/nord\/wp-json\/wp\/v2\/posts"}],"about":[{"href":"https:\/\/www.francais-d-allemagne.eu\/nord\/wp-json\/wp\/v2\/types\/post"}],"author":[{"embeddable":true,"href":"https:\/\/www.francais-d-allemagne.eu\/nord\/wp-json\/wp\/v2\/users\/3"}],"replies":[{"embeddable":true,"href":"https:\/\/www.francais-d-allemagne.eu\/nord\/wp-json\/wp\/v2\/comments?post=1325"}],"version-history":[{"count":4,"href":"https:\/\/www.francais-d-allemagne.eu\/nord\/wp-json\/wp\/v2\/posts\/1325\/revisions"}],"predecessor-version":[{"id":1335,"href":"https:\/\/www.francais-d-allemagne.eu\/nord\/wp-json\/wp\/v2\/posts\/1325\/revisions\/1335"}],"wp:attachment":[{"href":"https:\/\/www.francais-d-allemagne.eu\/nord\/wp-json\/wp\/v2\/media?parent=1325"}],"wp:term":[{"taxonomy":"category","embeddable":true,"href":"https:\/\/www.francais-d-allemagne.eu\/nord\/wp-json\/wp\/v2\/categories?post=1325"},{"taxonomy":"post_tag","embeddable":true,"href":"https:\/\/www.francais-d-allemagne.eu\/nord\/wp-json\/wp\/v2\/tags?post=1325"}],"curies":[{"name":"wp","href":"https:\/\/api.w.org\/{rel}","templated":true}]}}