{"id":1368,"date":"2014-10-08T15:55:37","date_gmt":"2014-10-08T14:55:37","guid":{"rendered":"http:\/\/www.francais-d-allemagne.eu\/nord\/?p=1368"},"modified":"2014-10-08T16:20:10","modified_gmt":"2014-10-08T15:20:10","slug":"fin-de-la-double-comparition","status":"publish","type":"post","link":"https:\/\/www.francais-d-allemagne.eu\/nord\/2014\/10\/08\/fin-de-la-double-comparition\/","title":{"rendered":"Fin de la double comparution"},"content":{"rendered":"<div class=\"embed-twitter\">\n<blockquote class=\"twitter-tweet\" data-width=\"500\" data-dnt=\"true\">\n<p lang=\"fr\" dir=\"ltr\">Fin de la double comparution : les passeports bient\u00f4t adress\u00e9s directement \u00e0 domicile dans de nbx pays pour ceux qui le d\u00e9sirent <a href=\"https:\/\/twitter.com\/hashtag\/DirectAFE?src=hash&amp;ref_src=twsrc%5Etfw\">#DirectAFE<\/a><\/p>\n<p>&mdash; Matthias Fekl (@MatthiasFekl) <a href=\"https:\/\/twitter.com\/MatthiasFekl\/status\/519412708299788288?ref_src=twsrc%5Etfw\">October 7, 2014<\/a><\/p><\/blockquote>\n<p><script async src=\"https:\/\/platform.twitter.com\/widgets.js\" charset=\"utf-8\"><\/script><\/div>\n<p>Matthias Fekl, secr\u00e9taire d&rsquo;\u00e9tat en charge des Fran\u00e7ais \u00e9tablis hors de France a annonc\u00e9 la fin prochaine de l&rsquo;obligation de double comparution pour les demandes de passeports. <\/p>\n<p>Une annonce faite lors de son discours cette semaine devant l&rsquo;assembl\u00e9e des Fran\u00e7ais de l&rsquo;\u00e9tranger r\u00e9unie en session pl\u00e9ni\u00e8re \u00e0 Paris.<\/p>\n<p>\u00c0 l&rsquo;avenir, cette innovation de service public, qui devrait se mettre en place rapidement permettra aux demandeurs qui le souhaitent de recevoir directement chez eux et par envoi par pli s\u00e9curis\u00e9 leur passeport. <\/p>\n<p>D&rsquo;autres pays tels l&rsquo;Allemagne en ont d\u00e9j\u00e0 fait l&rsquo;exp\u00e9rimentation.<\/p>\n<p>Une id\u00e9e simple mais efficace, qui rendra les demandes de passeport plus simples.<\/p>\n<p><em>NSI<\/em><\/p>\n","protected":false},"excerpt":{"rendered":"<p>Fin de la double comparution : les passeports bient\u00f4t adress\u00e9s directement \u00e0 domicile dans de nbx pays pour ceux qui le d\u00e9sirent #DirectAFE &mdash; Matthias Fekl (@MatthiasFekl) October 7, 2014 Matthias Fekl, secr\u00e9taire d&rsquo;\u00e9tat en charge des Fran\u00e7ais \u00e9tablis hors de France a annonc\u00e9 la fin prochaine de l&rsquo;obligation de double comparution pour les demandes [&hellip;]<\/p>\n","protected":false},"author":3,"featured_media":0,"comment_status":"closed","ping_status":"open","sticky":false,"template":"","format":"standard","meta":{"jetpack_post_was_ever_published":false,"_jetpack_newsletter_access":"","_jetpack_dont_email_post_to_subs":false,"_jetpack_newsletter_tier_id":0,"_jetpack_memberships_contains_paywalled_content":false,"_jetpack_memberships_contains_paid_content":false,"footnotes":"","jetpack_publicize_message":"","jetpack_publicize_feature_enabled":true,"jetpack_social_post_already_shared":true,"jetpack_social_options":{"image_generator_settings":{"template":"highway","default_image_id":0,"font":"","enabled":false},"version":2}},"categories":[79],"tags":[49,69,166,68],"class_list":["post-1368","post","type-post","status-publish","format-standard","hentry","category-demarches-2","tag-berlin","tag-demarches","tag-hambourg","tag-passeports"],"jetpack_publicize_connections":[],"jetpack_featured_media_url":"","jetpack_sharing_enabled":true,"jetpack_shortlink":"https:\/\/wp.me\/p4ndNg-m4","_links":{"self":[{"href":"https:\/\/www.francais-d-allemagne.eu\/nord\/wp-json\/wp\/v2\/posts\/1368","targetHints":{"allow":["GET"]}}],"collection":[{"href":"https:\/\/www.francais-d-allemagne.eu\/nord\/wp-json\/wp\/v2\/posts"}],"about":[{"href":"https:\/\/www.francais-d-allemagne.eu\/nord\/wp-json\/wp\/v2\/types\/post"}],"author":[{"embeddable":true,"href":"https:\/\/www.francais-d-allemagne.eu\/nord\/wp-json\/wp\/v2\/users\/3"}],"replies":[{"embeddable":true,"href":"https:\/\/www.francais-d-allemagne.eu\/nord\/wp-json\/wp\/v2\/comments?post=1368"}],"version-history":[{"count":3,"href":"https:\/\/www.francais-d-allemagne.eu\/nord\/wp-json\/wp\/v2\/posts\/1368\/revisions"}],"predecessor-version":[{"id":1371,"href":"https:\/\/www.francais-d-allemagne.eu\/nord\/wp-json\/wp\/v2\/posts\/1368\/revisions\/1371"}],"wp:attachment":[{"href":"https:\/\/www.francais-d-allemagne.eu\/nord\/wp-json\/wp\/v2\/media?parent=1368"}],"wp:term":[{"taxonomy":"category","embeddable":true,"href":"https:\/\/www.francais-d-allemagne.eu\/nord\/wp-json\/wp\/v2\/categories?post=1368"},{"taxonomy":"post_tag","embeddable":true,"href":"https:\/\/www.francais-d-allemagne.eu\/nord\/wp-json\/wp\/v2\/tags?post=1368"}],"curies":[{"name":"wp","href":"https:\/\/api.w.org\/{rel}","templated":true}]}}