{"id":1548,"date":"2014-12-08T12:49:50","date_gmt":"2014-12-08T11:49:50","guid":{"rendered":"http:\/\/www.francais-d-allemagne.eu\/nord\/?p=1548"},"modified":"2014-12-13T02:48:42","modified_gmt":"2014-12-13T01:48:42","slug":"bourse-aux-livres-a-la-maison-de-france","status":"publish","type":"post","link":"https:\/\/www.francais-d-allemagne.eu\/nord\/2014\/12\/08\/bourse-aux-livres-a-la-maison-de-france\/","title":{"rendered":"Bourse aux livres \u00e0 la Maison de France"},"content":{"rendered":"<p><a href=\"http:\/\/www.institutfrancais.de\/berlin%20\" target=\"_blank\" style=\"text-decoration:none\">L&rsquo;Institut fran\u00e7ais de Berlin<\/a> organise <\/p>\n<p><em><strong>une Bourse aux livres<br \/>\nle samedi 13 d\u00e9cembre de 11h \u00e0 15h<br \/>\n\u00e0 la Maison de France<br \/>\nKurf\u00fcrstendam 211 | 10719 Berlin<br \/>\n<\/strong><\/em><\/p>\n<p><em>\u00ab\u00a0Nous avons effectu\u00e9 un tri important dans nos collections, plus d\u2019un millier de livres vous sont offerts. Vous pourrez emporter ceux de votre choix gratuitement. Toute contribution financi\u00e8re sera bienvenue afin d\u2019enrichir nos collections. En parall\u00e8le, les portes de la m\u00e9diath\u00e8que restent ouvertes aux horaires habituels. VENEZ NOMBREUX !\u00a0\u00bb<\/em><\/p>\n","protected":false},"excerpt":{"rendered":"<p>L&rsquo;Institut fran\u00e7ais de Berlin organise une Bourse aux livres le samedi 13 d\u00e9cembre de 11h \u00e0 15h \u00e0 la Maison de France Kurf\u00fcrstendam 211 | 10719 Berlin \u00ab\u00a0Nous avons effectu\u00e9 un tri important dans nos collections, plus d\u2019un millier de livres vous sont offerts. Vous pourrez emporter ceux de votre choix gratuitement. Toute contribution financi\u00e8re [&hellip;]<\/p>\n","protected":false},"author":3,"featured_media":0,"comment_status":"closed","ping_status":"open","sticky":false,"template":"","format":"standard","meta":{"jetpack_post_was_ever_published":false,"_jetpack_newsletter_access":"","_jetpack_dont_email_post_to_subs":false,"_jetpack_newsletter_tier_id":0,"_jetpack_memberships_contains_paywalled_content":false,"_jetpack_memberships_contains_paid_content":false,"footnotes":"","jetpack_publicize_message":"","jetpack_publicize_feature_enabled":true,"jetpack_social_post_already_shared":true,"jetpack_social_options":{"image_generator_settings":{"template":"highway","default_image_id":0,"font":"","enabled":false},"version":2}},"categories":[84],"tags":[49,91],"class_list":["post-1548","post","type-post","status-publish","format-standard","hentry","category-actualites","tag-berlin","tag-institut-francais"],"jetpack_publicize_connections":[],"jetpack_featured_media_url":"","jetpack_sharing_enabled":true,"jetpack_shortlink":"https:\/\/wp.me\/p4ndNg-oY","_links":{"self":[{"href":"https:\/\/www.francais-d-allemagne.eu\/nord\/wp-json\/wp\/v2\/posts\/1548","targetHints":{"allow":["GET"]}}],"collection":[{"href":"https:\/\/www.francais-d-allemagne.eu\/nord\/wp-json\/wp\/v2\/posts"}],"about":[{"href":"https:\/\/www.francais-d-allemagne.eu\/nord\/wp-json\/wp\/v2\/types\/post"}],"author":[{"embeddable":true,"href":"https:\/\/www.francais-d-allemagne.eu\/nord\/wp-json\/wp\/v2\/users\/3"}],"replies":[{"embeddable":true,"href":"https:\/\/www.francais-d-allemagne.eu\/nord\/wp-json\/wp\/v2\/comments?post=1548"}],"version-history":[{"count":5,"href":"https:\/\/www.francais-d-allemagne.eu\/nord\/wp-json\/wp\/v2\/posts\/1548\/revisions"}],"predecessor-version":[{"id":1559,"href":"https:\/\/www.francais-d-allemagne.eu\/nord\/wp-json\/wp\/v2\/posts\/1548\/revisions\/1559"}],"wp:attachment":[{"href":"https:\/\/www.francais-d-allemagne.eu\/nord\/wp-json\/wp\/v2\/media?parent=1548"}],"wp:term":[{"taxonomy":"category","embeddable":true,"href":"https:\/\/www.francais-d-allemagne.eu\/nord\/wp-json\/wp\/v2\/categories?post=1548"},{"taxonomy":"post_tag","embeddable":true,"href":"https:\/\/www.francais-d-allemagne.eu\/nord\/wp-json\/wp\/v2\/tags?post=1548"}],"curies":[{"name":"wp","href":"https:\/\/api.w.org\/{rel}","templated":true}]}}