{"id":1607,"date":"2015-01-08T15:31:44","date_gmt":"2015-01-08T14:31:44","guid":{"rendered":"http:\/\/www.francais-d-allemagne.eu\/nord\/?p=1607"},"modified":"2019-01-21T20:51:54","modified_gmt":"2019-01-21T19:51:54","slug":"securite-des-communautes-francaises-en-allemagne-du-nord","status":"publish","type":"post","link":"https:\/\/www.francais-d-allemagne.eu\/nord\/2015\/01\/08\/securite-des-communautes-francaises-en-allemagne-du-nord\/","title":{"rendered":"S\u00e9curit\u00e9 des communaut\u00e9s fran\u00e7aises en Allemagne du Nord"},"content":{"rendered":"<p>L&rsquo;ambassadeur de France a convoqu\u00e9 en urgence ce 8 janvier un comit\u00e9 de s\u00e9curit\u00e9 en y associant les \u00e9lus consulaires. Nous avions d&rsquo;ailleurs en d\u00e9but de matin\u00e9e demander la tenue d&rsquo;une telle r\u00e9union pr\u00e9vue par les textes. <\/p>\n<p>Nous avons pu faire part rapidement de nos sentiments face \u00e0 l&rsquo;attentat odieux \u00e0 la r\u00e9daction de Charlie Hebdo et rappeler notre disponibilt\u00e9 pour contribuer \u00e0 l&rsquo;information des communaut\u00e9s fran\u00e7aises dans notre circonscription en mati\u00e8re de s\u00e9curit\u00e9.<\/p>\n<p>Des mesures de s\u00e9curit\u00e9 ont d&rsquo;ores et d\u00e9j\u00e0 \u00e9t\u00e9 prises pour et\/ou par les institutions fran\u00e7aises :<\/p>\n<p>= La police allemande a, de sa propre initiative, doubl\u00e9 le dispositif de s\u00e9curit\u00e9 devant les acc\u00e8s \u00e0 l\u2019ambassade.<br \/>\n= L&rsquo;ambassade est en contact avec les consulats, les \u00e9coles du r\u00e9seau aefe et le r\u00e9seau culturel des Instituts fran\u00e7ais dans les diff\u00e9rentes villes d\u2019Allemagne o\u00f9, sur place, la police allemande est \u00e9galement sollicit\u00e9e.<br \/>\n= Des mesures de bon sens ont \u00e9t\u00e9 prises, pour \u00e9viter par exemple les attroupements devant les \u00e9tablissements scolaires.<br \/>\n= D&rsquo;autres r\u00e9unions ont ou auront lieu dans les prochaines heures afin d&rsquo;informer &#8211; sans cr\u00e9er de peurs &#8211;\u00a0 et de pouvoir rassurer chacun, notamment les communaut\u00e9s scolaires. Sur ce point, la situation des \u00e9tablissements franco-allemands ou de droit local a \u00e9t\u00e9 \u00e9voqu\u00e9e et l&rsquo;ambassade travaille \u00e9troitement avec les autorit\u00e9s allemandes.<\/p>\n<p>Dans la perspective de la tourn\u00e9e consulaire \u00e0 Hambourg du 13 janvier une r\u00e9flexion est en cours pour une surveillance renforc\u00e9e par la police.<\/p>\n<p>Une minute de silence a \u00e9t\u00e9 observ\u00e9e \u00e0 la suite de la r\u00e9union \u00e0 midi avec l&rsquo;ensemble des personnels de l&rsquo;ambassade.<\/p>\n<p>Un registre de condol\u00e9ance est \u00e0 disposition du public \u00e0 Berlin par l&rsquo;entr\u00e9e Wilhelmstr.69.<\/p>\n<p>La chanceli\u00e8re et le ministre f\u00e9d\u00e9ral des Affaires \u00e9trang\u00e8res sont venus \u00e0 12h15 en signer un autre.<\/p>\n<p>\u00c0 l&rsquo;heure actuelle la situation est calme et toutes mesures n\u00e9cessaires pourront \u00eatre prises et\/ou annonc\u00e9es ult\u00e9rieurement lors d&rsquo;un autre comit\u00e9 de s\u00e9curit\u00e9.<\/p>\n<p><em>PLU<\/em><\/p>\n","protected":false},"excerpt":{"rendered":"<p>L&rsquo;ambassadeur de France a convoqu\u00e9 en urgence ce 8 janvier un comit\u00e9 de s\u00e9curit\u00e9 en y associant les \u00e9lus consulaires. Nous avions d&rsquo;ailleurs en d\u00e9but de matin\u00e9e demander la tenue d&rsquo;une telle r\u00e9union pr\u00e9vue par les textes. Nous avons pu faire part rapidement de nos sentiments face \u00e0 l&rsquo;attentat odieux \u00e0 la r\u00e9daction de Charlie [&hellip;]<\/p>\n","protected":false},"author":3,"featured_media":0,"comment_status":"closed","ping_status":"open","sticky":false,"template":"","format":"standard","meta":{"jetpack_post_was_ever_published":false,"_jetpack_newsletter_access":"","_jetpack_dont_email_post_to_subs":false,"_jetpack_newsletter_tier_id":0,"_jetpack_memberships_contains_paywalled_content":false,"_jetpack_memberships_contains_paid_content":false,"footnotes":"","jetpack_publicize_message":"","jetpack_publicize_feature_enabled":true,"jetpack_social_post_already_shared":true,"jetpack_social_options":{"image_generator_settings":{"template":"highway","default_image_id":0,"font":"","enabled":false},"version":2}},"categories":[84],"tags":[65],"class_list":["post-1607","post","type-post","status-publish","format-standard","hentry","category-actualites","tag-conseil-consulaire"],"jetpack_publicize_connections":[],"jetpack_featured_media_url":"","jetpack_sharing_enabled":true,"jetpack_shortlink":"https:\/\/wp.me\/p4ndNg-pV","_links":{"self":[{"href":"https:\/\/www.francais-d-allemagne.eu\/nord\/wp-json\/wp\/v2\/posts\/1607","targetHints":{"allow":["GET"]}}],"collection":[{"href":"https:\/\/www.francais-d-allemagne.eu\/nord\/wp-json\/wp\/v2\/posts"}],"about":[{"href":"https:\/\/www.francais-d-allemagne.eu\/nord\/wp-json\/wp\/v2\/types\/post"}],"author":[{"embeddable":true,"href":"https:\/\/www.francais-d-allemagne.eu\/nord\/wp-json\/wp\/v2\/users\/3"}],"replies":[{"embeddable":true,"href":"https:\/\/www.francais-d-allemagne.eu\/nord\/wp-json\/wp\/v2\/comments?post=1607"}],"version-history":[{"count":2,"href":"https:\/\/www.francais-d-allemagne.eu\/nord\/wp-json\/wp\/v2\/posts\/1607\/revisions"}],"predecessor-version":[{"id":1609,"href":"https:\/\/www.francais-d-allemagne.eu\/nord\/wp-json\/wp\/v2\/posts\/1607\/revisions\/1609"}],"wp:attachment":[{"href":"https:\/\/www.francais-d-allemagne.eu\/nord\/wp-json\/wp\/v2\/media?parent=1607"}],"wp:term":[{"taxonomy":"category","embeddable":true,"href":"https:\/\/www.francais-d-allemagne.eu\/nord\/wp-json\/wp\/v2\/categories?post=1607"},{"taxonomy":"post_tag","embeddable":true,"href":"https:\/\/www.francais-d-allemagne.eu\/nord\/wp-json\/wp\/v2\/tags?post=1607"}],"curies":[{"name":"wp","href":"https:\/\/api.w.org\/{rel}","templated":true}]}}