{"id":1645,"date":"2015-02-09T15:00:09","date_gmt":"2015-02-09T14:00:09","guid":{"rendered":"http:\/\/www.francais-d-allemagne.eu\/nord\/?p=1645"},"modified":"2017-01-08T15:59:44","modified_gmt":"2017-01-08T14:59:44","slug":"une-application-smartphone-carte-europeenne-dassurance-maladie","status":"publish","type":"post","link":"https:\/\/www.francais-d-allemagne.eu\/nord\/2015\/02\/09\/une-application-smartphone-carte-europeenne-dassurance-maladie\/","title":{"rendered":"Une application smartphone \u00ab\u00a0Carte europ\u00e9enne d&rsquo;assurance maladie\u00a0\u00bb"},"content":{"rendered":"<p>Pour rendre plus simple et plus transparent l\u2019usage de la Carte europ\u00e9enne d\u2019assurance maladie (CEAM), une application gratuite de la Commission europ\u00e9enne est d\u00e9sormais disponible en 24 langues sur <a style=\"text-decoration: none;\" href=\"https:\/\/appsto.re\/fr\/XQtYE.i\">App Store<\/a>, Google Play et Windows Markeplace.<\/p>\n<p>La CEAM vous donne acc\u00e8s \u00e0 d\u2019informations utiles et permet de consulter des modes d&#8217;emploi sur la carte en elle-m\u00eame, les num\u00e9ros d\u2019urgence, les traitements couverts, les co\u00fbts, les remboursements et \u00e0 qui s\u2019adresser en cas de perte de la carte.<\/p>\n<p>Elle n&rsquo;est pas t\u00e9l\u00e9chargable sur cette application. Elle est d\u00e9livr\u00e9e gratuitement par les caisses d&rsquo;assurance maladie allemandes.<\/p>\n<p>Elle vous permet, si vous avez besoin de soins ou de m\u00e9dicaments dans un des pays membre de l\u2019Union Europ\u00e9enne, l\u2019Islande, le Liechtenstein, la Norv\u00e8ge et la Suisse, de b\u00e9n\u00e9ficier de la prise en charge de vos d\u00e9penses selon la r\u00e9glementation du pays dans lequel vous s\u00e9journez de fa\u00e7on temporaire.<\/p>\n<p><em>NSI<\/em><\/p>\n","protected":false},"excerpt":{"rendered":"<p>Pour rendre plus simple et plus transparent l\u2019usage de la Carte europ\u00e9enne d\u2019assurance maladie (CEAM), une application gratuite de la Commission europ\u00e9enne est d\u00e9sormais disponible en 24 langues sur App Store, Google Play et Windows Markeplace. La CEAM vous donne acc\u00e8s \u00e0 d\u2019informations utiles et permet de consulter des modes d&#8217;emploi sur la carte en [&hellip;]<\/p>\n","protected":false},"author":3,"featured_media":1643,"comment_status":"closed","ping_status":"open","sticky":false,"template":"","format":"standard","meta":{"jetpack_post_was_ever_published":false,"_jetpack_newsletter_access":"","_jetpack_dont_email_post_to_subs":false,"_jetpack_newsletter_tier_id":0,"_jetpack_memberships_contains_paywalled_content":false,"_jetpack_memberships_contains_paid_content":false,"footnotes":"","jetpack_publicize_message":"","jetpack_publicize_feature_enabled":true,"jetpack_social_post_already_shared":true,"jetpack_social_options":{"image_generator_settings":{"template":"highway","default_image_id":0,"font":"","enabled":false},"version":2}},"categories":[79],"tags":[96,95],"class_list":["post-1645","post","type-post","status-publish","format-standard","has-post-thumbnail","hentry","category-demarches-2","tag-europe","tag-sante"],"jetpack_publicize_connections":[],"jetpack_featured_media_url":"https:\/\/www.francais-d-allemagne.eu\/nord\/wp-content\/uploads\/sites\/2\/2015\/02\/IMG_1526.jpg","jetpack_sharing_enabled":true,"jetpack_shortlink":"https:\/\/wp.me\/p4ndNg-qx","_links":{"self":[{"href":"https:\/\/www.francais-d-allemagne.eu\/nord\/wp-json\/wp\/v2\/posts\/1645","targetHints":{"allow":["GET"]}}],"collection":[{"href":"https:\/\/www.francais-d-allemagne.eu\/nord\/wp-json\/wp\/v2\/posts"}],"about":[{"href":"https:\/\/www.francais-d-allemagne.eu\/nord\/wp-json\/wp\/v2\/types\/post"}],"author":[{"embeddable":true,"href":"https:\/\/www.francais-d-allemagne.eu\/nord\/wp-json\/wp\/v2\/users\/3"}],"replies":[{"embeddable":true,"href":"https:\/\/www.francais-d-allemagne.eu\/nord\/wp-json\/wp\/v2\/comments?post=1645"}],"version-history":[{"count":2,"href":"https:\/\/www.francais-d-allemagne.eu\/nord\/wp-json\/wp\/v2\/posts\/1645\/revisions"}],"predecessor-version":[{"id":2898,"href":"https:\/\/www.francais-d-allemagne.eu\/nord\/wp-json\/wp\/v2\/posts\/1645\/revisions\/2898"}],"wp:featuredmedia":[{"embeddable":true,"href":"https:\/\/www.francais-d-allemagne.eu\/nord\/wp-json\/wp\/v2\/media\/1643"}],"wp:attachment":[{"href":"https:\/\/www.francais-d-allemagne.eu\/nord\/wp-json\/wp\/v2\/media?parent=1645"}],"wp:term":[{"taxonomy":"category","embeddable":true,"href":"https:\/\/www.francais-d-allemagne.eu\/nord\/wp-json\/wp\/v2\/categories?post=1645"},{"taxonomy":"post_tag","embeddable":true,"href":"https:\/\/www.francais-d-allemagne.eu\/nord\/wp-json\/wp\/v2\/tags?post=1645"}],"curies":[{"name":"wp","href":"https:\/\/api.w.org\/{rel}","templated":true}]}}