{"id":1683,"date":"2015-02-05T16:00:58","date_gmt":"2015-02-05T15:00:58","guid":{"rendered":"http:\/\/www.francais-d-allemagne.eu\/nord\/?p=1683"},"modified":"2017-10-18T17:45:00","modified_gmt":"2017-10-18T16:45:00","slug":"kitas-et-jardins-denfants-en-allemagne-du-nord","status":"publish","type":"post","link":"https:\/\/www.francais-d-allemagne.eu\/nord\/2015\/02\/05\/kitas-et-jardins-denfants-en-allemagne-du-nord\/","title":{"rendered":"Kitas et Jardins d&rsquo;enfants en Allemagne du Nord"},"content":{"rendered":"<p>Un long travail de contacts et de mise \u00e0 jour a \u00e9t\u00e9 effectu\u00e9 depuis 2014 par vos \u00e9lus consulaires majoritaires.<\/p>\n<p>Voici une carte interactive qui vous permet de trouver les Kitas et jardins d&rsquo;enfants franco-allemands en Allemagne du Nord.<\/p>\n<div class=\"googlemaps\">\n\t\t\t\t<iframe loading=\"lazy\" width=\"640\" height=\"480\" frameborder=\"0\" scrolling=\"no\" marginheight=\"0\" marginwidth=\"0\"  src=\"https:\/\/maps.google.com\/maps\/d\/embed?mid=zkEeo243Iqgs.kF98Xc3ZAVh4\"><\/iframe>\n\t\t\t<\/div>\n<p>Vous pouvez \u00e9galement t\u00e9l\u00e9charger en suivant le lien ci-dessous la brochure qui recense l&rsquo;ensemble des Kitas et jardins d&rsquo;enfants franco-allemand-e-s en Allemagne du Nord.<\/p>\n<p><a style=\"text-decoration: none\" href=\"https:\/\/www.francais-d-allemagne.eu\/nord\/wp-content\/uploads\/sites\/2\/2015\/02\/Jardins-denfants-franco-allemands-circonscription-de-Berlin.pdf\">&gt; T\u00e9l\u00e9charger la brochure \u00ab\u00a0Jardins d&rsquo;enfants franco-allemands de la circonscription d&rsquo;Allemagne du Nord (Hambourg-Berlin)\u00a0\u00bb<\/a><\/p>\n","protected":false},"excerpt":{"rendered":"<p>Un long travail de contacts et de mise \u00e0 jour a \u00e9t\u00e9 effectu\u00e9 depuis 2014 par vos \u00e9lus consulaires majoritaires. Voici une carte interactive qui vous permet de trouver les Kitas et jardins d&rsquo;enfants franco-allemands en Allemagne du Nord. Vous pouvez \u00e9galement t\u00e9l\u00e9charger en suivant le lien ci-dessous la brochure qui recense l&rsquo;ensemble des Kitas [&hellip;]<\/p>\n","protected":false},"author":3,"featured_media":0,"comment_status":"closed","ping_status":"open","sticky":false,"template":"","format":"standard","meta":{"jetpack_post_was_ever_published":false,"_jetpack_newsletter_access":"","_jetpack_dont_email_post_to_subs":false,"_jetpack_newsletter_tier_id":0,"_jetpack_memberships_contains_paywalled_content":false,"_jetpack_memberships_contains_paid_content":false,"footnotes":"","jetpack_publicize_message":"","jetpack_publicize_feature_enabled":true,"jetpack_social_post_already_shared":true,"jetpack_social_options":{"image_generator_settings":{"template":"highway","default_image_id":0,"font":"","enabled":false},"version":2}},"categories":[77],"tags":[97,44,72],"class_list":["post-1683","post","type-post","status-publish","format-standard","hentry","category-education-2","tag-bilinguisme","tag-education","tag-jardins-denfants"],"jetpack_publicize_connections":[],"jetpack_featured_media_url":"","jetpack_sharing_enabled":true,"jetpack_shortlink":"https:\/\/wp.me\/p4ndNg-r9","_links":{"self":[{"href":"https:\/\/www.francais-d-allemagne.eu\/nord\/wp-json\/wp\/v2\/posts\/1683","targetHints":{"allow":["GET"]}}],"collection":[{"href":"https:\/\/www.francais-d-allemagne.eu\/nord\/wp-json\/wp\/v2\/posts"}],"about":[{"href":"https:\/\/www.francais-d-allemagne.eu\/nord\/wp-json\/wp\/v2\/types\/post"}],"author":[{"embeddable":true,"href":"https:\/\/www.francais-d-allemagne.eu\/nord\/wp-json\/wp\/v2\/users\/3"}],"replies":[{"embeddable":true,"href":"https:\/\/www.francais-d-allemagne.eu\/nord\/wp-json\/wp\/v2\/comments?post=1683"}],"version-history":[{"count":6,"href":"https:\/\/www.francais-d-allemagne.eu\/nord\/wp-json\/wp\/v2\/posts\/1683\/revisions"}],"predecessor-version":[{"id":3394,"href":"https:\/\/www.francais-d-allemagne.eu\/nord\/wp-json\/wp\/v2\/posts\/1683\/revisions\/3394"}],"wp:attachment":[{"href":"https:\/\/www.francais-d-allemagne.eu\/nord\/wp-json\/wp\/v2\/media?parent=1683"}],"wp:term":[{"taxonomy":"category","embeddable":true,"href":"https:\/\/www.francais-d-allemagne.eu\/nord\/wp-json\/wp\/v2\/categories?post=1683"},{"taxonomy":"post_tag","embeddable":true,"href":"https:\/\/www.francais-d-allemagne.eu\/nord\/wp-json\/wp\/v2\/tags?post=1683"}],"curies":[{"name":"wp","href":"https:\/\/api.w.org\/{rel}","templated":true}]}}