{"id":1843,"date":"2015-04-01T09:31:40","date_gmt":"2015-04-01T08:31:40","guid":{"rendered":"http:\/\/www.francais-d-allemagne.eu\/nord\/?p=1843"},"modified":"2019-01-21T20:37:17","modified_gmt":"2019-01-21T19:37:17","slug":"session-afe-mars-2015","status":"publish","type":"post","link":"https:\/\/www.francais-d-allemagne.eu\/nord\/2015\/04\/01\/session-afe-mars-2015\/","title":{"rendered":"Session pl\u00e9ni\u00e8re de l&rsquo;AFE (mars 2015)"},"content":{"rendered":"<p>&nbsp;<\/p>\n<p>Du 16 au 20 mars se tenait \u00e0 Paris la session pl\u00e9ni\u00e8re de l&rsquo;Assembl\u00e9e des Fran\u00e7ais de l&rsquo;\u00e9tranger (AFE). L&rsquo;occasion pour les conseillers \u00e0 l&rsquo;AFE de faire avancer un certain nombre de probl\u00e9matiques.<\/p>\n<p>Ce qu&rsquo;il faut retenir de cette session en quelques points.<\/p>\n<p><strong>Action consulaire<\/strong><br \/>\nLa r\u00e9duction du p\u00e9rim\u00e8tre consulaire est un sujet qui pr\u00e9occupe les Fran\u00e7ais \u00e9tablis hors de France. En r\u00e9ponse aux nombreuses questions \u00e9crites comme orales des conseillers AFE.<\/p>\n<p>M. Christophe Bouchard, Directeur de l\u2019administration consulaire s\u2019est exprim\u00e9 sur ce sujet.<\/p>\n<p>Il propose trois mesures pour <strong><em>moderniser l\u2019action consulaire<\/em><\/strong>\u00a0:<\/p>\n<p style=\"padding-left: 30px\">&#8211; la <strong><em>gestion en ligne des<\/em><\/strong> <strong><em>inscriptions au registre<\/em><\/strong> des Fran\u00e7ais \u00e9tablis hors de France<br \/>\n&#8211; la mise en place d\u2019un <em><strong>registre \u00e9lectronique d\u2019\u00e9tat civil<\/strong> <\/em>en lien avec le Minist\u00e8re de la Justice<br \/>\n&#8211; enfin, l\u2019<strong><em>am\u00e9lioration de la communication<\/em><\/strong> du r\u00e9seau consulaire \u00e0 l\u2019attention des Fran\u00e7ais<\/p>\n<p>Une autre d\u00e9marche consiste \u00e0 <strong><em>poursuivre les efforts de simplification <\/em><\/strong>:<\/p>\n<p style=\"padding-left: 30px\">&#8211; <strong><em>fin de l&rsquo;obligation de double comparution<\/em><\/strong> pour les demandes de passeports en 2015<br \/>\n&#8211; les <strong><em>actes d\u2019\u00e9tat civil notari\u00e9s<\/em><\/strong> pourront d\u00e9sormais \u00eatre directement \u00e9chang\u00e9s entre notaires et administration consulaire<\/p>\n<p>Enfin, il s&rsquo;agit de faciliter l&rsquo;<strong><em>exercice de la citoyennet\u00e9<\/em><br \/>\n<\/strong><\/p>\n<p style=\"padding-left: 30px\">&#8211; en clarifiant le lien entre inscription au registre des Fran\u00e7ais \u00e9tablis hors de France et liste \u00e9lectorale consulaire<br \/>\n&#8211; en d\u00e9mat\u00e9rialisant <strong><em>l\u2019envoi des procurations<\/em><\/strong> du poste consulaire vers les bureaux de vote fran\u00e7ais<br \/>\n&#8211; et <strong><em>en am\u00e9liorant la solution de vote en ligne \u00e0 l\u2019horizon 2017<\/em> <\/strong><\/p>\n<p><b>Emploi et formation professionnelle<\/b><br \/>\n<strong><em>Mme Anne Henry-Werner<\/em><\/strong>, conseill\u00e8re consulaire \u00e9lue (Francfort) et conseill\u00e8re AFE pour l\u2019Allemagne, Autriche, Slovaquie, Slov\u00e9nie et Suisse a pos\u00e9 une question orale concernant l&#8217;emploi et la formation professionnelle.<\/p>\n<p>Suite \u00e0 la <strong><em>suppression de la ligne budg\u00e9taire \u00ab\u00a0Emploi et formation\u00a0\u00bb<\/em> <\/strong>par le Parlement, certaines structures d\u2019aide \u00e0 l\u2019insertion professionnelle de Fran\u00e7ais de l\u2019\u00e9tranger risquent de dispara\u00eetre faute de financement. Une suppression en contradiction compl\u00e8te avec la priorit\u00e9 gouvernementale et nationale de soutien \u00e0 l\u2019emploi.<\/p>\n<p>En r\u00e9ponse \u00e0 cette question, le Minist\u00e8re des Affaires \u00c9trang\u00e8res a annonc\u00e9 son intention de d\u00e9bloquer des fonds pour aider les 22 organismes d\u2019aide \u00e0 l\u2019emploi et \u00e0 la formation professionnelle des Fran\u00e7ais de l&rsquo;\u00c9tranger. L&rsquo;objectif est d&rsquo;accompagner leur d\u00e9veloppement et de leur donner les ressources n\u00e9cessaires pour atteindre l&rsquo;auto-suffisance financi\u00e8re.<\/p>\n<p>Concernant la r\u00e9forme de r\u00e9gionalisation de la <em><strong>formation professionnelle<\/strong><\/em> le nouveau dispositif pr\u00e9voit que les Fran\u00e7ais de l\u2019\u00e9tranger candidats \u00e0 une formation professionnelle en France s&rsquo;adressent, comme par le pass\u00e9, au consulat fran\u00e7ais comp\u00e9tent pour leur lieu de r\u00e9sidence.<\/p>\n<p>En savoir plus :<br \/>\n&#8211; <a style=\"text-decoration: none\" href=\"http:\/\/www.assemblee-afe.fr\/emploi-et-formation,1728.html\" target=\"_blank\" rel=\"noopener\">Question orale n\u00b012 de Mme\u00a0Anne HENRY-WERNER<\/a><br \/>\n&#8211; <a style=\"text-decoration: none\" href=\"http:\/\/www.assemblee-afe.fr\/22eme-session-de-l-afe-rapports.html\" target=\"_blank\" rel=\"noopener\">Rapports des travaux des commissions <\/a><\/p>\n","protected":false},"excerpt":{"rendered":"<p>&nbsp; Du 16 au 20 mars se tenait \u00e0 Paris la session pl\u00e9ni\u00e8re de l&rsquo;Assembl\u00e9e des Fran\u00e7ais de l&rsquo;\u00e9tranger (AFE). L&rsquo;occasion pour les conseillers \u00e0 l&rsquo;AFE de faire avancer un certain nombre de probl\u00e9matiques. Ce qu&rsquo;il faut retenir de cette session en quelques points. Action consulaire La r\u00e9duction du p\u00e9rim\u00e8tre consulaire est un sujet qui [&hellip;]<\/p>\n","protected":false},"author":3,"featured_media":1844,"comment_status":"closed","ping_status":"open","sticky":false,"template":"","format":"standard","meta":{"jetpack_post_was_ever_published":false,"_jetpack_newsletter_access":"","_jetpack_dont_email_post_to_subs":false,"_jetpack_newsletter_tier_id":0,"_jetpack_memberships_contains_paywalled_content":false,"_jetpack_memberships_contains_paid_content":false,"footnotes":"","jetpack_publicize_message":"","jetpack_publicize_feature_enabled":true,"jetpack_social_post_already_shared":true,"jetpack_social_options":{"image_generator_settings":{"template":"highway","default_image_id":0,"font":"","enabled":false},"version":2}},"categories":[84,82],"tags":[60],"class_list":["post-1843","post","type-post","status-publish","format-standard","has-post-thumbnail","hentry","category-actualites","category-conseil-consulaire-2","tag-assemblee-des-francais-de-letranger"],"jetpack_publicize_connections":[],"jetpack_featured_media_url":"https:\/\/www.francais-d-allemagne.eu\/nord\/wp-content\/uploads\/sites\/2\/2015\/03\/slideshow1.jpg","jetpack_sharing_enabled":true,"jetpack_shortlink":"https:\/\/wp.me\/p4ndNg-tJ","_links":{"self":[{"href":"https:\/\/www.francais-d-allemagne.eu\/nord\/wp-json\/wp\/v2\/posts\/1843","targetHints":{"allow":["GET"]}}],"collection":[{"href":"https:\/\/www.francais-d-allemagne.eu\/nord\/wp-json\/wp\/v2\/posts"}],"about":[{"href":"https:\/\/www.francais-d-allemagne.eu\/nord\/wp-json\/wp\/v2\/types\/post"}],"author":[{"embeddable":true,"href":"https:\/\/www.francais-d-allemagne.eu\/nord\/wp-json\/wp\/v2\/users\/3"}],"replies":[{"embeddable":true,"href":"https:\/\/www.francais-d-allemagne.eu\/nord\/wp-json\/wp\/v2\/comments?post=1843"}],"version-history":[{"count":8,"href":"https:\/\/www.francais-d-allemagne.eu\/nord\/wp-json\/wp\/v2\/posts\/1843\/revisions"}],"predecessor-version":[{"id":3882,"href":"https:\/\/www.francais-d-allemagne.eu\/nord\/wp-json\/wp\/v2\/posts\/1843\/revisions\/3882"}],"wp:featuredmedia":[{"embeddable":true,"href":"https:\/\/www.francais-d-allemagne.eu\/nord\/wp-json\/wp\/v2\/media\/1844"}],"wp:attachment":[{"href":"https:\/\/www.francais-d-allemagne.eu\/nord\/wp-json\/wp\/v2\/media?parent=1843"}],"wp:term":[{"taxonomy":"category","embeddable":true,"href":"https:\/\/www.francais-d-allemagne.eu\/nord\/wp-json\/wp\/v2\/categories?post=1843"},{"taxonomy":"post_tag","embeddable":true,"href":"https:\/\/www.francais-d-allemagne.eu\/nord\/wp-json\/wp\/v2\/tags?post=1843"}],"curies":[{"name":"wp","href":"https:\/\/api.w.org\/{rel}","templated":true}]}}