{"id":2013,"date":"2015-05-17T10:30:14","date_gmt":"2015-05-17T09:30:14","guid":{"rendered":"http:\/\/www.francais-d-allemagne.eu\/nord\/?p=2013"},"modified":"2017-01-08T15:40:57","modified_gmt":"2017-01-08T14:40:57","slug":"deplacement-a-kiel-14-05-2015","status":"publish","type":"post","link":"https:\/\/www.francais-d-allemagne.eu\/nord\/2015\/05\/17\/deplacement-a-kiel-14-05-2015\/","title":{"rendered":"D\u00e9placement \u00e0 Kiel (14.05.2015)"},"content":{"rendered":"<p>Je me suis rendu ce jeudi 14 mai \u00e0 Kiel dans le Schleswig-Holstein pour participer \u00e0 une r\u00e9union publique de notre d\u00e9put\u00e9 des fran\u00e7ais de l\u2019\u00e9tranger, Pierre-Yves Le Borgn\u2019.<\/p>\n<p>Cette r\u00e9union s\u2019est tenue au Centre culturel fran\u00e7ais de Kiel, o\u00f9 la directrice Catherine R\u00f6nnau nous a fait l\u2019honneur d\u2019ouvrir ses portes en ce jour f\u00e9ri\u00e9. Ce fut l\u2019occasion pour Pierre-Yves Le Borgn\u2019 de revenir sur les sujets les plus br\u00fblants de l\u2019actualit\u00e9 politique, notamment la suppression des classes bi-langues dans le cadre de la r\u00e9forme du coll\u00e8ge en France, \u00e0 laquelle il s\u2019oppose (voir cette <a style=\"text-decoration: none;\" href=\"http:\/\/issuu.com\/pierre-yvesleborgn\/docs\/tribune_classes_bilangues_les_echos\">Tribune publi\u00e9e dans les Echos<\/a>). Les Fran\u00e7ais-e-s pr\u00e9sent-e-s nous ont \u00e0 cet \u00e9gard fait part de leur grande inqui\u00e9tude et de leur incompr\u00e9hension, alors que le besoin d&rsquo;Europe est si grand !<\/p>\n<p>Cette r\u00e9union publique a \u00e9galement permis de revenir sur l\u2019action de notre d\u00e9put\u00e9 depuis le d\u00e9but de son mandat, et notamment d\u2019aborder les questions fiscales et sociales (CSG sur les revenus immobiliers des non-r\u00e9sidents, pr\u00e9l\u00e8vements sur les retraites compl\u00e9mentaires fran\u00e7aises en Allemagne, avenant \u00e0 la convention fiscale franco-allemande), ainsi que sur le service public consulaire et le droit de la famille (conflits d\u2019autorit\u00e9 parentale entre ex-couples franco-allemands et droit des successions).<\/p>\n<p>Je suis tr\u00e8s heureux de cet \u00e9change formidable et de la rencontre avec les Fran\u00e7ais \u00e9tablis \u00e0 Kiel comme de l\u2019int\u00e9r\u00eat qu\u2019ils portent \u00e0 l\u2019action de nos \u00e9lus.<\/p>\n<p><em>Nicolas Stallivieri<\/em><\/p>\n","protected":false},"excerpt":{"rendered":"<p>Je me suis rendu ce jeudi 14 mai \u00e0 Kiel dans le Schleswig-Holstein pour participer \u00e0 une r\u00e9union publique de notre d\u00e9put\u00e9 des fran\u00e7ais de l\u2019\u00e9tranger, Pierre-Yves Le Borgn\u2019. Cette r\u00e9union s\u2019est tenue au Centre culturel fran\u00e7ais de Kiel, o\u00f9 la directrice Catherine R\u00f6nnau nous a fait l\u2019honneur d\u2019ouvrir ses portes en ce jour f\u00e9ri\u00e9. [&hellip;]<\/p>\n","protected":false},"author":3,"featured_media":2014,"comment_status":"closed","ping_status":"open","sticky":false,"template":"","format":"standard","meta":{"jetpack_post_was_ever_published":false,"_jetpack_newsletter_access":"","_jetpack_dont_email_post_to_subs":false,"_jetpack_newsletter_tier_id":0,"_jetpack_memberships_contains_paywalled_content":false,"_jetpack_memberships_contains_paid_content":false,"footnotes":"","jetpack_publicize_message":"","jetpack_publicize_feature_enabled":true,"jetpack_social_post_already_shared":true,"jetpack_social_options":{"image_generator_settings":{"template":"highway","default_image_id":0,"font":"","enabled":false},"version":2}},"categories":[84,80],"tags":[130,9,50],"class_list":["post-2013","post","type-post","status-publish","format-standard","has-post-thumbnail","hentry","category-actualites","category-informations-citoyennes","tag-kiel","tag-pierre-yves-leborgn","tag-schleswig-holstein"],"jetpack_publicize_connections":[],"jetpack_featured_media_url":"https:\/\/www.francais-d-allemagne.eu\/nord\/wp-content\/uploads\/sites\/2\/2015\/05\/kiel.jpg","jetpack_sharing_enabled":true,"jetpack_shortlink":"https:\/\/wp.me\/p4ndNg-wt","_links":{"self":[{"href":"https:\/\/www.francais-d-allemagne.eu\/nord\/wp-json\/wp\/v2\/posts\/2013","targetHints":{"allow":["GET"]}}],"collection":[{"href":"https:\/\/www.francais-d-allemagne.eu\/nord\/wp-json\/wp\/v2\/posts"}],"about":[{"href":"https:\/\/www.francais-d-allemagne.eu\/nord\/wp-json\/wp\/v2\/types\/post"}],"author":[{"embeddable":true,"href":"https:\/\/www.francais-d-allemagne.eu\/nord\/wp-json\/wp\/v2\/users\/3"}],"replies":[{"embeddable":true,"href":"https:\/\/www.francais-d-allemagne.eu\/nord\/wp-json\/wp\/v2\/comments?post=2013"}],"version-history":[{"count":5,"href":"https:\/\/www.francais-d-allemagne.eu\/nord\/wp-json\/wp\/v2\/posts\/2013\/revisions"}],"predecessor-version":[{"id":2890,"href":"https:\/\/www.francais-d-allemagne.eu\/nord\/wp-json\/wp\/v2\/posts\/2013\/revisions\/2890"}],"wp:featuredmedia":[{"embeddable":true,"href":"https:\/\/www.francais-d-allemagne.eu\/nord\/wp-json\/wp\/v2\/media\/2014"}],"wp:attachment":[{"href":"https:\/\/www.francais-d-allemagne.eu\/nord\/wp-json\/wp\/v2\/media?parent=2013"}],"wp:term":[{"taxonomy":"category","embeddable":true,"href":"https:\/\/www.francais-d-allemagne.eu\/nord\/wp-json\/wp\/v2\/categories?post=2013"},{"taxonomy":"post_tag","embeddable":true,"href":"https:\/\/www.francais-d-allemagne.eu\/nord\/wp-json\/wp\/v2\/tags?post=2013"}],"curies":[{"name":"wp","href":"https:\/\/api.w.org\/{rel}","templated":true}]}}