{"id":2063,"date":"2015-06-10T11:13:03","date_gmt":"2015-06-10T10:13:03","guid":{"rendered":"http:\/\/www.francais-d-allemagne.eu\/nord\/?p=2063"},"modified":"2015-06-10T16:36:27","modified_gmt":"2015-06-10T15:36:27","slug":"conseil-consulaire-2-juin-2015","status":"publish","type":"post","link":"https:\/\/www.francais-d-allemagne.eu\/nord\/2015\/06\/10\/conseil-consulaire-2-juin-2015\/","title":{"rendered":"Compte rendu du Conseil Consulaire du 02 juin 2015"},"content":{"rendered":"<p><img loading=\"lazy\" decoding=\"async\" class=\"alignleft wp-image-2052 size-large\" src=\"https:\/\/www.francais-d-allemagne.eu\/nord\/wp-content\/uploads\/sites\/2\/2015\/06\/ambassade-pariser-platz-1024x790.jpg\" alt=\"ambassade-pariser-platz\" width=\"474\" height=\"365\" srcset=\"https:\/\/www.francais-d-allemagne.eu\/nord\/wp-content\/uploads\/sites\/2\/2015\/06\/ambassade-pariser-platz-1024x790.jpg 1024w, https:\/\/www.francais-d-allemagne.eu\/nord\/wp-content\/uploads\/sites\/2\/2015\/06\/ambassade-pariser-platz-300x231.jpg 300w, https:\/\/www.francais-d-allemagne.eu\/nord\/wp-content\/uploads\/sites\/2\/2015\/06\/ambassade-pariser-platz.jpg 1743w\" sizes=\"auto, (max-width: 474px) 100vw, 474px\" \/><br \/>\n<br style=\"clear: both\"><br \/>\nLe 2 juin dernier s&rsquo;est tenu \u00e0 l&rsquo;Ambassade de France \u00e0 Berlin un <strong>Conseil consulaire<\/strong> pr\u00e9sid\u00e9 par M. Philippe Etienne, Ambassadeur de France. Plusieurs points essentiels au bon fonctionnement des services consulaires y ont \u00e9t\u00e9 abord\u00e9s.<\/p>\n<p>Au del\u00e0 des pol\u00e9miques sur la r\u00e9forme du coll\u00e8ge, qui \u00e0 notre sens ne devraient pas d\u00e9tourner plus que n\u00e9cessaire le conseil consulaire de son travail, nous retenons les \u00e9l\u00e9ments suivants :<\/p>\n<p><strong><span style=\"color: #e50140\">Affaires consulaires \u00e0 Hambourg<\/span><\/strong><br \/>\nLes tourn\u00e9es sont d\u00e9sormais organis\u00e9es au rythme d&rsquo;une tourn\u00e9e toutes les 4 semaines contre une toutes les 6 semaines jusqu&rsquo;en ao\u00fbt 2014. C&rsquo;est un progr\u00e8s certain, bien qu&rsquo;insuffisant.<\/p>\n<p>Le dispositif mobile de relev\u00e9 d&#8217;empreintes biom\u00e9triques pour les demandes de passeports a montr\u00e9 son incapacit\u00e9 \u00e0 satisfaire une demande tr\u00e8s forte. Nous l&rsquo;avions d\u00e9j\u00e0 tr\u00e8s clairement dit au secr\u00e9taire d&rsquo;\u00c9tat aux Fran\u00e7ais de l&rsquo;\u00e9tranger lors de sa visite \u00e0 Berlin le 2 octobre 2014. Les pannes permanentes de l&rsquo;\u00e9quipement \u00ab\u00a0itinera\u00a0\u00bb d\u00e9couragent les personnels en charge de sa manipulation et les Fran\u00e7ais qui doivent repartir sans avoir pu effectuer leur d\u00e9marche avec succ\u00e8s. <strong><em>Nous avons formul\u00e9 pour le consulat de Hambourg une demande de poste biom\u00e9trique fixe.<\/em> <\/strong>Monsieur l&rsquo;Ambassadeur et Madame la consule pr\u00e9senteront cette demande au Minist\u00e8re. Selon nous, un \u00e9quipement fixe augmenterait l&rsquo;efficacit\u00e9 des tourn\u00e9es.<\/p>\n<p><strong><span style=\"color: #e50140\">Institut Fran\u00e7ais \u00e0 Hambourg<\/span><\/strong><br \/>\nSuite \u00e0 notre question, il a \u00e9t\u00e9 confirm\u00e9 qu&rsquo;aucun poste ne serait supprim\u00e9. Ainsi, les d\u00e9parts en 2015 seront compens\u00e9s et un nouveau secr\u00e9taire g\u00e9n\u00e9ral rejoindra l&rsquo;Institut \u00e0 la rentr\u00e9e.<\/p>\n<p><strong><em>Nous avons insist\u00e9 sur la re-convivialisation et la r\u00e9-humanisation de l&rsquo;accueil de l&rsquo;Institut. Cela nous semble \u00eatre un chantier prioritaire sur lequel l&rsquo;Ambassade comme l&rsquo;Institut doivent se mobiliser.<\/em> <\/strong>Esp\u00e9rons une r\u00e9alisation concr\u00e8te \u00e0 tr\u00e8s court terme. La situation actuelle ne permet ni un accueil professionnel des publics ni d&rsquo;ailleurs de satisfaire aux contraintes de s\u00e9curit\u00e9.<\/p>\n<p><strong><span style=\"color: #e50140\">Coop\u00e9ration Universitaire<\/span><\/strong><br \/>\nAlors qu&rsquo;elle souffre d&rsquo;un manque d&rsquo;\u00e9lan certain suite \u00e0 la suppression du poste d&rsquo;attach\u00e9 universitaire, la coop\u00e9ration \u00e0 Hambourg doit conna\u00eetre une nouvelle dynamique et \u00eatre renforc\u00e9e.<\/p>\n<p><strong><span style=\"color: #e50140\">\u00c9conomie<\/span><\/strong><br \/>\nIl a \u00e9t\u00e9 convenu qu&rsquo;une liste d&rsquo;interlocuteurs conscients des r\u00e9alit\u00e9s de terrain et sp\u00e9cialistes de l&rsquo;accompagnement des TPE-PME, des auto-entrepreneurs et des Start-Ups au sein du r\u00e9seau allemand de Business France sera remise aux conseillers consulaires pour orientation des agents \u00e9conomiques locaux. Nous avons demand\u00e9 \u00e0 \u00eatre plus fr\u00e9quemment inform\u00e9s !<\/p>\n<p><strong><span style=\"color: #e50140\">Rapport d&rsquo;activit\u00e9 annuel du poste consulaire<\/span><\/strong><br \/>\nPr\u00e9vu par les textes, ce rapport a \u00e9t\u00e9 pr\u00e9sent\u00e9 pour la 1\u00e8re fois aux conseillers. Nous sommes autoris\u00e9s \u00e0 \u00e9mettre un avis. Aussi, nous le ferons officiellement lors d&rsquo;une prochaine r\u00e9union et nous publierons cet avis.<\/p>\n","protected":false},"excerpt":{"rendered":"<p>Le 2 juin dernier s&rsquo;est tenu \u00e0 l&rsquo;Ambassade de France \u00e0 Berlin un Conseil consulaire pr\u00e9sid\u00e9 par M. Philippe Etienne, Ambassadeur de France. Plusieurs points essentiels au bon fonctionnement des services consulaires y ont \u00e9t\u00e9 abord\u00e9s. Au del\u00e0 des pol\u00e9miques sur la r\u00e9forme du coll\u00e8ge, qui \u00e0 notre sens ne devraient pas d\u00e9tourner plus que [&hellip;]<\/p>\n","protected":false},"author":3,"featured_media":0,"comment_status":"closed","ping_status":"open","sticky":false,"template":"","format":"standard","meta":{"jetpack_post_was_ever_published":false,"_jetpack_newsletter_access":"","_jetpack_dont_email_post_to_subs":false,"_jetpack_newsletter_tier_id":0,"_jetpack_memberships_contains_paywalled_content":false,"_jetpack_memberships_contains_paid_content":false,"footnotes":"","jetpack_publicize_message":"Compte rendu du Conseil Consulaire du 02 juin 2015 - Le 2 juin dernier s'est tenu \u00e0 l'Ambassade de France \u00e0 Berlin un Conseil consulaire pr\u00e9sid\u00e9 par M. Philippe Etienne, Ambassadeur de France. Plusieurs points essentiels au bon fonctionnement des services consulaires y ont \u00e9t\u00e9 abord\u00e9s. http:\/\/wp.me\/p4ndNg-xh","jetpack_publicize_feature_enabled":true,"jetpack_social_post_already_shared":true,"jetpack_social_options":{"image_generator_settings":{"template":"highway","default_image_id":0,"font":"","enabled":false},"version":2}},"categories":[82],"tags":[65],"class_list":["post-2063","post","type-post","status-publish","format-standard","hentry","category-conseil-consulaire-2","tag-conseil-consulaire"],"jetpack_publicize_connections":[],"jetpack_featured_media_url":"","jetpack_sharing_enabled":true,"jetpack_shortlink":"https:\/\/wp.me\/p4ndNg-xh","_links":{"self":[{"href":"https:\/\/www.francais-d-allemagne.eu\/nord\/wp-json\/wp\/v2\/posts\/2063","targetHints":{"allow":["GET"]}}],"collection":[{"href":"https:\/\/www.francais-d-allemagne.eu\/nord\/wp-json\/wp\/v2\/posts"}],"about":[{"href":"https:\/\/www.francais-d-allemagne.eu\/nord\/wp-json\/wp\/v2\/types\/post"}],"author":[{"embeddable":true,"href":"https:\/\/www.francais-d-allemagne.eu\/nord\/wp-json\/wp\/v2\/users\/3"}],"replies":[{"embeddable":true,"href":"https:\/\/www.francais-d-allemagne.eu\/nord\/wp-json\/wp\/v2\/comments?post=2063"}],"version-history":[{"count":4,"href":"https:\/\/www.francais-d-allemagne.eu\/nord\/wp-json\/wp\/v2\/posts\/2063\/revisions"}],"predecessor-version":[{"id":2073,"href":"https:\/\/www.francais-d-allemagne.eu\/nord\/wp-json\/wp\/v2\/posts\/2063\/revisions\/2073"}],"wp:attachment":[{"href":"https:\/\/www.francais-d-allemagne.eu\/nord\/wp-json\/wp\/v2\/media?parent=2063"}],"wp:term":[{"taxonomy":"category","embeddable":true,"href":"https:\/\/www.francais-d-allemagne.eu\/nord\/wp-json\/wp\/v2\/categories?post=2063"},{"taxonomy":"post_tag","embeddable":true,"href":"https:\/\/www.francais-d-allemagne.eu\/nord\/wp-json\/wp\/v2\/tags?post=2063"}],"curies":[{"name":"wp","href":"https:\/\/api.w.org\/{rel}","templated":true}]}}