{"id":2083,"date":"2015-06-25T17:00:12","date_gmt":"2015-06-25T16:00:12","guid":{"rendered":"http:\/\/www.francais-d-allemagne.eu\/nord\/?p=2083"},"modified":"2015-06-25T21:43:37","modified_gmt":"2015-06-25T20:43:37","slug":"double-comparution-update","status":"publish","type":"post","link":"https:\/\/www.francais-d-allemagne.eu\/nord\/2015\/06\/25\/double-comparution-update\/","title":{"rendered":"Simplification de la d\u00e9livrance des passeports"},"content":{"rendered":"<p><img loading=\"lazy\" decoding=\"async\" class=\"aligncenter wp-image-2086 size-medium\" src=\"https:\/\/www.francais-d-allemagne.eu\/nord\/wp-content\/uploads\/sites\/2\/2015\/06\/passeport-300x199.jpg\" alt=\"passeport\" width=\"300\" height=\"199\" srcset=\"https:\/\/www.francais-d-allemagne.eu\/nord\/wp-content\/uploads\/sites\/2\/2015\/06\/passeport-300x199.jpg 300w, https:\/\/www.francais-d-allemagne.eu\/nord\/wp-content\/uploads\/sites\/2\/2015\/06\/passeport.jpg 520w\" sizes=\"auto, (max-width: 300px) 100vw, 300px\" \/><\/p>\n<p><strong>Le 19 juin<\/strong>, le Gouvernement a pris un d\u00e9cret simplifiant la d\u00e9livrance des passeports. Tr\u00e8s attendu, ce texte pr\u00e9voit notamment la <strong>suppression de l\u2019obligation de comparution personnelle pour la remise du passeport<\/strong>.<\/p>\n<p><strong>Concr\u00e8tement<\/strong>, les usagers inscrits au registre des Fran\u00e7ais \u00e9tablis hors de France pourront, s\u2019ils le souhaitent, se faire adresser, \u00e0 leurs frais, leur passeport par pli s\u00e9curis\u00e9. Ainsi, les Fran\u00e7ais \u00e9tablis loin d&rsquo;un consulat ou dans la circonscription d&rsquo;un consulat n&rsquo;offrant plus de services consulaires en dehors des tourn\u00e9es mensuelles, comme c&rsquo;est le cas \u00e0 Hambourg, pourront-ils <strong>faire l&rsquo;\u00e9conomie d&rsquo;un d\u00e9placement pour obtenir leur nouveau passeport<\/strong>.<\/p>\n<p>La liste des pays concern\u00e9s ainsi que <strong>les modalit\u00e9s de l\u2019envoi postal s\u00e9curis\u00e9 et de restitution de l\u2019ancien passeport doivent encore \u00eatre pr\u00e9cis\u00e9es par un arr\u00eat\u00e9<\/strong> conjoint du ministre des Affaires \u00e9trang\u00e8res et du ministre de l\u2019Int\u00e9rieur. Il importe que ce dernier soit rapidement publi\u00e9 afin que le nouveau dispositif puisse <strong>\u00eatre op\u00e9rationnel d\u00e8s cette ann\u00e9e<\/strong>. En esp\u00e9rant \u00e9galement que les dites modalit\u00e9s soient suffisamment simples, tant pour les usagers que pour nos consulats !<\/p>\n<p>Vous pouvez prendre connaissance du d\u00e9cret en cliquant <a style=\"text-decoration: none\" href=\"http:\/\/legifrance.gouv.fr\/jopdf\/common\/jo_pdf.jsp?numJO=0&amp;dateJO=20150621&amp;numTexte=35&amp;pageDebut=10239&amp;pageFin=10242\" target=\"_blank\">ici<\/a>.<\/p>\n","protected":false},"excerpt":{"rendered":"<p>Le 19 juin, le Gouvernement a pris un d\u00e9cret simplifiant la d\u00e9livrance des passeports. Tr\u00e8s attendu, ce texte pr\u00e9voit notamment la suppression de l\u2019obligation de comparution personnelle pour la remise du passeport. Concr\u00e8tement, les usagers inscrits au registre des Fran\u00e7ais \u00e9tablis hors de France pourront, s\u2019ils le souhaitent, se faire adresser, \u00e0 leurs frais, leur [&hellip;]<\/p>\n","protected":false},"author":3,"featured_media":0,"comment_status":"closed","ping_status":"open","sticky":false,"template":"","format":"standard","meta":{"jetpack_post_was_ever_published":false,"_jetpack_newsletter_access":"","_jetpack_dont_email_post_to_subs":false,"_jetpack_newsletter_tier_id":0,"_jetpack_memberships_contains_paywalled_content":false,"_jetpack_memberships_contains_paid_content":false,"footnotes":"","jetpack_publicize_message":"Simplification de la d\u00e9livrance des passeports - Le 19 juin, le Gouvernement a pris un d\u00e9cret simplifiant la d\u00e9livrance des passeports. Tr\u00e8s attendu, ce texte pr\u00e9voit notamment la suppression de l\u2019obligation de comparution personnelle pour la remise du passeport. La liste des pays concern\u00e9s ainsi que les modalit\u00e9s de l\u2019envoi postal s\u00e9curis\u00e9 et de restitution de l\u2019ancien passeport doivent encore \u00eatre pr\u00e9cis\u00e9es par un arr\u00eat\u00e9 conjoint du ministre des affaires \u00e9trang\u00e8res et du ministre de l\u2019int\u00e9rieur. Il importe que ce dernier soit rapidement publi\u00e9 afin que le nouveau dispositif puisse \u00eatre op\u00e9rationnel d\u00e8s cette ann\u00e9e.","jetpack_publicize_feature_enabled":true,"jetpack_social_post_already_shared":true,"jetpack_social_options":{"image_generator_settings":{"template":"highway","default_image_id":0,"font":"","enabled":false},"version":2}},"categories":[84,79],"tags":[69,68],"class_list":["post-2083","post","type-post","status-publish","format-standard","hentry","category-actualites","category-demarches-2","tag-demarches","tag-passeports"],"jetpack_publicize_connections":[],"jetpack_featured_media_url":"","jetpack_sharing_enabled":true,"jetpack_shortlink":"https:\/\/wp.me\/p4ndNg-xB","_links":{"self":[{"href":"https:\/\/www.francais-d-allemagne.eu\/nord\/wp-json\/wp\/v2\/posts\/2083","targetHints":{"allow":["GET"]}}],"collection":[{"href":"https:\/\/www.francais-d-allemagne.eu\/nord\/wp-json\/wp\/v2\/posts"}],"about":[{"href":"https:\/\/www.francais-d-allemagne.eu\/nord\/wp-json\/wp\/v2\/types\/post"}],"author":[{"embeddable":true,"href":"https:\/\/www.francais-d-allemagne.eu\/nord\/wp-json\/wp\/v2\/users\/3"}],"replies":[{"embeddable":true,"href":"https:\/\/www.francais-d-allemagne.eu\/nord\/wp-json\/wp\/v2\/comments?post=2083"}],"version-history":[{"count":5,"href":"https:\/\/www.francais-d-allemagne.eu\/nord\/wp-json\/wp\/v2\/posts\/2083\/revisions"}],"predecessor-version":[{"id":2096,"href":"https:\/\/www.francais-d-allemagne.eu\/nord\/wp-json\/wp\/v2\/posts\/2083\/revisions\/2096"}],"wp:attachment":[{"href":"https:\/\/www.francais-d-allemagne.eu\/nord\/wp-json\/wp\/v2\/media?parent=2083"}],"wp:term":[{"taxonomy":"category","embeddable":true,"href":"https:\/\/www.francais-d-allemagne.eu\/nord\/wp-json\/wp\/v2\/categories?post=2083"},{"taxonomy":"post_tag","embeddable":true,"href":"https:\/\/www.francais-d-allemagne.eu\/nord\/wp-json\/wp\/v2\/tags?post=2083"}],"curies":[{"name":"wp","href":"https:\/\/api.w.org\/{rel}","templated":true}]}}