{"id":2198,"date":"2015-10-28T21:10:46","date_gmt":"2015-10-28T20:10:46","guid":{"rendered":"http:\/\/www.francais-d-allemagne.eu\/nord\/?p=2198"},"modified":"2019-01-24T07:04:41","modified_gmt":"2019-01-24T06:04:41","slug":"tournees-consulaires-dresde-et-kiel","status":"publish","type":"post","link":"https:\/\/www.francais-d-allemagne.eu\/nord\/2015\/10\/28\/tournees-consulaires-dresde-et-kiel\/","title":{"rendered":"Tourn\u00e9es consulaires \u00e0 Dresde et Kiel au mois de novembre"},"content":{"rendered":"<p>Deux tourn\u00e9es consulaires exceptionnelles de la section consulaire de Berlin seront organis\u00e9es<\/p>\n<p><strong>&#8211; le 16 novembre<\/strong> \u00e0 <a style=\"text-decoration: none\" href=\"http:\/\/www.ambafrance-de.org\/Tournee-consulaire-a-DRESDE\" target=\"_blank\">DRESDE<\/a><br \/>\n<strong>&#8211; le 24 novembre<\/strong> \u00e0 <a style=\"text-decoration: none\" href=\"http:\/\/www.ambafrance-de.org\/Tournee-consulaire-a-KIEL\" target=\"_blank\">KIEL<\/a><\/p>\n<p>Amis de Saxe et du Schleswig-Holstein : \u00e0 vos t\u00e9l\u00e9phones, le nombre de rendez-vous est limit\u00e9 !<\/p>\n<p>Pensez \u00e0 vos procurations pour les \u00e9lections r\u00e9gionales les 6 et 13 d\u00e9cembre !<\/p>\n<p>Les d\u00e9marches suivantes pourront \u00eatre effectu\u00e9es lors de ces tourn\u00e9es, dont certaines sur rendez-vous uniquement : retrait de passeport, demande de CNI, procurations de vote, l\u00e9galisations de signature, certificat d\u2019existence.<\/p>\n","protected":false},"excerpt":{"rendered":"<p>Deux tourn\u00e9es consulaires exceptionnelles de la section consulaire de Berlin seront organis\u00e9es &#8211; le 16 novembre \u00e0 DRESDE &#8211; le 24 novembre \u00e0 KIEL Amis de Saxe et du Schleswig-Holstein : \u00e0 vos t\u00e9l\u00e9phones, le nombre de rendez-vous est limit\u00e9 ! Pensez \u00e0 vos procurations pour les \u00e9lections r\u00e9gionales les 6 et 13 d\u00e9cembre ! [&hellip;]<\/p>\n","protected":false},"author":3,"featured_media":1873,"comment_status":"closed","ping_status":"open","sticky":false,"template":"","format":"standard","meta":{"jetpack_post_was_ever_published":false,"_jetpack_newsletter_access":"","_jetpack_dont_email_post_to_subs":false,"_jetpack_newsletter_tier_id":0,"_jetpack_memberships_contains_paywalled_content":false,"_jetpack_memberships_contains_paid_content":false,"footnotes":"","jetpack_publicize_message":"","jetpack_publicize_feature_enabled":true,"jetpack_social_post_already_shared":true,"jetpack_social_options":{"image_generator_settings":{"template":"highway","default_image_id":0,"font":"","enabled":false},"version":2}},"categories":[84],"tags":[34,130,38,50,129],"class_list":["post-2198","post","type-post","status-publish","format-standard","has-post-thumbnail","hentry","category-actualites","tag-dresde","tag-kiel","tag-saxe","tag-schleswig-holstein","tag-service-consulaire"],"jetpack_publicize_connections":[],"jetpack_featured_media_url":"https:\/\/www.francais-d-allemagne.eu\/nord\/wp-content\/uploads\/sites\/2\/2015\/04\/4603382_3_bb01_dans-un-bureau-de-vote-a-marseille-le-22_ad92447cc095f889271b55f40628a432.jpg","jetpack_sharing_enabled":true,"jetpack_shortlink":"https:\/\/wp.me\/p4ndNg-zs","_links":{"self":[{"href":"https:\/\/www.francais-d-allemagne.eu\/nord\/wp-json\/wp\/v2\/posts\/2198","targetHints":{"allow":["GET"]}}],"collection":[{"href":"https:\/\/www.francais-d-allemagne.eu\/nord\/wp-json\/wp\/v2\/posts"}],"about":[{"href":"https:\/\/www.francais-d-allemagne.eu\/nord\/wp-json\/wp\/v2\/types\/post"}],"author":[{"embeddable":true,"href":"https:\/\/www.francais-d-allemagne.eu\/nord\/wp-json\/wp\/v2\/users\/3"}],"replies":[{"embeddable":true,"href":"https:\/\/www.francais-d-allemagne.eu\/nord\/wp-json\/wp\/v2\/comments?post=2198"}],"version-history":[{"count":11,"href":"https:\/\/www.francais-d-allemagne.eu\/nord\/wp-json\/wp\/v2\/posts\/2198\/revisions"}],"predecessor-version":[{"id":3905,"href":"https:\/\/www.francais-d-allemagne.eu\/nord\/wp-json\/wp\/v2\/posts\/2198\/revisions\/3905"}],"wp:featuredmedia":[{"embeddable":true,"href":"https:\/\/www.francais-d-allemagne.eu\/nord\/wp-json\/wp\/v2\/media\/1873"}],"wp:attachment":[{"href":"https:\/\/www.francais-d-allemagne.eu\/nord\/wp-json\/wp\/v2\/media?parent=2198"}],"wp:term":[{"taxonomy":"category","embeddable":true,"href":"https:\/\/www.francais-d-allemagne.eu\/nord\/wp-json\/wp\/v2\/categories?post=2198"},{"taxonomy":"post_tag","embeddable":true,"href":"https:\/\/www.francais-d-allemagne.eu\/nord\/wp-json\/wp\/v2\/tags?post=2198"}],"curies":[{"name":"wp","href":"https:\/\/api.w.org\/{rel}","templated":true}]}}