{"id":2214,"date":"2015-11-09T08:40:51","date_gmt":"2015-11-09T07:40:51","guid":{"rendered":"http:\/\/www.francais-d-allemagne.eu\/nord\/?p=2214"},"modified":"2017-01-08T14:13:48","modified_gmt":"2017-01-08T13:13:48","slug":"reunions-du-conseil-consulaire-du-5-novembre-2015","status":"publish","type":"post","link":"https:\/\/www.francais-d-allemagne.eu\/nord\/2015\/11\/09\/reunions-du-conseil-consulaire-du-5-novembre-2015\/","title":{"rendered":"R\u00e9unions du conseil consulaire du 5 novembre 2015"},"content":{"rendered":"<p><strong><em>Vos conseillers consulaires \u00e9taient r\u00e9unis ce jeudi 5 novembre.<\/em><\/strong><\/p>\n<p><strong>Dans un premier temps pour le 2e conseil consulaire des bourses de l&rsquo;ann\u00e9e (CCB2).<\/strong> Ce conseil, compos\u00e9 des consuls, des repr\u00e9sentants des \u00e9tablissements (direction, parents d&rsquo;\u00e9l\u00e8ves, enseignants), des conseillers consulaires \u00e9lus et de repr\u00e9sentants des associations reconnues d&rsquo;utilit\u00e9 publique de repr\u00e9sentation des Fran\u00e7ais de l&rsquo;\u00e9tranger, examine les dossiers de demandes de bourses scolaires qui avaient \u00e9t\u00e9 ajourn\u00e9s en CCB1, qui ont d\u00fb faire l&rsquo;objet d&rsquo;une r\u00e9vision ou ceux des familles arriv\u00e9es pendant l&rsquo;\u00e9t\u00e9.<\/p>\n<p>Les membres du CCB valident ou ajustent, apr\u00e8s d\u00e9lib\u00e9ration, les propositions avanc\u00e9es par les agents consulaires sur la base du bar\u00eame de calcul, fonction des revenus, et de la situation individuelle des familles.<\/p>\n<p>Malheureusement ces bourses scolaires ne peuvent \u00eatre attribu\u00e9es qu&rsquo;aux enfants de nationalit\u00e9 fran\u00e7aise scolaris\u00e9s dans des \u00e9tablissements de l&rsquo;AEFE, en Allemagne du Nord : le lyc\u00e9e St-Exup\u00e9ry de Hambourg et l&rsquo;\u00e9cole Voltaire de Berlin.<\/p>\n<p>Toutefois, une r\u00e9forme permettra \u00e0 partir de 2016 d&rsquo;en faire b\u00e9n\u00e9ficier les enfants qui quittent ce syst\u00e8me pour poursuivre leur scolarit\u00e9 dans des \u00e9tablissements non homologu\u00e9s pour raisons p\u00e9dagogiques ou d&rsquo;orientation. Ce changement concernera par exemple les \u00e9l\u00e8ves boursiers qui poursuivent une formation professionnelle ou technique.<\/p>\n<p><strong>Ce CCB a \u00e9t\u00e9 suivi d&rsquo;une r\u00e9union du Conseil consulaire en formation \u00ab\u00a0Action Sociale\u00a0\u00bb<\/strong> qui a pu discuter de l&rsquo;accompagnement solidaire des Fran\u00e7ais \u00e9tablis en Allemagne du Nord avec Mme Evanno, Conseill\u00e8re pour les Affaires Consulaires. Un proc\u00e8s-verbal succinct sera prochainement disponible sur le site de la section consulaire de Berlin.<\/p>\n<p>Ce qu&rsquo;il faut surtout retenir est qu&rsquo;<strong>il existe des possibilit\u00e9s d&rsquo;aide lorsque toutes les possibilit\u00e9s offertes par le syst\u00e8me social allemand et dont les Fran\u00e7ais \u00e9tablis en Allemagne du Nord peuvent b\u00e9n\u00e9ficier ont \u00e9t\u00e9 \u00e9puis\u00e9es<\/strong>. La section consulaire de Berlin reste par ailleurs volontiers \u00e0 la disposition de toutes et tous pour les accompagner dans leurs d\u00e9marches et leurs demandes.<\/p>\n<p><em>N&rsquo;h\u00e9sitez pas \u00e0 nous contacter pour plus d&rsquo;informations.<\/em><\/p>\n","protected":false},"excerpt":{"rendered":"<p>Vos conseillers consulaires \u00e9taient r\u00e9unis ce jeudi 5 novembre. Dans un premier temps pour le 2e conseil consulaire des bourses de l&rsquo;ann\u00e9e (CCB2). Ce conseil, compos\u00e9 des consuls, des repr\u00e9sentants des \u00e9tablissements (direction, parents d&rsquo;\u00e9l\u00e8ves, enseignants), des conseillers consulaires \u00e9lus et de repr\u00e9sentants des associations reconnues d&rsquo;utilit\u00e9 publique de repr\u00e9sentation des Fran\u00e7ais de l&rsquo;\u00e9tranger, examine [&hellip;]<\/p>\n","protected":false},"author":3,"featured_media":2215,"comment_status":"closed","ping_status":"open","sticky":false,"template":"","format":"standard","meta":{"jetpack_post_was_ever_published":false,"_jetpack_newsletter_access":"","_jetpack_dont_email_post_to_subs":false,"_jetpack_newsletter_tier_id":0,"_jetpack_memberships_contains_paywalled_content":false,"_jetpack_memberships_contains_paid_content":false,"footnotes":"","jetpack_publicize_message":"R\u00e9unions du conseil consulaire du 5 novembre 2015","jetpack_publicize_feature_enabled":true,"jetpack_social_post_already_shared":true,"jetpack_social_options":{"image_generator_settings":{"template":"highway","default_image_id":0,"font":"","enabled":false},"version":2}},"categories":[84,82,77],"tags":[65],"class_list":["post-2214","post","type-post","status-publish","format-standard","has-post-thumbnail","hentry","category-actualites","category-conseil-consulaire-2","category-education-2","tag-conseil-consulaire"],"jetpack_publicize_connections":[],"jetpack_featured_media_url":"https:\/\/www.francais-d-allemagne.eu\/nord\/wp-content\/uploads\/sites\/2\/2015\/11\/Bandeau-AEFE.jpg","jetpack_sharing_enabled":true,"jetpack_shortlink":"https:\/\/wp.me\/p4ndNg-zI","_links":{"self":[{"href":"https:\/\/www.francais-d-allemagne.eu\/nord\/wp-json\/wp\/v2\/posts\/2214","targetHints":{"allow":["GET"]}}],"collection":[{"href":"https:\/\/www.francais-d-allemagne.eu\/nord\/wp-json\/wp\/v2\/posts"}],"about":[{"href":"https:\/\/www.francais-d-allemagne.eu\/nord\/wp-json\/wp\/v2\/types\/post"}],"author":[{"embeddable":true,"href":"https:\/\/www.francais-d-allemagne.eu\/nord\/wp-json\/wp\/v2\/users\/3"}],"replies":[{"embeddable":true,"href":"https:\/\/www.francais-d-allemagne.eu\/nord\/wp-json\/wp\/v2\/comments?post=2214"}],"version-history":[{"count":6,"href":"https:\/\/www.francais-d-allemagne.eu\/nord\/wp-json\/wp\/v2\/posts\/2214\/revisions"}],"predecessor-version":[{"id":2858,"href":"https:\/\/www.francais-d-allemagne.eu\/nord\/wp-json\/wp\/v2\/posts\/2214\/revisions\/2858"}],"wp:featuredmedia":[{"embeddable":true,"href":"https:\/\/www.francais-d-allemagne.eu\/nord\/wp-json\/wp\/v2\/media\/2215"}],"wp:attachment":[{"href":"https:\/\/www.francais-d-allemagne.eu\/nord\/wp-json\/wp\/v2\/media?parent=2214"}],"wp:term":[{"taxonomy":"category","embeddable":true,"href":"https:\/\/www.francais-d-allemagne.eu\/nord\/wp-json\/wp\/v2\/categories?post=2214"},{"taxonomy":"post_tag","embeddable":true,"href":"https:\/\/www.francais-d-allemagne.eu\/nord\/wp-json\/wp\/v2\/tags?post=2214"}],"curies":[{"name":"wp","href":"https:\/\/api.w.org\/{rel}","templated":true}]}}