{"id":2549,"date":"2016-08-29T09:47:55","date_gmt":"2016-08-29T08:47:55","guid":{"rendered":"http:\/\/www.francais-d-allemagne.eu\/nord\/?p=2549"},"modified":"2017-01-08T16:25:15","modified_gmt":"2017-01-08T15:25:15","slug":"18-septembre-municipales-a-berlin","status":"publish","type":"post","link":"https:\/\/www.francais-d-allemagne.eu\/nord\/2016\/08\/29\/18-septembre-municipales-a-berlin\/","title":{"rendered":"18 septembre : Municipales \u00e0 Berlin !"},"content":{"rendered":"<p>Le 18 septembre, vous \u00e9lirez l\u2019assembl\u00e9e de votre arrondissement (Bezirksverordnetenversammlung), et, si vous avez la double nationalit\u00e9, \u00e9galement le maire de\u00a0 Berlin.<\/p>\n<p>Toutes infos sur la<a href=\"https:\/\/www.wahlen-berlin.de\/wahlen\/BE2016\/AllgemInfo.asp?sel1=1253&amp;sel2=1000http:\/\/\" target=\"_blank\"> page officielle.<\/a><span style=\"color: #000000;\"><br \/>\nConsultez \u00e9galement le <span style=\"color: #008000;\"><a href=\"https:\/\/voteberlin.eu\/fr\/accueil\/\" target=\"_blank\"><span style=\"color: #008000;\">site internet<\/span><\/a> <\/span> de l&rsquo;association Minor qui lance une campagne d&rsquo;information.<\/span><\/p>\n<p><strong><span style=\"color: #800000;\">Nous vous appelons \u00e0 participer massivement \u00e0 ces \u00e9lections. Le droit de vote aux \u00e9lections locales des r\u00e9sidents dans les pays de l\u2019Union europ\u00e9enne est une conqu\u00eate politique majeure !<\/span><\/strong><\/p>\n","protected":false},"excerpt":{"rendered":"<p>Le 18 septembre, vous \u00e9lirez l\u2019assembl\u00e9e de votre arrondissement (Bezirksverordnetenversammlung), et, si vous avez la double nationalit\u00e9, \u00e9galement le maire de\u00a0 Berlin. Toutes infos sur la page officielle. Consultez \u00e9galement le site internet de l&rsquo;association Minor qui lance une campagne d&rsquo;information. Nous vous appelons \u00e0 participer massivement \u00e0 ces \u00e9lections. Le droit de vote aux [&hellip;]<\/p>\n","protected":false},"author":3,"featured_media":2551,"comment_status":"closed","ping_status":"open","sticky":false,"template":"","format":"standard","meta":{"jetpack_post_was_ever_published":false,"_jetpack_newsletter_access":"","_jetpack_dont_email_post_to_subs":false,"_jetpack_newsletter_tier_id":0,"_jetpack_memberships_contains_paywalled_content":false,"_jetpack_memberships_contains_paid_content":false,"footnotes":"","jetpack_publicize_message":"","jetpack_publicize_feature_enabled":true,"jetpack_social_post_already_shared":true,"jetpack_social_options":{"image_generator_settings":{"template":"highway","default_image_id":0,"font":"","enabled":false},"version":2}},"categories":[80],"tags":[49,155,156],"class_list":["post-2549","post","type-post","status-publish","format-standard","has-post-thumbnail","hentry","category-informations-citoyennes","tag-berlin","tag-elections-municipales","tag-vote-des-francais"],"jetpack_publicize_connections":[],"jetpack_featured_media_url":"https:\/\/www.francais-d-allemagne.eu\/nord\/wp-content\/uploads\/sites\/2\/2016\/08\/Rathaus1.jpg","jetpack_sharing_enabled":true,"jetpack_shortlink":"https:\/\/wp.me\/p4ndNg-F7","_links":{"self":[{"href":"https:\/\/www.francais-d-allemagne.eu\/nord\/wp-json\/wp\/v2\/posts\/2549","targetHints":{"allow":["GET"]}}],"collection":[{"href":"https:\/\/www.francais-d-allemagne.eu\/nord\/wp-json\/wp\/v2\/posts"}],"about":[{"href":"https:\/\/www.francais-d-allemagne.eu\/nord\/wp-json\/wp\/v2\/types\/post"}],"author":[{"embeddable":true,"href":"https:\/\/www.francais-d-allemagne.eu\/nord\/wp-json\/wp\/v2\/users\/3"}],"replies":[{"embeddable":true,"href":"https:\/\/www.francais-d-allemagne.eu\/nord\/wp-json\/wp\/v2\/comments?post=2549"}],"version-history":[{"count":7,"href":"https:\/\/www.francais-d-allemagne.eu\/nord\/wp-json\/wp\/v2\/posts\/2549\/revisions"}],"predecessor-version":[{"id":2913,"href":"https:\/\/www.francais-d-allemagne.eu\/nord\/wp-json\/wp\/v2\/posts\/2549\/revisions\/2913"}],"wp:featuredmedia":[{"embeddable":true,"href":"https:\/\/www.francais-d-allemagne.eu\/nord\/wp-json\/wp\/v2\/media\/2551"}],"wp:attachment":[{"href":"https:\/\/www.francais-d-allemagne.eu\/nord\/wp-json\/wp\/v2\/media?parent=2549"}],"wp:term":[{"taxonomy":"category","embeddable":true,"href":"https:\/\/www.francais-d-allemagne.eu\/nord\/wp-json\/wp\/v2\/categories?post=2549"},{"taxonomy":"post_tag","embeddable":true,"href":"https:\/\/www.francais-d-allemagne.eu\/nord\/wp-json\/wp\/v2\/tags?post=2549"}],"curies":[{"name":"wp","href":"https:\/\/api.w.org\/{rel}","templated":true}]}}