{"id":2557,"date":"2015-11-16T14:24:40","date_gmt":"2015-11-16T13:24:40","guid":{"rendered":"http:\/\/www.francais-d-allemagne.eu\/nord\/?p=2557"},"modified":"2017-01-08T14:15:31","modified_gmt":"2017-01-08T13:15:31","slug":"visite-du-franz-de-leipzig","status":"publish","type":"post","link":"https:\/\/www.francais-d-allemagne.eu\/nord\/2015\/11\/16\/visite-du-franz-de-leipzig\/","title":{"rendered":"Visite du Franz \u00e0 Leipzig"},"content":{"rendered":"<p>Le 13 novembre dernier, nous avons rendu visite, accompagn\u00e9s de la s\u00e9natrice Claudine Lepage, au <a style=\"text-decoration: none;\" href=\"http:\/\/www.franz-leipzig.eu\/index.php?id=franz\" target=\"_blank\"><em>Franz<\/em><\/a>, le centre \u00e9ducatif franco-allemand de Leipzig.<\/p>\n<p>Avec ses partenaires, le <em>Franz <\/em>assure la pr\u00e9sence de la langue fran\u00e7aise dans le programme de l\u2019\u00e9cole publique en Saxe, du jardin d\u2019enfants \u00e0 l\u2019Abibac.<\/p>\n<p>Le jardin d\u2019enfants <a style=\"text-decoration: none;\" href=\"www.mille-pattes.de\" target=\"_blank\">Mille Pattes<\/a>, en gestion parentale, fait partie de cette dynamique. Bravo \u00e0 eux !<\/p>\n","protected":false},"excerpt":{"rendered":"<p>Le 13 novembre dernier, nous avons rendu visite, accompagn\u00e9s de la s\u00e9natrice Claudine Lepage, au Franz, le centre \u00e9ducatif franco-allemand de Leipzig. Avec ses partenaires, le Franz assure la pr\u00e9sence de la langue fran\u00e7aise dans le programme de l\u2019\u00e9cole publique en Saxe, du jardin d\u2019enfants \u00e0 l\u2019Abibac. Le jardin d\u2019enfants Mille Pattes, en gestion parentale, [&hellip;]<\/p>\n","protected":false},"author":3,"featured_media":2558,"comment_status":"closed","ping_status":"open","sticky":false,"template":"","format":"standard","meta":{"jetpack_post_was_ever_published":false,"_jetpack_newsletter_access":"","_jetpack_dont_email_post_to_subs":false,"_jetpack_newsletter_tier_id":0,"_jetpack_memberships_contains_paywalled_content":false,"_jetpack_memberships_contains_paid_content":false,"footnotes":"","jetpack_publicize_message":"","jetpack_publicize_feature_enabled":true,"jetpack_social_post_already_shared":true,"jetpack_social_options":{"image_generator_settings":{"template":"highway","default_image_id":0,"font":"","enabled":false},"version":2}},"categories":[77],"tags":[44,168,38],"class_list":["post-2557","post","type-post","status-publish","format-standard","has-post-thumbnail","hentry","category-education-2","tag-education","tag-leipzig","tag-saxe"],"jetpack_publicize_connections":[],"jetpack_featured_media_url":"https:\/\/www.francais-d-allemagne.eu\/nord\/wp-content\/uploads\/sites\/2\/2016\/08\/leipzig-2015-11.jpg","jetpack_sharing_enabled":true,"jetpack_shortlink":"https:\/\/wp.me\/p4ndNg-Ff","_links":{"self":[{"href":"https:\/\/www.francais-d-allemagne.eu\/nord\/wp-json\/wp\/v2\/posts\/2557","targetHints":{"allow":["GET"]}}],"collection":[{"href":"https:\/\/www.francais-d-allemagne.eu\/nord\/wp-json\/wp\/v2\/posts"}],"about":[{"href":"https:\/\/www.francais-d-allemagne.eu\/nord\/wp-json\/wp\/v2\/types\/post"}],"author":[{"embeddable":true,"href":"https:\/\/www.francais-d-allemagne.eu\/nord\/wp-json\/wp\/v2\/users\/3"}],"replies":[{"embeddable":true,"href":"https:\/\/www.francais-d-allemagne.eu\/nord\/wp-json\/wp\/v2\/comments?post=2557"}],"version-history":[{"count":5,"href":"https:\/\/www.francais-d-allemagne.eu\/nord\/wp-json\/wp\/v2\/posts\/2557\/revisions"}],"predecessor-version":[{"id":2864,"href":"https:\/\/www.francais-d-allemagne.eu\/nord\/wp-json\/wp\/v2\/posts\/2557\/revisions\/2864"}],"wp:featuredmedia":[{"embeddable":true,"href":"https:\/\/www.francais-d-allemagne.eu\/nord\/wp-json\/wp\/v2\/media\/2558"}],"wp:attachment":[{"href":"https:\/\/www.francais-d-allemagne.eu\/nord\/wp-json\/wp\/v2\/media?parent=2557"}],"wp:term":[{"taxonomy":"category","embeddable":true,"href":"https:\/\/www.francais-d-allemagne.eu\/nord\/wp-json\/wp\/v2\/categories?post=2557"},{"taxonomy":"post_tag","embeddable":true,"href":"https:\/\/www.francais-d-allemagne.eu\/nord\/wp-json\/wp\/v2\/tags?post=2557"}],"curies":[{"name":"wp","href":"https:\/\/api.w.org\/{rel}","templated":true}]}}