{"id":2611,"date":"2016-10-12T08:26:01","date_gmt":"2016-10-12T07:26:01","guid":{"rendered":"http:\/\/www.francais-d-allemagne.eu\/nord\/?p=2611"},"modified":"2017-01-19T16:21:27","modified_gmt":"2017-01-19T15:21:27","slug":"conference-sur-le-bilinguisme","status":"publish","type":"post","link":"https:\/\/www.francais-d-allemagne.eu\/nord\/2016\/10\/12\/conference-sur-le-bilinguisme\/","title":{"rendered":"Conf\u00e9rence sur le bilinguisme !"},"content":{"rendered":"<p>Ne manquez pas notre invitation pour la<br \/>\n<em><span style=\"color: #0000ff\"><strong>Conf\u00e9rence de Madame Barbara Abdelilah-Bauer <\/strong><\/span><\/em><br \/>\n<em><span style=\"color: #0000ff\"><strong>Linguiste et psychosociologue<\/strong><\/span><\/em><br \/>\nce soir \u00e0 18h30<br \/>\nau <strong>Centre Fran\u00e7ais de Berlin<\/strong><br \/>\nM\u00fcllerstra\u00dfe 74-Berlin-Wedding<\/p>\n<p><em><strong><span style=\"color: #008000\">Fr\u00fche Mehrsprachigkeit : Chancen und Herausforderungen f\u00fcr Eltern und Erzieher<\/span><\/strong><\/em><br \/>\n<em><strong><span style=\"color: #008000\">Le bilinguisme pr\u00e9coce : Chances et d\u00e9fis pour parents et \u00e9ducateurs<\/span><\/strong><\/em><\/p>\n<p>Conf\u00e9rence en allemand, d\u00e9bat avec le public en allemand et fran\u00e7ais. Vortrag in deutscher Sprache, Diskussion in Deutsch und Franz\u00f6sisch<br \/>\nCoorganis\u00e9e par l\u2019association Avenir bilingue\/Bilinguale Zukunft e.V., l\u2019Institut Fran\u00e7ais de Berlin, le Centre Fran\u00e7ais de Berlin<\/p>\n<p><a href=\"www.initiative-avenir-zukunft.eu\" target=\"_blank\">www.initiative-avenir-zukunft.eu<\/a><\/p>\n<p><a href=\"https:\/\/www.francais-d-allemagne.eu\/nord\/wp-content\/uploads\/sites\/2\/2017\/01\/Jardins-denfants-franco-allemands-circonscription-de-Berlin.pdf\">Jardins d&rsquo;enfants franco-allemands circonscription de Berlin<\/a><\/p>\n","protected":false},"excerpt":{"rendered":"<p>Ne manquez pas notre invitation pour la Conf\u00e9rence de Madame Barbara Abdelilah-Bauer Linguiste et psychosociologue ce soir \u00e0 18h30 au Centre Fran\u00e7ais de Berlin M\u00fcllerstra\u00dfe 74-Berlin-Wedding Fr\u00fche Mehrsprachigkeit : Chancen und Herausforderungen f\u00fcr Eltern und Erzieher Le bilinguisme pr\u00e9coce : Chances et d\u00e9fis pour parents et \u00e9ducateurs Conf\u00e9rence en allemand, d\u00e9bat avec le public en [&hellip;]<\/p>\n","protected":false},"author":3,"featured_media":1737,"comment_status":"closed","ping_status":"open","sticky":false,"template":"","format":"standard","meta":{"jetpack_post_was_ever_published":false,"_jetpack_newsletter_access":"","_jetpack_dont_email_post_to_subs":false,"_jetpack_newsletter_tier_id":0,"_jetpack_memberships_contains_paywalled_content":false,"_jetpack_memberships_contains_paid_content":false,"footnotes":"","jetpack_publicize_message":"","jetpack_publicize_feature_enabled":true,"jetpack_social_post_already_shared":true,"jetpack_social_options":{"image_generator_settings":{"template":"highway","default_image_id":0,"font":"","enabled":false},"version":2}},"categories":[77],"tags":[97],"class_list":["post-2611","post","type-post","status-publish","format-standard","has-post-thumbnail","hentry","category-education-2","tag-bilinguisme"],"jetpack_publicize_connections":[],"jetpack_featured_media_url":"https:\/\/www.francais-d-allemagne.eu\/nord\/wp-content\/uploads\/sites\/2\/2015\/02\/logo-iaz.png","jetpack_sharing_enabled":true,"jetpack_shortlink":"https:\/\/wp.me\/p4ndNg-G7","_links":{"self":[{"href":"https:\/\/www.francais-d-allemagne.eu\/nord\/wp-json\/wp\/v2\/posts\/2611","targetHints":{"allow":["GET"]}}],"collection":[{"href":"https:\/\/www.francais-d-allemagne.eu\/nord\/wp-json\/wp\/v2\/posts"}],"about":[{"href":"https:\/\/www.francais-d-allemagne.eu\/nord\/wp-json\/wp\/v2\/types\/post"}],"author":[{"embeddable":true,"href":"https:\/\/www.francais-d-allemagne.eu\/nord\/wp-json\/wp\/v2\/users\/3"}],"replies":[{"embeddable":true,"href":"https:\/\/www.francais-d-allemagne.eu\/nord\/wp-json\/wp\/v2\/comments?post=2611"}],"version-history":[{"count":4,"href":"https:\/\/www.francais-d-allemagne.eu\/nord\/wp-json\/wp\/v2\/posts\/2611\/revisions"}],"predecessor-version":[{"id":2969,"href":"https:\/\/www.francais-d-allemagne.eu\/nord\/wp-json\/wp\/v2\/posts\/2611\/revisions\/2969"}],"wp:featuredmedia":[{"embeddable":true,"href":"https:\/\/www.francais-d-allemagne.eu\/nord\/wp-json\/wp\/v2\/media\/1737"}],"wp:attachment":[{"href":"https:\/\/www.francais-d-allemagne.eu\/nord\/wp-json\/wp\/v2\/media?parent=2611"}],"wp:term":[{"taxonomy":"category","embeddable":true,"href":"https:\/\/www.francais-d-allemagne.eu\/nord\/wp-json\/wp\/v2\/categories?post=2611"},{"taxonomy":"post_tag","embeddable":true,"href":"https:\/\/www.francais-d-allemagne.eu\/nord\/wp-json\/wp\/v2\/tags?post=2611"}],"curies":[{"name":"wp","href":"https:\/\/api.w.org\/{rel}","templated":true}]}}