{"id":2642,"date":"2016-12-20T19:16:00","date_gmt":"2016-12-20T18:16:00","guid":{"rendered":"http:\/\/www.francais-d-allemagne.eu\/nord\/?p=2642"},"modified":"2017-01-09T12:42:09","modified_gmt":"2017-01-09T11:42:09","slug":"primaires-de-la-gauche-inscriptions-pour-le-vote-electronique","status":"publish","type":"post","link":"https:\/\/www.francais-d-allemagne.eu\/nord\/2016\/12\/20\/primaires-de-la-gauche-inscriptions-pour-le-vote-electronique\/","title":{"rendered":"Primaires de la Gauche : Inscriptions pour le vote \u00e9lectronique"},"content":{"rendered":"<p><strong>Les 22 et 29 janvier 2017 auront lieu les Primaires de la Gauche<\/strong>, co-organis\u00e9es par le Parti socialiste, le Parti radical de Gauche, le Parti Ecologiste, le Front d\u00e9mocrate et l&rsquo;Union des \u00e9cologistes.<\/p>\n<p><strong><a style=\"text-decoration: none\" href=\"https:\/\/inscriptionsvotelec.lesprimairescitoyennes.fr\/\" target=\"_blank\">Inscrivez-vous pour voter par voie \u00e9lectronique aux Primaires citoyennes de la Gauche!<\/a><\/strong><\/p>\n<p><strong>Les Fran\u00e7ais-e-s r\u00e9sidant \u00e0 l\u2019\u00e9tranger peuvent participer aux Primaires Citoyennes par Internet<\/strong> \u00e0 condition:<\/p>\n<p>&#8211; <span style=\"text-decoration: underline\">de s\u2019inscrire sur <a style=\"text-decoration: none\" href=\"https:\/\/inscriptionsvotelec.lesprimairescitoyennes.fr\/\" target=\"_blank\">ce site<\/a> au plus tard le 4 janvier 2017 \u00e0 18h<\/span><br \/>\n&#8211; d\u2019inscription sur la liste \u00e9lectorale consulaire au 31 d\u00e9cembre 2015<br \/>\n&#8211; de s\u2019acquitter d&rsquo;un paiement de 2 EUR pour contribution \u00e0 l\u2019organisation des primaires<br \/>\n&#8211; et de se reconna\u00eetre dans les valeurs de la Gauche et de l&rsquo;\u00c9cologie.<\/p>\n<p>Chaque \u00e9lecteur\/\u00e9lectrice qui aura rempli l\u2019ensemble des \u00e9tapes de pr\u00e9inscription recevra un code d\u2019acc\u00e8s par courriel et un mot de passe par SMS afin de participer au vote par voie \u00e9lectronique pour les Primaires citoyennes de la Gauche.<\/p>\n<p>Plus d&rsquo;informations sur le site des Primaires de la Gauche:<br \/>\n<a style=\"text-decoration: none\" href=\"https:\/\/www.lesprimairescitoyennes.fr\/\" target=\"_blank\">https:\/\/www.lesprimairescitoyennes.fr\/<\/a><\/p>\n<p>Nous vous encourageons \u00e0 vous inscrire, nombreux\u00b7ses, avant le 4 janvier prochain afin de participer \u00e0 ces primaires et ainsi au choix d&rsquo;un\u00b7e candidat\u00b7e \u00e0 la pr\u00e9sidentielle qui saura proposer un projet capable d&rsquo;unir les Fran\u00e7ais\u00b7e\u00b7s.<\/p>\n<p><strong>Rappel important:<\/strong><br \/>\nvous avez jusqu&rsquo;au 31 d\u00e9cembre 2016, si vous ne l&rsquo;avez pas encore fait, pour vous inscrire sur la liste \u00e9lectorale de Hambourg-Berlin, condition indispensable afin de voter en 2017 aux \u00e9lections pr\u00e9sidentielles et l\u00e9gislatives.<\/p>\n<p><strong>Nous restons \u00e0 votre disposition<\/strong> pour vous orienter et vous informer dans vos d\u00e9marches \u00e0 suivre, en cas de probl\u00e8me ou de question.<\/p>\n<p><strong>Les 22 et 29 janvier, c&rsquo;est vous qui d\u00e9cidez<\/strong> ; merci par avance pour votre contribution \u00e0 la r\u00e9ussite de cette grande consultation d\u00e9mocratique!<\/p>\n","protected":false},"excerpt":{"rendered":"<p>Les 22 et 29 janvier 2017 auront lieu les Primaires de la Gauche, co-organis\u00e9es par le Parti socialiste, le Parti radical de Gauche, le Parti Ecologiste, le Front d\u00e9mocrate et l&rsquo;Union des \u00e9cologistes. Inscrivez-vous pour voter par voie \u00e9lectronique aux Primaires citoyennes de la Gauche! Les Fran\u00e7ais-e-s r\u00e9sidant \u00e0 l\u2019\u00e9tranger peuvent participer aux Primaires Citoyennes [&hellip;]<\/p>\n","protected":false},"author":3,"featured_media":2643,"comment_status":"closed","ping_status":"open","sticky":false,"template":"","format":"standard","meta":{"jetpack_post_was_ever_published":false,"_jetpack_newsletter_access":"","_jetpack_dont_email_post_to_subs":false,"_jetpack_newsletter_tier_id":0,"_jetpack_memberships_contains_paywalled_content":false,"_jetpack_memberships_contains_paid_content":false,"footnotes":"","jetpack_publicize_message":"Primaires de la Gauche : Inscriptions pour le vote \u00e9lectronique !","jetpack_publicize_feature_enabled":true,"jetpack_social_post_already_shared":true,"jetpack_social_options":{"image_generator_settings":{"template":"highway","default_image_id":0,"font":"","enabled":false},"version":2}},"categories":[84],"tags":[170,71],"class_list":["post-2642","post","type-post","status-publish","format-standard","has-post-thumbnail","hentry","category-actualites","tag-elections","tag-francais-de-letranger"],"jetpack_publicize_connections":[],"jetpack_featured_media_url":"https:\/\/www.francais-d-allemagne.eu\/nord\/wp-content\/uploads\/sites\/2\/2016\/12\/primaires-de-la-gauche.png","jetpack_sharing_enabled":true,"jetpack_shortlink":"https:\/\/wp.me\/p4ndNg-GC","_links":{"self":[{"href":"https:\/\/www.francais-d-allemagne.eu\/nord\/wp-json\/wp\/v2\/posts\/2642","targetHints":{"allow":["GET"]}}],"collection":[{"href":"https:\/\/www.francais-d-allemagne.eu\/nord\/wp-json\/wp\/v2\/posts"}],"about":[{"href":"https:\/\/www.francais-d-allemagne.eu\/nord\/wp-json\/wp\/v2\/types\/post"}],"author":[{"embeddable":true,"href":"https:\/\/www.francais-d-allemagne.eu\/nord\/wp-json\/wp\/v2\/users\/3"}],"replies":[{"embeddable":true,"href":"https:\/\/www.francais-d-allemagne.eu\/nord\/wp-json\/wp\/v2\/comments?post=2642"}],"version-history":[{"count":7,"href":"https:\/\/www.francais-d-allemagne.eu\/nord\/wp-json\/wp\/v2\/posts\/2642\/revisions"}],"predecessor-version":[{"id":2780,"href":"https:\/\/www.francais-d-allemagne.eu\/nord\/wp-json\/wp\/v2\/posts\/2642\/revisions\/2780"}],"wp:featuredmedia":[{"embeddable":true,"href":"https:\/\/www.francais-d-allemagne.eu\/nord\/wp-json\/wp\/v2\/media\/2643"}],"wp:attachment":[{"href":"https:\/\/www.francais-d-allemagne.eu\/nord\/wp-json\/wp\/v2\/media?parent=2642"}],"wp:term":[{"taxonomy":"category","embeddable":true,"href":"https:\/\/www.francais-d-allemagne.eu\/nord\/wp-json\/wp\/v2\/categories?post=2642"},{"taxonomy":"post_tag","embeddable":true,"href":"https:\/\/www.francais-d-allemagne.eu\/nord\/wp-json\/wp\/v2\/tags?post=2642"}],"curies":[{"name":"wp","href":"https:\/\/api.w.org\/{rel}","templated":true}]}}