{"id":2679,"date":"2017-01-10T18:00:59","date_gmt":"2017-01-10T17:00:59","guid":{"rendered":"http:\/\/www.francais-d-allemagne.eu\/nord\/?p=2679"},"modified":"2017-01-08T21:28:14","modified_gmt":"2017-01-08T20:28:14","slug":"appel-a-projets-franco-allemands-a-destination-des-pme-economie","status":"publish","type":"post","link":"https:\/\/www.francais-d-allemagne.eu\/nord\/2017\/01\/10\/appel-a-projets-franco-allemands-a-destination-des-pme-economie\/","title":{"rendered":"Appel \u00e0 projets franco-allemands \u00e0 destination des PME #\u00c9conomie"},"content":{"rendered":"<p>La France et l\u2019Allemagne ont lanc\u00e9 un <strong>appel \u00e0 projets franco-allemands<\/strong> \u00e0 destination des petites et moyennes entreprises.<\/p>\n<p>La date limite de candidature est le <strong>31 janvier 2017<\/strong>.<\/p>\n<p>Pour \u00eatre \u00e9ligibles, les partenaires doivent d\u00e9velopper des solutions pour des produits, des services ou des m\u00e9thodes \u00e0 base technologique, qui auront un fort potentiel pour la France, l\u2019Allemagne, l\u2019Europe et les march\u00e9s internationaux.<\/p>\n<p>Les projets s\u00e9lectionn\u00e9s seront en partie financ\u00e9s par <strong>BpiFrance et l\u2019AiF Projekt GmbH<\/strong>.<\/p>\n<p><a style=\"text-decoration: none\" href=\"http:\/\/www.bpifrance.fr\/Actualites\/Appels-a-projet-concours\/France-Allemagne-un-appel-a-projets-conjoints-entre-Bpifrance-et-AiF-Project-Gmbh-pour-ZIM-28120\" target=\"_blank\">Plus de renseignements sur le site BPI France<\/a>.<\/p>\n","protected":false},"excerpt":{"rendered":"<p>La France et l\u2019Allemagne ont lanc\u00e9 un appel \u00e0 projets franco-allemands \u00e0 destination des petites et moyennes entreprises. La date limite de candidature est le 31 janvier 2017. Pour \u00eatre \u00e9ligibles, les partenaires doivent d\u00e9velopper des solutions pour des produits, des services ou des m\u00e9thodes \u00e0 base technologique, qui auront un fort potentiel pour la [&hellip;]<\/p>\n","protected":false},"author":3,"featured_media":2680,"comment_status":"closed","ping_status":"open","sticky":false,"template":"","format":"standard","meta":{"jetpack_post_was_ever_published":false,"_jetpack_newsletter_access":"","_jetpack_dont_email_post_to_subs":false,"_jetpack_newsletter_tier_id":0,"_jetpack_memberships_contains_paywalled_content":false,"_jetpack_memberships_contains_paid_content":false,"footnotes":"","jetpack_publicize_message":"","jetpack_publicize_feature_enabled":true,"jetpack_social_post_already_shared":true,"jetpack_social_options":{"image_generator_settings":{"template":"highway","default_image_id":0,"font":"","enabled":false},"version":2}},"categories":[163],"tags":[98],"class_list":["post-2679","post","type-post","status-publish","format-standard","has-post-thumbnail","hentry","category-economie-2","tag-economie"],"jetpack_publicize_connections":[],"jetpack_featured_media_url":"https:\/\/www.francais-d-allemagne.eu\/nord\/wp-content\/uploads\/sites\/2\/2016\/12\/innovation.jpg","jetpack_sharing_enabled":true,"jetpack_shortlink":"https:\/\/wp.me\/p4ndNg-Hd","_links":{"self":[{"href":"https:\/\/www.francais-d-allemagne.eu\/nord\/wp-json\/wp\/v2\/posts\/2679","targetHints":{"allow":["GET"]}}],"collection":[{"href":"https:\/\/www.francais-d-allemagne.eu\/nord\/wp-json\/wp\/v2\/posts"}],"about":[{"href":"https:\/\/www.francais-d-allemagne.eu\/nord\/wp-json\/wp\/v2\/types\/post"}],"author":[{"embeddable":true,"href":"https:\/\/www.francais-d-allemagne.eu\/nord\/wp-json\/wp\/v2\/users\/3"}],"replies":[{"embeddable":true,"href":"https:\/\/www.francais-d-allemagne.eu\/nord\/wp-json\/wp\/v2\/comments?post=2679"}],"version-history":[{"count":3,"href":"https:\/\/www.francais-d-allemagne.eu\/nord\/wp-json\/wp\/v2\/posts\/2679\/revisions"}],"predecessor-version":[{"id":2939,"href":"https:\/\/www.francais-d-allemagne.eu\/nord\/wp-json\/wp\/v2\/posts\/2679\/revisions\/2939"}],"wp:featuredmedia":[{"embeddable":true,"href":"https:\/\/www.francais-d-allemagne.eu\/nord\/wp-json\/wp\/v2\/media\/2680"}],"wp:attachment":[{"href":"https:\/\/www.francais-d-allemagne.eu\/nord\/wp-json\/wp\/v2\/media?parent=2679"}],"wp:term":[{"taxonomy":"category","embeddable":true,"href":"https:\/\/www.francais-d-allemagne.eu\/nord\/wp-json\/wp\/v2\/categories?post=2679"},{"taxonomy":"post_tag","embeddable":true,"href":"https:\/\/www.francais-d-allemagne.eu\/nord\/wp-json\/wp\/v2\/tags?post=2679"}],"curies":[{"name":"wp","href":"https:\/\/api.w.org\/{rel}","templated":true}]}}