{"id":3044,"date":"2017-03-22T19:00:32","date_gmt":"2017-03-22T18:00:32","guid":{"rendered":"http:\/\/www.francais-d-allemagne.eu\/nord\/?p=3044"},"modified":"2017-03-28T07:52:05","modified_gmt":"2017-03-28T06:52:05","slug":"economie-numerique-et-dconomy","status":"publish","type":"post","link":"https:\/\/www.francais-d-allemagne.eu\/nord\/2017\/03\/22\/economie-numerique-et-dconomy\/","title":{"rendered":"Economie num\u00e9rique et D!conomy"},"content":{"rendered":"<p>Je me suis rendu ce mardi au&nbsp;grand <strong>salon des industries num\u00e9riques, la CeBIT de Hanovre<\/strong>, l&rsquo;une des plus grandes rencontres mondiales d&rsquo;acteurs de la d!conomy, pour aller \u00e0 la rencontre des acteurs fran\u00e7ais et francophones qui viennent y faire la promotion de leurs produits et de leurs services.<\/p>\n<p>Une d\u00e9marche bien souvent payante en terme de relations d&rsquo;affaires et de r\u00e9seau professionnel, et qu&rsquo;il s&rsquo;agirait certainement d&rsquo;encourager. La France \u00e9tait pays partenaire pour la derni\u00e8re fois en 2008, voil\u00e0 bient\u00f4t dix ans !<\/p>\n<p><img loading=\"lazy\" decoding=\"async\" class=\"wp-image-3045 size-medium alignleft\" src=\"https:\/\/www.francais-d-allemagne.eu\/nord\/wp-content\/uploads\/sites\/2\/2017\/03\/cebit-2017-300x225.jpg\" alt=\"\" width=\"300\" height=\"225\" srcset=\"https:\/\/www.francais-d-allemagne.eu\/nord\/wp-content\/uploads\/sites\/2\/2017\/03\/cebit-2017-300x225.jpg 300w, https:\/\/www.francais-d-allemagne.eu\/nord\/wp-content\/uploads\/sites\/2\/2017\/03\/cebit-2017-768x576.jpg 768w, https:\/\/www.francais-d-allemagne.eu\/nord\/wp-content\/uploads\/sites\/2\/2017\/03\/cebit-2017-1024x768.jpg 1024w, https:\/\/www.francais-d-allemagne.eu\/nord\/wp-content\/uploads\/sites\/2\/2017\/03\/cebit-2017.jpg 2046w\" sizes=\"auto, (max-width: 300px) 100vw, 300px\" \/>Un moment fort de cette journ\u00e9e a \u00e9t\u00e9 sans aucun doute la rencontre <strong>avec nos conseillers du commerce ext\u00e9rieur de la France<\/strong>, Mathieu Pouydesseau et C\u00e9cile Delettre &nbsp;ainsi que les intervenantes francophones de la conf\u00e9rence \u00ab\u00a0Boost your start-up!\u00a0\u00bb.<br \/>\n<strong><br \/>\nUn \u00e9change que je souhaite&nbsp;poursuivre, sur le terrain<\/strong>, avec nos entrepreneurs fran\u00e7ais-e-s, toujours plus nombreux \u00e0 Hambourg, Berlin et ailleurs en Allemagne du Nord.<\/p>\n<p>Mais aussi et surtout avec celles et ceux : d\u00e9veloppeurs, graphistes, business developers, cr\u00e9ateurs d&rsquo;exp\u00e9rience utilisateur, analystes data&#8230; qui font vivre l&rsquo;esprit #FrenchTech ou simplement l&rsquo;innovation dans les start-ups, les TPE\/PME\/ETI, dans les \u00e9cosyst\u00e8mes et incubateurs&#8230; car ce sont eux qui font les r\u00e9ussites de la nouvelle \u00e9conomie et mettent leur \u00e9nergie comme&nbsp;leurs id\u00e9es au service de la&nbsp;transition num\u00e9rique&nbsp;des entreprises.<\/p>\n<p>Pour celles et ceux qui seraient tent\u00e9s par une aventure d&rsquo;entrepreuneur en Allemagne, voici <strong>quelques conseils de la startup Tilkee<\/strong> qui participait cette ann\u00e9e pour la seconde fois \u00e0 la CeBIT<\/p>\n<div class=\"embed-twitter\">\n<blockquote class=\"twitter-tweet\" data-width=\"500\" data-dnt=\"true\">\n<p lang=\"fr\" dir=\"ltr\">CeBIT : des conseils pour pr\u00e9parer son business en Allemagne <a href=\"https:\/\/twitter.com\/hashtag\/FrenchTech?src=hash&amp;ref_src=twsrc%5Etfw\">#FrenchTech<\/a>  <a href=\"https:\/\/t.co\/aiDx5physP\">https:\/\/t.co\/aiDx5physP<\/a><\/p>\n<p>&mdash; \ud83d\udff0 Nico (@NicoStallivieri) <a href=\"https:\/\/twitter.com\/NicoStallivieri\/status\/844111650311585792?ref_src=twsrc%5Etfw\">March 21, 2017<\/a><\/p><\/blockquote>\n<p><script async src=\"https:\/\/platform.twitter.com\/widgets.js\" charset=\"utf-8\"><\/script><\/div>\n<p>&nbsp;<\/p>\n<p>Nicolas Stallivieri<br \/>\n<em>Conseiller consulaire \u00e9lu<\/em><br \/>\nHambourg &amp; Allemagne du Nord<\/p>\n","protected":false},"excerpt":{"rendered":"<p>Je me suis rendu ce mardi au&nbsp;grand salon des industries num\u00e9riques, la CeBIT de Hanovre, l&rsquo;une des plus grandes rencontres mondiales d&rsquo;acteurs de la d!conomy, pour aller \u00e0 la rencontre des acteurs fran\u00e7ais et francophones qui viennent y faire la promotion de leurs produits et de leurs services. Une d\u00e9marche bien souvent payante en terme [&hellip;]<\/p>\n","protected":false},"author":3,"featured_media":3049,"comment_status":"closed","ping_status":"open","sticky":false,"template":"","format":"standard","meta":{"jetpack_post_was_ever_published":false,"_jetpack_newsletter_access":"","_jetpack_dont_email_post_to_subs":false,"_jetpack_newsletter_tier_id":0,"_jetpack_memberships_contains_paywalled_content":false,"_jetpack_memberships_contains_paid_content":false,"footnotes":"","jetpack_publicize_message":"Economie num\u00e9rique et D!conomy","jetpack_publicize_feature_enabled":true,"jetpack_social_post_already_shared":true,"jetpack_social_options":{"image_generator_settings":{"template":"highway","default_image_id":0,"font":"","enabled":false},"version":2}},"categories":[163],"tags":[52,98,167],"class_list":["post-3044","post","type-post","status-publish","format-standard","has-post-thumbnail","hentry","category-economie-2","tag-basse-saxe","tag-economie","tag-hanovre"],"jetpack_publicize_connections":[],"jetpack_featured_media_url":"https:\/\/www.francais-d-allemagne.eu\/nord\/wp-content\/uploads\/sites\/2\/2017\/03\/CEBIT.jpg","jetpack_sharing_enabled":true,"jetpack_shortlink":"https:\/\/wp.me\/p4ndNg-N6","_links":{"self":[{"href":"https:\/\/www.francais-d-allemagne.eu\/nord\/wp-json\/wp\/v2\/posts\/3044","targetHints":{"allow":["GET"]}}],"collection":[{"href":"https:\/\/www.francais-d-allemagne.eu\/nord\/wp-json\/wp\/v2\/posts"}],"about":[{"href":"https:\/\/www.francais-d-allemagne.eu\/nord\/wp-json\/wp\/v2\/types\/post"}],"author":[{"embeddable":true,"href":"https:\/\/www.francais-d-allemagne.eu\/nord\/wp-json\/wp\/v2\/users\/3"}],"replies":[{"embeddable":true,"href":"https:\/\/www.francais-d-allemagne.eu\/nord\/wp-json\/wp\/v2\/comments?post=3044"}],"version-history":[{"count":10,"href":"https:\/\/www.francais-d-allemagne.eu\/nord\/wp-json\/wp\/v2\/posts\/3044\/revisions"}],"predecessor-version":[{"id":3057,"href":"https:\/\/www.francais-d-allemagne.eu\/nord\/wp-json\/wp\/v2\/posts\/3044\/revisions\/3057"}],"wp:featuredmedia":[{"embeddable":true,"href":"https:\/\/www.francais-d-allemagne.eu\/nord\/wp-json\/wp\/v2\/media\/3049"}],"wp:attachment":[{"href":"https:\/\/www.francais-d-allemagne.eu\/nord\/wp-json\/wp\/v2\/media?parent=3044"}],"wp:term":[{"taxonomy":"category","embeddable":true,"href":"https:\/\/www.francais-d-allemagne.eu\/nord\/wp-json\/wp\/v2\/categories?post=3044"},{"taxonomy":"post_tag","embeddable":true,"href":"https:\/\/www.francais-d-allemagne.eu\/nord\/wp-json\/wp\/v2\/tags?post=3044"}],"curies":[{"name":"wp","href":"https:\/\/api.w.org\/{rel}","templated":true}]}}