{"id":3085,"date":"2017-04-05T17:00:40","date_gmt":"2017-04-05T16:00:40","guid":{"rendered":"http:\/\/www.francais-d-allemagne.eu\/nord\/?p=3085"},"modified":"2017-04-03T19:20:01","modified_gmt":"2017-04-03T18:20:01","slug":"une-journee-dans-le-schleswig-holstein","status":"publish","type":"post","link":"https:\/\/www.francais-d-allemagne.eu\/nord\/2017\/04\/05\/une-journee-dans-le-schleswig-holstein\/","title":{"rendered":"Une journ\u00e9e dans le Schleswig-Holstein"},"content":{"rendered":"<p>Je me suis rendu ce dimanche \u00e0 Kappeln (Schleswig-Holstein), o\u00f9 j&rsquo;ai eu le plaisir de retrouver mon amie Annick Moro-Burgwald.<\/p>\n<p>Notre compatriote s&rsquo;engage dans cette petite ville du Nord de l&rsquo;Allemagne pour les droits des femmes, avec l&rsquo;association Frauenzimmer e.V., qu&rsquo;elle a co-fond\u00e9e et anime avec beaucoup de conviction depuis de nombreuses ann\u00e9es maintenant.<\/p>\n<p>Un engagement qui l&rsquo;a aussi conduite \u00e0 accompagner l&rsquo;int\u00e9gration des r\u00e9fugi\u00e9s dans le cadre d&rsquo;une nouvelle structure d\u00e9di\u00e9e \u00ab\u00a0Fl\u00fcchtlingshilfe Kappeln\u00a0\u00bb.<\/p>\n<p>Cette mobilisation est remarquable.<\/p>\n<p>Merci et bravo Annick !<\/p>\n<p>#RefugeesWelcome #WomanPower<\/p>\n<p>Nicolas Stallivieri<br \/>\n<em>Conseiller consulaire \u00e9lu<\/em><\/p>\n<p><img loading=\"lazy\" decoding=\"async\" class=\"size-medium wp-image-3090 alignleft\" src=\"https:\/\/www.francais-d-allemagne.eu\/nord\/wp-content\/uploads\/sites\/2\/2017\/04\/kappeln-port-300x225.jpg\" alt=\"\" width=\"300\" height=\"225\" srcset=\"https:\/\/www.francais-d-allemagne.eu\/nord\/wp-content\/uploads\/sites\/2\/2017\/04\/kappeln-port-300x225.jpg 300w, https:\/\/www.francais-d-allemagne.eu\/nord\/wp-content\/uploads\/sites\/2\/2017\/04\/kappeln-port-768x576.jpg 768w, https:\/\/www.francais-d-allemagne.eu\/nord\/wp-content\/uploads\/sites\/2\/2017\/04\/kappeln-port.jpg 800w\" sizes=\"auto, (max-width: 300px) 100vw, 300px\" \/><\/p>\n","protected":false},"excerpt":{"rendered":"<p>Je me suis rendu ce dimanche \u00e0 Kappeln (Schleswig-Holstein), o\u00f9 j&rsquo;ai eu le plaisir de retrouver mon amie Annick Moro-Burgwald. Notre compatriote s&rsquo;engage dans cette petite ville du Nord de l&rsquo;Allemagne pour les droits des femmes, avec l&rsquo;association Frauenzimmer e.V., qu&rsquo;elle a co-fond\u00e9e et anime avec beaucoup de conviction depuis de nombreuses ann\u00e9es maintenant. Un [&hellip;]<\/p>\n","protected":false},"author":3,"featured_media":3086,"comment_status":"closed","ping_status":"open","sticky":false,"template":"","format":"standard","meta":{"jetpack_post_was_ever_published":false,"_jetpack_newsletter_access":"","_jetpack_dont_email_post_to_subs":false,"_jetpack_newsletter_tier_id":0,"_jetpack_memberships_contains_paywalled_content":false,"_jetpack_memberships_contains_paid_content":false,"footnotes":"","jetpack_publicize_message":"Une journ\u00e9e dans le Schleswig-Holstein\r\n--\r\n\r\nJe me suis rendu ce dimanche \u00e0 Kappeln (Schleswig-Holstein), o\u00f9 j'ai eu le plaisir de retrouver mon amie Annick Moro-Burgwald.\r\n\r\nNotre compatriote s'engage dans cette petite ville du Nord de l'Allemagne pour les droits des femmes, avec l'association Frauenzimmer e.V., qu'elle a co-fond\u00e9e et anime avec beaucoup de conviction depuis de nombreuses ann\u00e9es maintenant.\r\n\r\nUn engagement qui l'a aussi conduite \u00e0 accompagner l'int\u00e9gration des r\u00e9fugi\u00e9s dans le cadre d'une nouvelle structure d\u00e9di\u00e9e \"Fl\u00fcchtlingshilfe Kappeln\".\r\n\r\nCette mobilisation est remarquable.\r\n\r\nMerci et bravo Annick !\r\n\r\n#RefugeesWelcome","jetpack_publicize_feature_enabled":true,"jetpack_social_post_already_shared":true,"jetpack_social_options":{"image_generator_settings":{"template":"highway","default_image_id":0,"font":"","enabled":false},"version":2}},"categories":[84],"tags":[50],"class_list":["post-3085","post","type-post","status-publish","format-standard","has-post-thumbnail","hentry","category-actualites","tag-schleswig-holstein"],"jetpack_publicize_connections":[],"jetpack_featured_media_url":"https:\/\/www.francais-d-allemagne.eu\/nord\/wp-content\/uploads\/sites\/2\/2017\/04\/2017-04-02-Kappeln-3.jpg","jetpack_sharing_enabled":true,"jetpack_shortlink":"https:\/\/wp.me\/p4ndNg-NL","_links":{"self":[{"href":"https:\/\/www.francais-d-allemagne.eu\/nord\/wp-json\/wp\/v2\/posts\/3085","targetHints":{"allow":["GET"]}}],"collection":[{"href":"https:\/\/www.francais-d-allemagne.eu\/nord\/wp-json\/wp\/v2\/posts"}],"about":[{"href":"https:\/\/www.francais-d-allemagne.eu\/nord\/wp-json\/wp\/v2\/types\/post"}],"author":[{"embeddable":true,"href":"https:\/\/www.francais-d-allemagne.eu\/nord\/wp-json\/wp\/v2\/users\/3"}],"replies":[{"embeddable":true,"href":"https:\/\/www.francais-d-allemagne.eu\/nord\/wp-json\/wp\/v2\/comments?post=3085"}],"version-history":[{"count":6,"href":"https:\/\/www.francais-d-allemagne.eu\/nord\/wp-json\/wp\/v2\/posts\/3085\/revisions"}],"predecessor-version":[{"id":3095,"href":"https:\/\/www.francais-d-allemagne.eu\/nord\/wp-json\/wp\/v2\/posts\/3085\/revisions\/3095"}],"wp:featuredmedia":[{"embeddable":true,"href":"https:\/\/www.francais-d-allemagne.eu\/nord\/wp-json\/wp\/v2\/media\/3086"}],"wp:attachment":[{"href":"https:\/\/www.francais-d-allemagne.eu\/nord\/wp-json\/wp\/v2\/media?parent=3085"}],"wp:term":[{"taxonomy":"category","embeddable":true,"href":"https:\/\/www.francais-d-allemagne.eu\/nord\/wp-json\/wp\/v2\/categories?post=3085"},{"taxonomy":"post_tag","embeddable":true,"href":"https:\/\/www.francais-d-allemagne.eu\/nord\/wp-json\/wp\/v2\/tags?post=3085"}],"curies":[{"name":"wp","href":"https:\/\/api.w.org\/{rel}","templated":true}]}}