{"id":3178,"date":"2017-05-18T14:55:47","date_gmt":"2017-05-18T13:55:47","guid":{"rendered":"http:\/\/www.francais-d-allemagne.eu\/nord\/?p=3178"},"modified":"2017-05-22T14:23:50","modified_gmt":"2017-05-22T13:23:50","slug":"myfrenchfilmfestival-prix-de-la-critique-aefe","status":"publish","type":"post","link":"https:\/\/www.francais-d-allemagne.eu\/nord\/2017\/05\/18\/myfrenchfilmfestival-prix-de-la-critique-aefe\/","title":{"rendered":"#myFrenchFilmFestival Prix de la critique AEFE"},"content":{"rendered":"<p>Cette ann\u00e9e il n&rsquo;y en aura pas que pour les stars au Festival de Cannes, certaines venues de Hambourg risquent de leur voler la vedette !<\/p>\n<p>Ce samedi 20 mai 2017, le pavillon UniFrance accueillera en effet la remise du Prix AEFE de la critique myFrenchFilmFestival. Un prix ouvert aux lyc\u00e9ens du r\u00e9seau des \u00e9tablissements d&rsquo;enseignement fran\u00e7ais \u00e0 l&rsquo;\u00e9tranger (AEFE) suivant une option \u00ab cin\u00e9ma audiovisuel \u00bb.<\/p>\n<p>Mme Isabelle Giordano, directrice g\u00e9n\u00e9rale d\u2019UniFrance, et Mme Marie-Christine Saragosse, Pr\u00e9sidente \u2013 Directrice g\u00e9n\u00e9rale de France M\u00e9dias Monde, remettront ainsi les prix aux \u00e9l\u00e8ves laur\u00e9ats, issus des lyc\u00e9es fran\u00e7ais de Johannesbourg, d\u2019Ottawa, de Tokyo&#8230; et bien s\u00fbr de Hambourg !<\/p>\n<p>Un grand bravo donc \u00e0 notre laur\u00e9ate de Hambourg, Emma Dodgson, \u00e9l\u00e8ve de Terminale L au Lyc\u00e9e St-Exup\u00e9ry et participante \u00e0 l&rsquo;atelier cinema-audiovisuel du lyc\u00e9e.<\/p>\n<p>Avec toutes nos f\u00e9licitations et en souhaitant beaucoup de r\u00e9ussite aux autres laur\u00e9ats et ainsi qu&rsquo;\u00e0 tous les participant-e-s venus des quatre coins du r\u00e9seau AEFE.<\/p>\n<p>En savoir plus sur <a href=\"http:\/\/www.myfrenchfilmfestival.com\/fr\/\" target=\"_blank\">myFrenchFilmFestival<\/a><\/p>\n","protected":false},"excerpt":{"rendered":"<p>Cette ann\u00e9e il n&rsquo;y en aura pas que pour les stars au Festival de Cannes, certaines venues de Hambourg risquent de leur voler la vedette ! Ce samedi 20 mai 2017, le pavillon UniFrance accueillera en effet la remise du Prix AEFE de la critique myFrenchFilmFestival. Un prix ouvert aux lyc\u00e9ens du r\u00e9seau des \u00e9tablissements [&hellip;]<\/p>\n","protected":false},"author":3,"featured_media":3179,"comment_status":"closed","ping_status":"open","sticky":false,"template":"","format":"standard","meta":{"jetpack_post_was_ever_published":false,"_jetpack_newsletter_access":"","_jetpack_dont_email_post_to_subs":false,"_jetpack_newsletter_tier_id":0,"_jetpack_memberships_contains_paywalled_content":false,"_jetpack_memberships_contains_paid_content":false,"footnotes":"","jetpack_publicize_message":"#myFrenchFilmFestival Prix de la critique AEFE\r\n\r\nCette ann\u00e9e il n'y en aura pas que pour les stars au Festival de Cannes, certaines venues de Hambourg risquent de leur voler la vedette !\r\n\r\nCe samedi 20 mai 2017, le pavillon UniFrance accueillera en effet la remise du Prix AEFE de la critique myFrenchFilmFestival.\r\nUn prix ouvert aux lyc\u00e9ens du r\u00e9seau des \u00e9tablissements d'enseignement fran\u00e7ais \u00e0 l'\u00e9tranger (AEFE) suivant une option \u00ab cin\u00e9ma audiovisuel \u00bb.\r\n\r\nMme Isabelle Giordano, directrice g\u00e9n\u00e9rale d\u2019UniFrance, et Mme Marie-Christine Saragosse, Pr\u00e9sidente \u2013 Directrice g\u00e9n\u00e9rale de France M\u00e9dias Monde, remettront les prix aux \u00e9l\u00e8ves laur\u00e9ats, issus des lyc\u00e9es fran\u00e7ais de Johannesbourg, d\u2019Ottawa, de Tokyo... et bien s\u00fbr de Hambourg !\r\n\r\nUn grand bravo donc \u00e0 notre laur\u00e9ate de Hambourg, Emma Dodgson, \u00e9l\u00e8ve de Terminale S au Lyc\u00e9e St-Exup\u00e9ry et participante \u00e0 l'atelier cinema-audiovisuel du lyc\u00e9e.\r\n\r\nAvec toutes nos f\u00e9licitations et en souhaitant beaucoup de r\u00e9ussite aux autres laur\u00e9ats et ainsi qu'\u00e0 tous les participant-e-s venus des quatre coins du r\u00e9seau AEFE.","jetpack_publicize_feature_enabled":true,"jetpack_social_post_already_shared":true,"jetpack_social_options":{"image_generator_settings":{"template":"highway","default_image_id":0,"font":"","enabled":false},"version":2}},"categories":[84,87,77],"tags":[169,44,166],"class_list":["post-3178","post","type-post","status-publish","format-standard","has-post-thumbnail","hentry","category-actualites","category-culture-2","category-education-2","tag-culture","tag-education","tag-hambourg"],"jetpack_publicize_connections":[],"jetpack_featured_media_url":"https:\/\/www.francais-d-allemagne.eu\/nord\/wp-content\/uploads\/sites\/2\/2017\/05\/myfrenchfilmfestival-2017-e1495115751766.jpg","jetpack_sharing_enabled":true,"jetpack_shortlink":"https:\/\/wp.me\/p4ndNg-Pg","_links":{"self":[{"href":"https:\/\/www.francais-d-allemagne.eu\/nord\/wp-json\/wp\/v2\/posts\/3178","targetHints":{"allow":["GET"]}}],"collection":[{"href":"https:\/\/www.francais-d-allemagne.eu\/nord\/wp-json\/wp\/v2\/posts"}],"about":[{"href":"https:\/\/www.francais-d-allemagne.eu\/nord\/wp-json\/wp\/v2\/types\/post"}],"author":[{"embeddable":true,"href":"https:\/\/www.francais-d-allemagne.eu\/nord\/wp-json\/wp\/v2\/users\/3"}],"replies":[{"embeddable":true,"href":"https:\/\/www.francais-d-allemagne.eu\/nord\/wp-json\/wp\/v2\/comments?post=3178"}],"version-history":[{"count":4,"href":"https:\/\/www.francais-d-allemagne.eu\/nord\/wp-json\/wp\/v2\/posts\/3178\/revisions"}],"predecessor-version":[{"id":3183,"href":"https:\/\/www.francais-d-allemagne.eu\/nord\/wp-json\/wp\/v2\/posts\/3178\/revisions\/3183"}],"wp:featuredmedia":[{"embeddable":true,"href":"https:\/\/www.francais-d-allemagne.eu\/nord\/wp-json\/wp\/v2\/media\/3179"}],"wp:attachment":[{"href":"https:\/\/www.francais-d-allemagne.eu\/nord\/wp-json\/wp\/v2\/media?parent=3178"}],"wp:term":[{"taxonomy":"category","embeddable":true,"href":"https:\/\/www.francais-d-allemagne.eu\/nord\/wp-json\/wp\/v2\/categories?post=3178"},{"taxonomy":"post_tag","embeddable":true,"href":"https:\/\/www.francais-d-allemagne.eu\/nord\/wp-json\/wp\/v2\/tags?post=3178"}],"curies":[{"name":"wp","href":"https:\/\/api.w.org\/{rel}","templated":true}]}}