{"id":3184,"date":"2017-05-22T17:30:19","date_gmt":"2017-05-22T16:30:19","guid":{"rendered":"http:\/\/www.francais-d-allemagne.eu\/nord\/?p=3184"},"modified":"2019-02-10T13:21:25","modified_gmt":"2019-02-10T12:21:25","slug":"projet-de-lycee-franco-allemand-de-hambourg-mise-en-ligne-de-lespace-dinformation","status":"publish","type":"post","link":"https:\/\/www.francais-d-allemagne.eu\/nord\/2017\/05\/22\/projet-de-lycee-franco-allemand-de-hambourg-mise-en-ligne-de-lespace-dinformation\/","title":{"rendered":"Projet de lyc\u00e9e franco-allemand de Hambourg : mise en ligne de l&rsquo;espace d&rsquo;information"},"content":{"rendered":"<p>Le<strong> nouvel espace d&rsquo;information<\/strong> \u00e0 destination de l&rsquo;ensemble de la communaut\u00e9 scolaire du Lyc\u00e9e St-Exup\u00e9ry ainsi que des familles francophones \u00e9tablies \u00e0 Hambourg est en ligne !<\/p>\n<blockquote><p>Il est accessible en langue fran\u00e7aise sur le site du lyc\u00e9e en suivant ce lien :<\/p>\n<p><strong><a href=\"https:\/\/lfh.de\/fr\" target=\"_blank\" rel=\"noopener noreferrer\">https:\/\/lfh.de\/fr<\/a><\/strong><em> et en cliquant l&rsquo;onglet <\/em><strong>Projet LFA 2020<\/strong><em>.<\/em><\/p>\n<p><em>en allemand : suivre ce <a href=\"https:\/\/lfh.de\/\" target=\"_blank\" rel=\"noopener noreferrer\">lien<\/a> et cliquer l&rsquo;onglet <strong>Projekt DFG 2020<\/strong><\/em><\/p><\/blockquote>\n<p>Vous y trouverez toutes les informations relatives au projet de lyc\u00e9e franco-allemand de Hambourg et pourrez y consulter des \u00e9l\u00e9ments clairs concernant le cadre et les grandes orientations du projet, en particulier en mati\u00e8re de p\u00e9dagogie et la scolarit\u00e9.<\/p>\n<p><strong>Des mises \u00e0 jour r\u00e9guli\u00e8res<\/strong> viendront, au fil du projet, apporter des pr\u00e9cisions sur les points discut\u00e9s par les groupes de travail locaux mais aussi relayer les d\u00e9cisions prises par le comit\u00e9 de pilotage franco-allemand \u00e9tabli sur proposition du Ministre des Affaires \u00c9trang\u00e8res, M. Ayrault ce printemps.<\/p>\n<p><strong>Nous vous invitons \u00e0 consulter cet espace<\/strong> en particulier si vous souhaitez savoir en quoi et comment ce projet peut vous concerner, si vous \u00eates parents d&rsquo;enfants scolaris\u00e9s au Lyc\u00e9e Fran\u00e7ais de Hambourg ou si vous r\u00e9fl\u00e9chissez \u00e0 inscrire votre enfant dans le futur \u00e9tablissement, dont la premi\u00e8re rentr\u00e9e est pr\u00e9vue pour l&rsquo;ann\u00e9e scolaire 2020\/21.<\/p>\n<p><strong>Nous saluons l&rsquo;effort de communication et de transparence<\/strong> mis en oeuvre ainsi, comme les acteurs concern\u00e9s s&rsquo;y sont engag\u00e9s \u00e0 plusieurs reprises, notamment lors du conseil consulaire \u00ab\u00a0Enseignement fran\u00e7ais en Allemagne du Nord\u00a0\u00bb du 6 avril 2017.<\/p>\n","protected":false},"excerpt":{"rendered":"<p>Le nouvel espace d&rsquo;information \u00e0 destination de l&rsquo;ensemble de la communaut\u00e9 scolaire du Lyc\u00e9e St-Exup\u00e9ry ainsi que des familles francophones \u00e9tablies \u00e0 Hambourg est en ligne ! Il est accessible en langue fran\u00e7aise sur le site du lyc\u00e9e en suivant ce lien : https:\/\/lfh.de\/fr et en cliquant l&rsquo;onglet Projet LFA 2020. en allemand : suivre [&hellip;]<\/p>\n","protected":false},"author":3,"featured_media":2602,"comment_status":"closed","ping_status":"open","sticky":false,"template":"","format":"standard","meta":{"jetpack_post_was_ever_published":false,"_jetpack_newsletter_access":"","_jetpack_dont_email_post_to_subs":false,"_jetpack_newsletter_tier_id":0,"_jetpack_memberships_contains_paywalled_content":false,"_jetpack_memberships_contains_paid_content":false,"footnotes":"","jetpack_publicize_message":"Projet de lyc\u00e9e franco-allemand de Hambourg : mise en ligne de l'espace d'information sur le site du lyc\u00e9e.","jetpack_publicize_feature_enabled":true,"jetpack_social_post_already_shared":true,"jetpack_social_options":{"image_generator_settings":{"template":"highway","default_image_id":0,"font":"","enabled":false},"version":2}},"categories":[77],"tags":[44,166],"class_list":["post-3184","post","type-post","status-publish","format-standard","has-post-thumbnail","hentry","category-education-2","tag-education","tag-hambourg"],"jetpack_publicize_connections":[],"jetpack_featured_media_url":"https:\/\/www.francais-d-allemagne.eu\/nord\/wp-content\/uploads\/sites\/2\/2016\/10\/LFH.jpg","jetpack_sharing_enabled":true,"jetpack_shortlink":"https:\/\/wp.me\/p4ndNg-Pm","_links":{"self":[{"href":"https:\/\/www.francais-d-allemagne.eu\/nord\/wp-json\/wp\/v2\/posts\/3184","targetHints":{"allow":["GET"]}}],"collection":[{"href":"https:\/\/www.francais-d-allemagne.eu\/nord\/wp-json\/wp\/v2\/posts"}],"about":[{"href":"https:\/\/www.francais-d-allemagne.eu\/nord\/wp-json\/wp\/v2\/types\/post"}],"author":[{"embeddable":true,"href":"https:\/\/www.francais-d-allemagne.eu\/nord\/wp-json\/wp\/v2\/users\/3"}],"replies":[{"embeddable":true,"href":"https:\/\/www.francais-d-allemagne.eu\/nord\/wp-json\/wp\/v2\/comments?post=3184"}],"version-history":[{"count":9,"href":"https:\/\/www.francais-d-allemagne.eu\/nord\/wp-json\/wp\/v2\/posts\/3184\/revisions"}],"predecessor-version":[{"id":3950,"href":"https:\/\/www.francais-d-allemagne.eu\/nord\/wp-json\/wp\/v2\/posts\/3184\/revisions\/3950"}],"wp:featuredmedia":[{"embeddable":true,"href":"https:\/\/www.francais-d-allemagne.eu\/nord\/wp-json\/wp\/v2\/media\/2602"}],"wp:attachment":[{"href":"https:\/\/www.francais-d-allemagne.eu\/nord\/wp-json\/wp\/v2\/media?parent=3184"}],"wp:term":[{"taxonomy":"category","embeddable":true,"href":"https:\/\/www.francais-d-allemagne.eu\/nord\/wp-json\/wp\/v2\/categories?post=3184"},{"taxonomy":"post_tag","embeddable":true,"href":"https:\/\/www.francais-d-allemagne.eu\/nord\/wp-json\/wp\/v2\/tags?post=3184"}],"curies":[{"name":"wp","href":"https:\/\/api.w.org\/{rel}","templated":true}]}}