{"id":3207,"date":"2017-06-04T11:49:06","date_gmt":"2017-06-04T10:49:06","guid":{"rendered":"http:\/\/www.francais-d-allemagne.eu\/nord\/?p=3207"},"modified":"2019-07-24T15:30:02","modified_gmt":"2019-07-24T14:30:02","slug":"legislatives-2017-resultats-provisoires-du-premier-tour-a-hambourg","status":"publish","type":"post","link":"https:\/\/www.francais-d-allemagne.eu\/nord\/2017\/06\/04\/legislatives-2017-resultats-provisoires-du-premier-tour-a-hambourg\/","title":{"rendered":"L\u00e9gislatives 2017 : r\u00e9sultats provisoires du premier tour \u00e0 Hambourg"},"content":{"rendered":"<p><span id=\"selectionBoundary_1496573682140_03256354836851216\" class=\"rangySelectionBoundary\" style=\"line-height: 0\"><\/span>voici les r\u00e9sultats provisoires du premier tour :<\/p>\n<p>Inscrits : 4.412<\/p>\n<p>Votants : 1.330 (Participation : 30.14%)<\/p>\n<p>Suffrages exprim\u00e9s : 1.322<\/p>\n<p>Blancs et nuls : 8<\/p>\n<table>\n<tbody>\n<tr>\n<td>Candidat\/e<\/td>\n<td>Suffrages<\/td>\n<td>% des exprim\u00e9s<\/td>\n<\/tr>\n<tr>\n<td>1. Mme Maeva DURAND, rempla\u00e7ant M. Eric BOURGUIGNON<\/td>\n<td style=\"text-align: right\">5<\/td>\n<td style=\"text-align: right\">\u00a00.37%<\/td>\n<\/tr>\n<tr>\n<td>2. M. Pierre ROMMEVAUX, rempla\u00e7ant M. Jorge GOMES-FERREIRA<\/td>\n<td style=\"text-align: right\">7<\/td>\n<td style=\"text-align: right\">\u00a00.52%<\/td>\n<\/tr>\n<tr>\n<td>3. Mme M\u00e9lanie LEGRAND, rempla\u00e7ant M. Vincent CRUBLET<\/td>\n<td style=\"text-align: right\">9<\/td>\n<td style=\"text-align: right\">\u00a00.68%<\/td>\n<\/tr>\n<tr>\n<td>4. M. Ludovic LEMOUES, rempla\u00e7ant M. Philippe LONCHAMPT<\/td>\n<td style=\"text-align: right\">5<\/td>\n<td style=\"text-align: right\">\u00a00.37%<\/td>\n<\/tr>\n<tr>\n<td>5. Mme Delphine LYON, rempla\u00e7ant M. Sylvain FOURNIER<\/td>\n<td style=\"text-align: right\">3<\/td>\n<td style=\"text-align: right\">\u00a00.22%<\/td>\n<\/tr>\n<tr>\n<td>6. M. Beno\u00eet MAYRAND, rempla\u00e7ant M. Henri ZELLER<\/td>\n<td style=\"text-align: right\">16<\/td>\n<td style=\"text-align: right\">\u00a01.21%<\/td>\n<\/tr>\n<tr>\n<td><strong>7. M. Fran\u00e7ois-J\u00e9r\u00f4me LALLEMAND<\/strong>, rempla\u00e7ante Mme Katia BOURACHOT-FUCHEY<\/td>\n<td style=\"text-align: right\"><strong>106<\/strong><\/td>\n<td style=\"text-align: right\"><strong>8.01%<\/strong><\/td>\n<\/tr>\n<tr>\n<td><strong>8. M. Pierre-Yves LE BORGN\u2019<\/strong>, rempla\u00e7ante Mme Pascale SEUX<\/td>\n<td style=\"text-align: right\"><strong>193<\/strong><\/td>\n<td style=\"text-align: right\"><strong>14.59%<\/strong><\/td>\n<\/tr>\n<tr>\n<td><strong>9. M. Fr\u00e9d\u00e9ric PETIT<\/strong>, rempla\u00e7ant M. Olivier FLECKINGER<\/td>\n<td style=\"text-align: right\"><strong>734<\/strong><\/td>\n<td style=\"text-align: right\"><strong>55.52%<\/strong><\/td>\n<\/tr>\n<tr>\n<td>10. Mme Laurence THIERRY, rempla\u00e7ant M. Antoine BONNET<\/td>\n<td style=\"text-align: right\">6<\/td>\n<td style=\"text-align: right\">\u00a00.45%<\/td>\n<\/tr>\n<tr>\n<td><strong>11. M. Philippe GUSTIN<\/strong>, rempla\u00e7ante Mme Marine CHOLEY<\/td>\n<td style=\"text-align: right\"><strong>81<\/strong><\/td>\n<td style=\"text-align: right\"><strong>6.12%<\/strong><\/td>\n<\/tr>\n<tr>\n<td>12. M. Bruno SCRIVE, rempla\u00e7ante Mme C\u00e9line SCRIVE<\/td>\n<td style=\"text-align: right\">3<\/td>\n<td style=\"text-align: right\">\u00a00.22%<\/td>\n<\/tr>\n<tr>\n<td><strong>13. Mme Anna DEPARNAY-GRUNENBERG<\/strong>, rempla\u00e7ant M. Florian CHIRON<\/td>\n<td style=\"text-align: right\"><strong>138<\/strong><\/td>\n<td style=\"text-align: right\"><strong>10.43%<\/strong><\/td>\n<\/tr>\n<tr>\n<td>14. M. Jean-Pierre HOTTINGER, rempla\u00e7ante Mme Carole SCARZELLA<\/td>\n<td style=\"text-align: right\">16<\/td>\n<td style=\"text-align: right\">\u00a01.21%<\/td>\n<\/tr>\n<tr>\n<td>15. Mme Marie-Claire SEBASTIEN, rempla\u00e7ant M. Gilles PAULI<\/td>\n<td style=\"text-align: right\">0<\/td>\n<td style=\"text-align: right\">\u00a0&#8211;<\/td>\n<\/tr>\n<\/tbody>\n<\/table>\n","protected":false},"excerpt":{"rendered":"<p>voici les r\u00e9sultats provisoires du premier tour : Inscrits : 4.412 Votants : 1.330 (Participation : 30.14%) Suffrages exprim\u00e9s : 1.322 Blancs et nuls : 8 Candidat\/e Suffrages % des exprim\u00e9s 1. Mme Maeva DURAND, rempla\u00e7ant M. Eric BOURGUIGNON 5 \u00a00.37% 2. M. Pierre ROMMEVAUX, rempla\u00e7ant M. Jorge GOMES-FERREIRA 7 \u00a00.52% 3. Mme M\u00e9lanie LEGRAND, [&hellip;]<\/p>\n","protected":false},"author":3,"featured_media":0,"comment_status":"closed","ping_status":"open","sticky":false,"template":"","format":"standard","meta":{"jetpack_post_was_ever_published":false,"_jetpack_newsletter_access":"","_jetpack_dont_email_post_to_subs":false,"_jetpack_newsletter_tier_id":0,"_jetpack_memberships_contains_paywalled_content":false,"_jetpack_memberships_contains_paid_content":false,"footnotes":"","jetpack_publicize_message":"","jetpack_publicize_feature_enabled":true,"jetpack_social_post_already_shared":true,"jetpack_social_options":{"image_generator_settings":{"template":"highway","default_image_id":0,"font":"","enabled":false},"version":2}},"categories":[84,184],"tags":[170,164,166],"class_list":["post-3207","post","type-post","status-publish","format-standard","hentry","category-actualites","category-elections","tag-elections","tag-elections-legislatives","tag-hambourg"],"jetpack_publicize_connections":[],"jetpack_featured_media_url":"","jetpack_sharing_enabled":true,"jetpack_shortlink":"https:\/\/wp.me\/p4ndNg-PJ","_links":{"self":[{"href":"https:\/\/www.francais-d-allemagne.eu\/nord\/wp-json\/wp\/v2\/posts\/3207","targetHints":{"allow":["GET"]}}],"collection":[{"href":"https:\/\/www.francais-d-allemagne.eu\/nord\/wp-json\/wp\/v2\/posts"}],"about":[{"href":"https:\/\/www.francais-d-allemagne.eu\/nord\/wp-json\/wp\/v2\/types\/post"}],"author":[{"embeddable":true,"href":"https:\/\/www.francais-d-allemagne.eu\/nord\/wp-json\/wp\/v2\/users\/3"}],"replies":[{"embeddable":true,"href":"https:\/\/www.francais-d-allemagne.eu\/nord\/wp-json\/wp\/v2\/comments?post=3207"}],"version-history":[{"count":9,"href":"https:\/\/www.francais-d-allemagne.eu\/nord\/wp-json\/wp\/v2\/posts\/3207\/revisions"}],"predecessor-version":[{"id":3216,"href":"https:\/\/www.francais-d-allemagne.eu\/nord\/wp-json\/wp\/v2\/posts\/3207\/revisions\/3216"}],"wp:attachment":[{"href":"https:\/\/www.francais-d-allemagne.eu\/nord\/wp-json\/wp\/v2\/media?parent=3207"}],"wp:term":[{"taxonomy":"category","embeddable":true,"href":"https:\/\/www.francais-d-allemagne.eu\/nord\/wp-json\/wp\/v2\/categories?post=3207"},{"taxonomy":"post_tag","embeddable":true,"href":"https:\/\/www.francais-d-allemagne.eu\/nord\/wp-json\/wp\/v2\/tags?post=3207"}],"curies":[{"name":"wp","href":"https:\/\/api.w.org\/{rel}","templated":true}]}}