{"id":3217,"date":"2017-06-04T22:29:30","date_gmt":"2017-06-04T21:29:30","guid":{"rendered":"http:\/\/www.francais-d-allemagne.eu\/nord\/?p=3217"},"modified":"2017-09-26T13:18:42","modified_gmt":"2017-09-26T12:18:42","slug":"legislatives-2017-resultats-provisoires-a-berlin","status":"publish","type":"post","link":"https:\/\/www.francais-d-allemagne.eu\/nord\/2017\/06\/04\/legislatives-2017-resultats-provisoires-a-berlin\/","title":{"rendered":"L\u00e9gislatives 2017 : r\u00e9sultats provisoires du premier tour \u00e0 Berlin"},"content":{"rendered":"<p><span id=\"selectionBoundary_1496573682140_03256354836851216\" class=\"rangySelectionBoundary\" style=\"line-height: 0\"><\/span>voici les r\u00e9sultats provisoires du premier tour \u00e0 Berlin &#8211; incluant ceux des centres de vote de Hanovre et Br\u00eame &#8211;<\/p>\n<p>Inscrits : 15.427<\/p>\n<p>Votants : 4.616 (Participation : 29.92%)<\/p>\n<p>Suffrages exprim\u00e9s : 4.590<\/p>\n<p>Blancs et nuls : 26<\/p>\n<table>\n<tbody>\n<tr>\n<td>Candidat\/e<\/td>\n<td>Suffrages<\/td>\n<td>% des exprim\u00e9s<\/td>\n<\/tr>\n<tr>\n<td>1. Mme Maeva DURAND, rempla\u00e7ant M. Eric BOURGUIGNON<\/td>\n<td style=\"text-align: right\">51<\/td>\n<td style=\"text-align: right\">&nbsp;1.11%<\/td>\n<\/tr>\n<tr>\n<td>2. M. Pierre ROMMEVAUX, rempla\u00e7ant M. Jorge GOMES-FERREIRA<\/td>\n<td style=\"text-align: right\">20<\/td>\n<td style=\"text-align: right\">&nbsp;0.43%<\/td>\n<\/tr>\n<tr>\n<td>3. Mme M\u00e9lanie LEGRAND, rempla\u00e7ant M. Vincent CRUBLET<\/td>\n<td style=\"text-align: right\">40<\/td>\n<td style=\"text-align: right\">&nbsp;0.87%<\/td>\n<\/tr>\n<tr>\n<td>4. M. Ludovic LEMOUES, rempla\u00e7ant M. Philippe LONCHAMPT<\/td>\n<td style=\"text-align: right\">4<\/td>\n<td style=\"text-align: right\">&nbsp;0.08%<\/td>\n<\/tr>\n<tr>\n<td>5. Mme Delphine LYON, rempla\u00e7ant M. Sylvain FOURNIER<\/td>\n<td style=\"text-align: right\">32<\/td>\n<td style=\"text-align: right\">&nbsp;0.69%<\/td>\n<\/tr>\n<tr>\n<td>6. M. Beno\u00eet MAYRAND, rempla\u00e7ant M. Henri ZELLER \/ UDI<\/td>\n<td style=\"text-align: right\">18<\/td>\n<td style=\"text-align: right\">&nbsp;0.39%<\/td>\n<\/tr>\n<tr>\n<td><strong>7. M. Fran\u00e7ois-J\u00e9r\u00f4me LALLEMAND<\/strong>, rempla\u00e7ante Mme Katia BOURACHOT-FUCHEY \/ France Insoumise<\/td>\n<td style=\"text-align: right\"><strong>626<\/strong><\/td>\n<td style=\"text-align: right\"><strong>13.63%<\/strong><\/td>\n<\/tr>\n<tr>\n<td><strong>8. M. Pierre-Yves LE BORGN\u2019<\/strong>, rempla\u00e7ante Mme Pascale SEUX \/ Parti Socialiste<\/td>\n<td style=\"text-align: right\"><strong>688<\/strong><\/td>\n<td style=\"text-align: right\"><strong>14.99%<\/strong><\/td>\n<\/tr>\n<tr>\n<td><strong>9. M. Fr\u00e9d\u00e9ric PETIT<\/strong>, rempla\u00e7ant M. Olivier FLECKINGER \/ Modem, La R\u00e9publique en Marche<\/td>\n<td style=\"text-align: right\"><strong>2.132<\/strong><\/td>\n<td style=\"text-align: right\"><strong>46.44%<\/strong><\/td>\n<\/tr>\n<tr>\n<td>10. Mme Laurence THIERRY, rempla\u00e7ant M. Antoine BONNET<\/td>\n<td style=\"text-align: right\">32<\/td>\n<td style=\"text-align: right\">&nbsp;0.69%<\/td>\n<\/tr>\n<tr>\n<td><strong>11. M. Philippe GUSTIN<\/strong>, rempla\u00e7ante Mme Marine CHOLEY \/ Les R\u00e9publicains<\/td>\n<td style=\"text-align: right\"><strong>151<\/strong><\/td>\n<td style=\"text-align: right\"><strong>3.29%<\/strong><\/td>\n<\/tr>\n<tr>\n<td>12. M. Bruno SCRIVE, rempla\u00e7ante Mme C\u00e9line SCRIVE<\/td>\n<td style=\"text-align: right\">7<\/td>\n<td style=\"text-align: right\">&nbsp;0.15%<\/td>\n<\/tr>\n<tr>\n<td><strong>13. Mme Anna DEPARNAY-GRUNENBERG<\/strong>, rempla\u00e7ant M. Florian CHIRON \/ Europe \u00c9cologie les Verts EELV<\/td>\n<td style=\"text-align: right\"><strong>737<\/strong><\/td>\n<td style=\"text-align: right\"><strong>16.05%<\/strong><\/td>\n<\/tr>\n<tr>\n<td>14. M. Jean-Pierre HOTTINGER, rempla\u00e7ante Mme Carole SCARZELLA \/ FN<\/td>\n<td style=\"text-align: right\">52<\/td>\n<td style=\"text-align: right\">&nbsp;1.13%<\/td>\n<\/tr>\n<tr>\n<td>15. Mme Marie-Claire SEBASTIEN, rempla\u00e7ant M. Gilles PAULI<\/td>\n<td style=\"text-align: right\">0<\/td>\n<td style=\"text-align: right\">&nbsp;&#8211;<\/td>\n<\/tr>\n<\/tbody>\n<\/table>\n","protected":false},"excerpt":{"rendered":"<p>voici les r\u00e9sultats provisoires du premier tour \u00e0 Berlin &#8211; incluant ceux des centres de vote de Hanovre et Br\u00eame &#8211; Inscrits : 15.427 Votants : 4.616 (Participation : 29.92%) Suffrages exprim\u00e9s : 4.590 Blancs et nuls : 26 Candidat\/e Suffrages % des exprim\u00e9s 1. Mme Maeva DURAND, rempla\u00e7ant M. Eric BOURGUIGNON 51 &nbsp;1.11% 2. [&hellip;]<\/p>\n","protected":false},"author":3,"featured_media":3201,"comment_status":"closed","ping_status":"open","sticky":false,"template":"","format":"standard","meta":{"jetpack_post_was_ever_published":false,"_jetpack_newsletter_access":"","_jetpack_dont_email_post_to_subs":false,"_jetpack_newsletter_tier_id":0,"_jetpack_memberships_contains_paywalled_content":false,"_jetpack_memberships_contains_paid_content":false,"footnotes":"","jetpack_publicize_message":"","jetpack_publicize_feature_enabled":true,"jetpack_social_post_already_shared":true,"jetpack_social_options":{"image_generator_settings":{"template":"highway","default_image_id":0,"font":"","enabled":false},"version":2}},"categories":[84,184],"tags":[49,170,164],"class_list":["post-3217","post","type-post","status-publish","format-standard","has-post-thumbnail","hentry","category-actualites","category-elections","tag-berlin","tag-elections","tag-elections-legislatives"],"jetpack_publicize_connections":[],"jetpack_featured_media_url":"https:\/\/www.francais-d-allemagne.eu\/nord\/wp-content\/uploads\/sites\/2\/2017\/05\/elections-legislatives-2017.jpg","jetpack_sharing_enabled":true,"jetpack_shortlink":"https:\/\/wp.me\/p4ndNg-PT","_links":{"self":[{"href":"https:\/\/www.francais-d-allemagne.eu\/nord\/wp-json\/wp\/v2\/posts\/3217","targetHints":{"allow":["GET"]}}],"collection":[{"href":"https:\/\/www.francais-d-allemagne.eu\/nord\/wp-json\/wp\/v2\/posts"}],"about":[{"href":"https:\/\/www.francais-d-allemagne.eu\/nord\/wp-json\/wp\/v2\/types\/post"}],"author":[{"embeddable":true,"href":"https:\/\/www.francais-d-allemagne.eu\/nord\/wp-json\/wp\/v2\/users\/3"}],"replies":[{"embeddable":true,"href":"https:\/\/www.francais-d-allemagne.eu\/nord\/wp-json\/wp\/v2\/comments?post=3217"}],"version-history":[{"count":7,"href":"https:\/\/www.francais-d-allemagne.eu\/nord\/wp-json\/wp\/v2\/posts\/3217\/revisions"}],"predecessor-version":[{"id":3224,"href":"https:\/\/www.francais-d-allemagne.eu\/nord\/wp-json\/wp\/v2\/posts\/3217\/revisions\/3224"}],"wp:featuredmedia":[{"embeddable":true,"href":"https:\/\/www.francais-d-allemagne.eu\/nord\/wp-json\/wp\/v2\/media\/3201"}],"wp:attachment":[{"href":"https:\/\/www.francais-d-allemagne.eu\/nord\/wp-json\/wp\/v2\/media?parent=3217"}],"wp:term":[{"taxonomy":"category","embeddable":true,"href":"https:\/\/www.francais-d-allemagne.eu\/nord\/wp-json\/wp\/v2\/categories?post=3217"},{"taxonomy":"post_tag","embeddable":true,"href":"https:\/\/www.francais-d-allemagne.eu\/nord\/wp-json\/wp\/v2\/tags?post=3217"}],"curies":[{"name":"wp","href":"https:\/\/api.w.org\/{rel}","templated":true}]}}