{"id":3234,"date":"2017-07-21T16:00:54","date_gmt":"2017-07-21T15:00:54","guid":{"rendered":"http:\/\/www.francais-d-allemagne.eu\/nord\/?p=3234"},"modified":"2017-08-14T10:41:42","modified_gmt":"2017-08-14T09:41:42","slug":"joelle-ohlmer-trouve-est-notre-nouvelle-collegue-conseillere-consulaire-elue-en-allemagne-du-nord","status":"publish","type":"post","link":"https:\/\/www.francais-d-allemagne.eu\/nord\/2017\/07\/21\/joelle-ohlmer-trouve-est-notre-nouvelle-collegue-conseillere-consulaire-elue-en-allemagne-du-nord\/","title":{"rendered":"Jo\u00eblle Ohlmer-Trouv\u00e9 est notre nouvelle coll\u00e8gue Conseill\u00e8re consulaire \u00e9lue en Allemagne du Nord"},"content":{"rendered":"<p>Depuis le 1er juillet <strong><a href=\"https:\/\/www.francais-d-allemagne.eu\/nord\/notre-equipe\/joelle-ohlmer-trouve\/\">Jo\u00eblle Ohlmer-Trouv\u00e9<\/a> est notre nouvelle coll\u00e8gue Conseill\u00e8re consulaire \u00e9lue<\/strong> apr\u00e8s la d\u00e9mission au 30 juin de Natacha Boroukhoff, que nous remercions pour son travail depuis mai 2014. Natacha a souhait\u00e9 passer la main notamment pour se consacrer \u00e0 sa famille et \u00e0 son d\u00e9veloppement professionnel.<\/p>\n<p>Jo\u00eblle Ohlmer-Trouv\u00e9, quatri\u00e8me de liste en 2014, assurera ainsi <strong>la pr\u00e9sence de nos id\u00e9aux dans le grand Land de Basse-Saxe<\/strong> et sera pour nous une aide pr\u00e9cieuse et avis\u00e9e. Nous la remercions une nouvelle fois pour son engagement pour la communaut\u00e9 fran\u00e7aise et francophone de Braunschweig.<\/p>\n<p>Notre ami <strong>Stephan Maign\u00e9<\/strong>, suivant de liste en 2014, devient, lui, <strong>d\u00e9l\u00e9gu\u00e9 consulaire<\/strong> et \u00e0 ce titre rejoint le coll\u00e8ge des grands \u00e9lecteurs s\u00e9natoriaux.<\/p>\n<p>Nous faisons d\u00e9j\u00e0 \u00e9quipe avec Jo\u00eblle et Stephan depuis 2014.<\/p>\n<p>A tr\u00e8s bient\u00f4t !<\/p>\n<p>Philippe Loiseau &amp; Nicolas Stallivieri<br \/>\nConseillers consulaires \u00e9lu<br \/>\n1\u00e8re circonscription d&rsquo;Allemagne<\/p>\n","protected":false},"excerpt":{"rendered":"<p>Depuis le 1er juillet Jo\u00eblle Ohlmer-Trouv\u00e9 est notre nouvelle coll\u00e8gue Conseill\u00e8re consulaire \u00e9lue apr\u00e8s la d\u00e9mission au 30 juin de Natacha Boroukhoff, que nous remercions pour son travail depuis mai 2014. Natacha a souhait\u00e9 passer la main notamment pour se consacrer \u00e0 sa famille et \u00e0 son d\u00e9veloppement professionnel. Jo\u00eblle Ohlmer-Trouv\u00e9, quatri\u00e8me de liste en [&hellip;]<\/p>\n","protected":false},"author":3,"featured_media":3241,"comment_status":"closed","ping_status":"open","sticky":false,"template":"","format":"standard","meta":{"jetpack_post_was_ever_published":false,"_jetpack_newsletter_access":"","_jetpack_dont_email_post_to_subs":false,"_jetpack_newsletter_tier_id":0,"_jetpack_memberships_contains_paywalled_content":false,"_jetpack_memberships_contains_paid_content":false,"footnotes":"","jetpack_publicize_message":"Jo\u00eblle Ohlmer-Trouv\u00e9 est notre nouvelle coll\u00e8gue Conseill\u00e8re consulaire \u00e9lue en Allemagne du Nord\r\n\r\nDepuis le 1er juillet Jo\u00eblle Ohlmer-Trouv\u00e9 est notre nouvelle coll\u00e8gue Conseill\u00e8re consulaire \u00e9lue apr\u00e8s la d\u00e9mission au 30 juin de Natacha Boroukhoff, que nous remercions pour son travail depuis mai 2014. Natacha a souhait\u00e9 passer la main notamment pour se consacrer \u00e0 sa famille et \u00e0 son d\u00e9veloppement professionnel.\r\n\r\nJo\u00eblle Ohlmer-Trouv\u00e9, quatri\u00e8me de liste en 2014, assurera ainsi la pr\u00e9sence de nos id\u00e9aux dans le grand Land de Basse-Saxe et sera pour nous une aide pr\u00e9cieuse et avis\u00e9e. Nous la remercions une nouvelle fois pour son engagement pour la communaut\u00e9 fran\u00e7aise et francophone de Braunschweig.\r\n\r\nNotre ami Stephan Maign\u00e9, suivant de liste en 2014, devient, lui, d\u00e9l\u00e9gu\u00e9 consulaire et \u00e0 ce titre rejoint le coll\u00e8ge des grands \u00e9lecteurs s\u00e9natoriaux.\r\n\r\nNous faisons d\u00e9j\u00e0 \u00e9quipe avec Jo\u00eblle et Stephan depuis 2014.\r\n\r\nA tr\u00e8s bient\u00f4t !\r\n\r\nPhilippe Loiseau & Nicolas Stallivieri\r\nConseillers consulaires \u00e9lu\r\n1\u00e8re circonscription d'Allemagne","jetpack_publicize_feature_enabled":true,"jetpack_social_post_already_shared":true,"jetpack_social_options":{"image_generator_settings":{"template":"highway","default_image_id":0,"font":"","enabled":false},"version":2}},"categories":[82],"tags":[65],"class_list":["post-3234","post","type-post","status-publish","format-standard","has-post-thumbnail","hentry","category-conseil-consulaire-2","tag-conseil-consulaire"],"jetpack_publicize_connections":[],"jetpack_featured_media_url":"https:\/\/www.francais-d-allemagne.eu\/nord\/wp-content\/uploads\/sites\/2\/2017\/07\/Joelle-Ohlmer-Trouve.jpg","jetpack_sharing_enabled":true,"jetpack_shortlink":"https:\/\/wp.me\/p4ndNg-Qa","_links":{"self":[{"href":"https:\/\/www.francais-d-allemagne.eu\/nord\/wp-json\/wp\/v2\/posts\/3234","targetHints":{"allow":["GET"]}}],"collection":[{"href":"https:\/\/www.francais-d-allemagne.eu\/nord\/wp-json\/wp\/v2\/posts"}],"about":[{"href":"https:\/\/www.francais-d-allemagne.eu\/nord\/wp-json\/wp\/v2\/types\/post"}],"author":[{"embeddable":true,"href":"https:\/\/www.francais-d-allemagne.eu\/nord\/wp-json\/wp\/v2\/users\/3"}],"replies":[{"embeddable":true,"href":"https:\/\/www.francais-d-allemagne.eu\/nord\/wp-json\/wp\/v2\/comments?post=3234"}],"version-history":[{"count":15,"href":"https:\/\/www.francais-d-allemagne.eu\/nord\/wp-json\/wp\/v2\/posts\/3234\/revisions"}],"predecessor-version":[{"id":3316,"href":"https:\/\/www.francais-d-allemagne.eu\/nord\/wp-json\/wp\/v2\/posts\/3234\/revisions\/3316"}],"wp:featuredmedia":[{"embeddable":true,"href":"https:\/\/www.francais-d-allemagne.eu\/nord\/wp-json\/wp\/v2\/media\/3241"}],"wp:attachment":[{"href":"https:\/\/www.francais-d-allemagne.eu\/nord\/wp-json\/wp\/v2\/media?parent=3234"}],"wp:term":[{"taxonomy":"category","embeddable":true,"href":"https:\/\/www.francais-d-allemagne.eu\/nord\/wp-json\/wp\/v2\/categories?post=3234"},{"taxonomy":"post_tag","embeddable":true,"href":"https:\/\/www.francais-d-allemagne.eu\/nord\/wp-json\/wp\/v2\/tags?post=3234"}],"curies":[{"name":"wp","href":"https:\/\/api.w.org\/{rel}","templated":true}]}}