{"id":3337,"date":"2017-08-14T10:38:27","date_gmt":"2017-08-14T09:38:27","guid":{"rendered":"http:\/\/www.francais-d-allemagne.eu\/nord\/?p=3337"},"modified":"2017-08-17T22:50:04","modified_gmt":"2017-08-17T21:50:04","slug":"15-ans-de-la-kita-franco-allemande-mille-pattes-de-leipzig","status":"publish","type":"post","link":"https:\/\/www.francais-d-allemagne.eu\/nord\/2017\/08\/14\/15-ans-de-la-kita-franco-allemande-mille-pattes-de-leipzig\/","title":{"rendered":"15 ans de la Kita franco-allemande Mille Pattes de Leipzig"},"content":{"rendered":"<p><img loading=\"lazy\" decoding=\"async\" class=\"alignleft wp-image-3338 \" src=\"https:\/\/www.francais-d-allemagne.eu\/nord\/wp-content\/uploads\/sites\/2\/2017\/08\/Franz-Leipzig.png\" alt=\"\" width=\"188\" height=\"59\" \/><\/p>\n<p>Nous c\u00e9l\u00e9brions jeudi dernier un bel anniversaire \u00e0 Leipzig : quinze ans de l&rsquo;association du <strong>jardin d&rsquo;enfants <a href=\"http:\/\/www.mille-pattes.de\/mille-pattes-e-V.3.0.html\">Mille Pattes<\/a><\/strong> !<\/p>\n<p>&nbsp;<\/p>\n<p>&nbsp;<\/p>\n<p>Mille Pattes est une <strong>Kita franco-allemande<\/strong> qui accueille 90 enfants dans une structure municipale au sein du campus scolaire avec fili\u00e8re bilingue \u00ab\u00a0Franz\u00a0\u00bb.<\/p>\n<p>Apr\u00e8s une petite repr\u00e9sentation tr\u00e8s r\u00e9ussie des enfants de tous les groupes, un arbre a \u00e9t\u00e9 plant\u00e9 devant l&rsquo;entr\u00e9e du jardin d&rsquo;enfants. Un beau symbole de continuit\u00e9 et de durabilit\u00e9 !<\/p>\n<p>&nbsp;<\/p>\n<p><img loading=\"lazy\" decoding=\"async\" class=\"alignleft size-medium wp-image-3341\" src=\"https:\/\/www.francais-d-allemagne.eu\/nord\/wp-content\/uploads\/sites\/2\/2017\/08\/15-ans-Franz-Leipzig-Vorstand-300x185.jpg\" alt=\"\" width=\"300\" height=\"185\" srcset=\"https:\/\/www.francais-d-allemagne.eu\/nord\/wp-content\/uploads\/sites\/2\/2017\/08\/15-ans-Franz-Leipzig-Vorstand-300x185.jpg 300w, https:\/\/www.francais-d-allemagne.eu\/nord\/wp-content\/uploads\/sites\/2\/2017\/08\/15-ans-Franz-Leipzig-Vorstand-768x473.jpg 768w, https:\/\/www.francais-d-allemagne.eu\/nord\/wp-content\/uploads\/sites\/2\/2017\/08\/15-ans-Franz-Leipzig-Vorstand-1024x631.jpg 1024w, https:\/\/www.francais-d-allemagne.eu\/nord\/wp-content\/uploads\/sites\/2\/2017\/08\/15-ans-Franz-Leipzig-Vorstand.jpg 1280w\" sizes=\"auto, (max-width: 300px) 100vw, 300px\" \/><\/p>\n<p>Un<strong> grand merci et bravo aux parents et \u00e9ducateurs<\/strong> qui s&rsquo;engagent depuis 2002 pour faire vivre cette belle r\u00e9ussite interculturelle et en particulier au bureau de l&rsquo;association : Claudia Richter-MikulasekKatja Vogel, Derya Yarici et C\u00e9line Bonnamy et \u00e0 Marie-Sophie von Braun, son ancienne pr\u00e9sidente.<\/p>\n<p>&nbsp;<\/p>\n<p>&nbsp;<\/p>\n<p>Nous avons profit\u00e9 de ce d\u00e9placement en Saxe pour rendre visite \u00e0 l&rsquo;<strong>Institut Fran\u00e7ais de Leipzig<\/strong> dont l&rsquo;\u00e9quipe dynamique et engag\u00e9e travaille \u00e0 des projets ambitieux, notamment celui de f\u00e9d\u00e9rer en Saxe toutes les initiatives autour de la traditionnelle F\u00eate de la Musique du 21 juin.<\/p>\n<p>L&rsquo;institut s&rsquo;investit \u00e9galement de fa\u00e7on remarquable pour d\u00e9velopper les partenariats et les coop\u00e9rations avec le monde de l&rsquo;\u00e9dition francophone dans le cadre de la\u00a0<strong>foire internationale du livre<\/strong>.\u00a0La Foire du Livre de Leipzig est l&rsquo;un des plus grands \u00e9v\u00e9nements de cette branche en Allemagne. Elle pr\u00e9sente tous les genres litt\u00e9raires et r\u00e9unit les professionnels. Aussi, ce travail de l&rsquo;institut est tr\u00e8s pr\u00e9cieux non seulement pour nos m\u00e9dias et les acteurs de cette industrie de part et d&rsquo;autre du Rhin mais aussi, \u00e0 destination des publics, pour la promotion d&rsquo;un acc\u00e8s partag\u00e9 aux biens culturels.<\/p>\n","protected":false},"excerpt":{"rendered":"<p>Nous c\u00e9l\u00e9brions jeudi dernier un bel anniversaire \u00e0 Leipzig : quinze ans de l&rsquo;association du jardin d&rsquo;enfants Mille Pattes ! &nbsp; &nbsp; Mille Pattes est une Kita franco-allemande qui accueille 90 enfants dans une structure municipale au sein du campus scolaire avec fili\u00e8re bilingue \u00ab\u00a0Franz\u00a0\u00bb. Apr\u00e8s une petite repr\u00e9sentation tr\u00e8s r\u00e9ussie des enfants de tous [&hellip;]<\/p>\n","protected":false},"author":3,"featured_media":3343,"comment_status":"closed","ping_status":"open","sticky":false,"template":"","format":"standard","meta":{"jetpack_post_was_ever_published":false,"_jetpack_newsletter_access":"","_jetpack_dont_email_post_to_subs":false,"_jetpack_newsletter_tier_id":0,"_jetpack_memberships_contains_paywalled_content":false,"_jetpack_memberships_contains_paid_content":false,"footnotes":"","jetpack_publicize_message":"15 ans de la Kita franco-allemande Mille Pattes de Leipzig","jetpack_publicize_feature_enabled":true,"jetpack_social_post_already_shared":true,"jetpack_social_options":{"image_generator_settings":{"template":"highway","default_image_id":0,"font":"","enabled":false},"version":2}},"categories":[77],"tags":[44,168,38],"class_list":["post-3337","post","type-post","status-publish","format-standard","has-post-thumbnail","hentry","category-education-2","tag-education","tag-leipzig","tag-saxe"],"jetpack_publicize_connections":[],"jetpack_featured_media_url":"https:\/\/www.francais-d-allemagne.eu\/nord\/wp-content\/uploads\/sites\/2\/2017\/08\/15-ans-Franz-2017.jpg","jetpack_sharing_enabled":true,"jetpack_shortlink":"https:\/\/wp.me\/p4ndNg-RP","_links":{"self":[{"href":"https:\/\/www.francais-d-allemagne.eu\/nord\/wp-json\/wp\/v2\/posts\/3337","targetHints":{"allow":["GET"]}}],"collection":[{"href":"https:\/\/www.francais-d-allemagne.eu\/nord\/wp-json\/wp\/v2\/posts"}],"about":[{"href":"https:\/\/www.francais-d-allemagne.eu\/nord\/wp-json\/wp\/v2\/types\/post"}],"author":[{"embeddable":true,"href":"https:\/\/www.francais-d-allemagne.eu\/nord\/wp-json\/wp\/v2\/users\/3"}],"replies":[{"embeddable":true,"href":"https:\/\/www.francais-d-allemagne.eu\/nord\/wp-json\/wp\/v2\/comments?post=3337"}],"version-history":[{"count":9,"href":"https:\/\/www.francais-d-allemagne.eu\/nord\/wp-json\/wp\/v2\/posts\/3337\/revisions"}],"predecessor-version":[{"id":3351,"href":"https:\/\/www.francais-d-allemagne.eu\/nord\/wp-json\/wp\/v2\/posts\/3337\/revisions\/3351"}],"wp:featuredmedia":[{"embeddable":true,"href":"https:\/\/www.francais-d-allemagne.eu\/nord\/wp-json\/wp\/v2\/media\/3343"}],"wp:attachment":[{"href":"https:\/\/www.francais-d-allemagne.eu\/nord\/wp-json\/wp\/v2\/media?parent=3337"}],"wp:term":[{"taxonomy":"category","embeddable":true,"href":"https:\/\/www.francais-d-allemagne.eu\/nord\/wp-json\/wp\/v2\/categories?post=3337"},{"taxonomy":"post_tag","embeddable":true,"href":"https:\/\/www.francais-d-allemagne.eu\/nord\/wp-json\/wp\/v2\/tags?post=3337"}],"curies":[{"name":"wp","href":"https:\/\/api.w.org\/{rel}","templated":true}]}}