{"id":3395,"date":"2017-10-19T10:20:40","date_gmt":"2017-10-19T09:20:40","guid":{"rendered":"http:\/\/www.francais-d-allemagne.eu\/nord\/?p=3395"},"modified":"2019-01-24T08:23:19","modified_gmt":"2019-01-24T07:23:19","slug":"info-lettre-du-consulat","status":"publish","type":"post","link":"https:\/\/www.francais-d-allemagne.eu\/nord\/2017\/10\/19\/info-lettre-du-consulat\/","title":{"rendered":"Info-lettre du consulat"},"content":{"rendered":"<blockquote><p>La section consulaire de Berlin a envoy\u00e9 ce jour une <strong>information consulaire<\/strong> par e-mail.<\/p>\n<p>Pour celles et ceux qui ne l&rsquo;aurait pas re\u00e7ue, voici son contenu.<\/p>\n<p>En esp\u00e9rant avoir contribu\u00e9 \u00e0 votre information<\/p>\n<p><em>Vos \u00e9lus en Allemagne du Nord<\/em><\/p><\/blockquote>\n<p>&nbsp;<\/p>\n<p>La section consulaire de Berlin vous informe sur les nouveaut\u00e9s de la rentr\u00e9e 2017.<\/p>\n<p>A l\u2019ordre du jour :<\/p>\n<p style=\"padding-left: 30px\">1. Vie d\u00e9mocratique \u2013 Elections s\u00e9natoriales et Conseil consulaire<\/p>\n<p style=\"padding-left: 30px\">2. Etat civil \u2013 changement de pr\u00e9nom<\/p>\n<p style=\"padding-left: 30px\">3. Cartes d\u2019identit\u00e9 \u2013 nouvelles proc\u00e9dures<\/p>\n<p style=\"padding-left: 30px\">4. Tourn\u00e9es consulaires et remise des titres d\u2019identit\u00e9<\/p>\n<p style=\"padding-left: 30px\">5. Inscriptions en ligne \u2013 mises \u00e0 jour<\/p>\n<p>Pour toutes vos questions, n\u2019oubliez pas de consulter notre <a href=\"https:\/\/de.ambafrance.org\/-Berlin-719-\" target=\"_blank\" rel=\"noopener\">site internet<\/a> r\u00e9guli\u00e8rement mis \u00e0 jour.<\/p>\n<p>&nbsp;<\/p>\n<p><img loading=\"lazy\" decoding=\"async\" class=\"size-medium wp-image-3401 alignnone\" src=\"https:\/\/www.francais-d-allemagne.eu\/nord\/wp-content\/uploads\/sites\/2\/2017\/10\/il-consulat-RF.png\" alt=\"\" width=\"178\" height=\"104\" \/><\/p>\n<p><strong>1. Vie d\u00e9mocratique <\/strong><\/p>\n<p><strong><em>Elections s\u00e9natoriales :<\/em><\/strong><\/p>\n<p style=\"padding-left: 30px\">Le 24 septembre 2017 ont eu lieu en France les \u00e9lections s\u00e9natoriales, lors desquelles un tiers des si\u00e8ges du S\u00e9nat ont \u00e9t\u00e9 renouvel\u00e9s.<\/p>\n<p style=\"padding-left: 30px\">Parmi les 12 si\u00e8ges attribu\u00e9s aux s\u00e9nateurs des Fran\u00e7ais \u00e9tablis \u00e0 l\u2019\u00e9tranger, 6 \u00e9taient renouvel\u00e9s. Les \u00e9lus sont :<\/p>\n<p style=\"padding-left: 30px\">M. Jean-Pierre BANSARD<br \/>\nM. Ronan LE GLEUT<br \/>\nMme Evelyne RENAUD-GARABEDIAN<br \/>\nMme H\u00e9l\u00e8ne CONWAY-MOURET (r\u00e9\u00e9lue)<br \/>\nMme Jo\u00eblle GARRIAUD-MAYLAM (r\u00e9\u00e9lue)<br \/>\nM. Jean-Yves LECONTE (r\u00e9\u00e9lu)<\/p>\n<p><strong><em>Conseil consulaire de la 1\u00e8re circonscription d\u2019Allemagne (Berlin \u2013 Hambourg) :<\/em><\/strong><\/p>\n<p style=\"padding-left: 30px\">Mme Natacha BOROUKHOFF quitte ses fonctions de conseill\u00e8re consulaire. Elle reste pr\u00e9sidente de l\u2019association ADFE-Fran\u00e7ais du Monde \u00e0 Berlin.<br \/>\nMme Jo\u00eblle OHLMER-TROUVE, jusqu\u2019\u00e0 pr\u00e9sent d\u00e9l\u00e9gu\u00e9e consulaire, devient conseill\u00e8re consulaire, et assurera ses fonctions \u00e0 Braunschweig o\u00f9 elle r\u00e9side.<\/p>\n<p>Pour entrer en contact avec les \u00e9lus de Berlin et Braunschweig, cliquez <a href=\"https:\/\/de.ambafrance.org\/Presentation-et-R-V-avec-vos-conseillers-consulaires-de-Berlin\" target=\"_blank\" rel=\"noopener\">ici<\/a>. Pour les \u00e9lus de Hambourg, cliquez <a href=\"https:\/\/de.ambafrance.org\/Presentation-et-R-V-avec-vos-conseillers-consulaires-de-Hambourg\" target=\"_blank\" rel=\"noopener\">l\u00e0<\/a>.<\/p>\n<p>&nbsp;<\/p>\n<p><img loading=\"lazy\" decoding=\"async\" class=\"size-medium wp-image-3400 alignleft\" src=\"https:\/\/www.francais-d-allemagne.eu\/nord\/wp-content\/uploads\/sites\/2\/2017\/10\/if-consulat-prenoms.jpg\" alt=\"\" width=\"283\" height=\"145\" \/><strong>2. Etat civil \u2013 changement de pr\u00e9nom<\/strong><\/p>\n<p>L\u2019article 60 du code civil modifi\u00e9 par la loi n\u00b0 2016-1547 du 18 novembre 2016 a assoupli la proc\u00e9dure de changement de pr\u00e9noms.<\/p>\n<p>&nbsp;<\/p>\n<p>D\u00e9sormais, toute personne peut demander \u00e0 l\u2019officier de l\u2019\u00e9tat civil \u00e0 changer de pr\u00e9nom en justifiant d\u2019un int\u00e9r\u00eat l\u00e9gitime.<\/p>\n<p>La demande est remise \u00e0 l\u2019officier de l\u2019\u00e9tat civil du lieu de r\u00e9sidence ou du lieu o\u00f9 l\u2019acte de naissance a \u00e9t\u00e9 dress\u00e9. Cette nouvelle mesure concerne non seulement le changement de pr\u00e9noms mais \u00e9galement l\u2019adjonction, la suppression ou la modification de l\u2019ordre des pr\u00e9noms.<\/p>\n<p>Si vous r\u00e9sidez en Allemagne et si vous souhaitez effectuer cette d\u00e9marche, vous trouverez toutes informations utiles sur le site Internet de l\u2019ambassade de France \u00e0 Berlin : <a href=\"https:\/\/de.ambafrance.org\/Si-vous-souhaitez-changer-de-prenom-par\" target=\"_blank\" rel=\"noopener\">https:\/\/de.ambafrance.org\/Si-vous-souhaitez-changer-de-prenom-par<\/a><\/p>\n<p>&nbsp;<\/p>\n<p><img loading=\"lazy\" decoding=\"async\" class=\"size-medium wp-image-3399 alignleft\" src=\"https:\/\/www.francais-d-allemagne.eu\/nord\/wp-content\/uploads\/sites\/2\/2017\/10\/if-consulat-CNI.jpg\" alt=\"\" width=\"282\" height=\"192\" srcset=\"https:\/\/www.francais-d-allemagne.eu\/nord\/wp-content\/uploads\/sites\/2\/2017\/10\/if-consulat-CNI.jpg 282w, https:\/\/www.francais-d-allemagne.eu\/nord\/wp-content\/uploads\/sites\/2\/2017\/10\/if-consulat-CNI-90x60.jpg 90w, https:\/\/www.francais-d-allemagne.eu\/nord\/wp-content\/uploads\/sites\/2\/2017\/10\/if-consulat-CNI-250x170.jpg 250w\" sizes=\"auto, (max-width: 282px) 100vw, 282px\" \/><strong>3. Cartes d\u2019identit\u00e9 \u2013 nouvelles proc\u00e9dures<\/strong><\/p>\n<p>&nbsp;<\/p>\n<p>Dans le cadre de la modernisation du traitement des titres d\u2019identit\u00e9 et de voyage, un d\u00e9cret* a \u00e9t\u00e9 pris le 28 octobre 2016 afin de modifier les proc\u00e9dures relatives \u00e0 la carte nationale d\u2019identit\u00e9.<\/p>\n<p>&nbsp;<\/p>\n<p>Les modalit\u00e9s d\u2019obtention d\u2019une CNIS sont d\u00e9sormais similaires \u00e0 celles du passeport. Ces mesures, d\u00e9j\u00e0 appliqu\u00e9es dans les mairies en France, sont mises en \u0153uvre \u00e0 l\u2019\u00e9tranger depuis le 15 septembre 2017.<\/p>\n<p><em><strong>Ce qui change :<\/strong><\/em><\/p>\n<p>&#8211; la proc\u00e9dure, dor\u00e9navant informatis\u00e9e de bout en bout, est beaucoup plus rapide. Les d\u00e9lais pour recevoir la CNIS \u00e0 l\u2019\u00e9tranger sont donc fortement r\u00e9duits.<br \/>\n&#8211; la protection contre les usurpations et la fraude est renforc\u00e9e.<br \/>\n&#8211; la d\u00e9marche est d\u00e9territorialis\u00e9e. Il est donc possible de solliciter une CNIS aupr\u00e8s de toute mairie ou tout ambassade\/consulat \u00e9quip\u00e9s du dispositif, quel que soit son lieu de r\u00e9sidence.<br \/>\n&#8211; depuis le 15 septembre, \u00e0 l\u2019\u00e9tranger, la demande de CNIS doit \u00eatre effectu\u00e9e directement aupr\u00e8s d\u2019une ambassade ou d\u2019un consulat \u00e9quip\u00e9 du dispositif (en Allemagne, Berlin, Francfort et Munich). Les consulats honoraires ne pourront plus recevoir les demandes de CNIS.<\/p>\n<p><em><strong>Ce qui ne change pas :<\/strong><\/em><\/p>\n<p>&#8211; la CNIS reste gratuite, sauf en cas de renouvellement pour perte ou vol.<br \/>\n&#8211; la dur\u00e9e de validit\u00e9 des CNIS est de 15 ans pour les majeurs et de 10 ans pour les mineurs.<\/p>\n<p>&nbsp;<\/p>\n<p><img loading=\"lazy\" decoding=\"async\" class=\"alignleft size-medium wp-image-3398\" src=\"https:\/\/www.francais-d-allemagne.eu\/nord\/wp-content\/uploads\/sites\/2\/2017\/10\/if-consulat-avion.jpg\" alt=\"\" width=\"269\" height=\"179\" srcset=\"https:\/\/www.francais-d-allemagne.eu\/nord\/wp-content\/uploads\/sites\/2\/2017\/10\/if-consulat-avion.jpg 269w, https:\/\/www.francais-d-allemagne.eu\/nord\/wp-content\/uploads\/sites\/2\/2017\/10\/if-consulat-avion-90x60.jpg 90w\" sizes=\"auto, (max-width: 269px) 100vw, 269px\" \/><br \/>\n<strong>4. Tourn\u00e9es consulaires et remise des titres d\u2019identit\u00e9<\/strong><\/p>\n<p>&#8211; Une permanence sera organis\u00e9e au Consulat g\u00e9n\u00e9ral de France \u00e0 Hambourg le 14 novembre 2017 de 11h \u00e0 13h et de 14h \u00e0 16h. Elle permettra de r\u00e9pondre \u00e0 vos questions concernant vos d\u00e9marches consulaires.<\/p>\n<p>Aucune demande de titre d\u2019identit\u00e9 ne sera recueillie lors de cette permanence. Si vous souhaitez vous rendre \u00e0 cette permanence, merci de nous en informer en nous \u00e9crivant <a href=\"https:\/\/de.ambafrance.org\/Nous-ecrire,8875\" target=\"_blank\" rel=\"noopener\">ici<\/a>.<\/p>\n<p>&#8211; En raison des nouvelles conditions de demande de CNIS (voir plus haut), les tourn\u00e9es consulaires mensuelles \u00e0 Hambourg, dont l\u2019objet principal \u00e9tait le recueil de demandes de CNIS ne seront plus effectu\u00e9es.<\/p>\n<p>&#8211; Les personnes justifiant d\u2019une incapacit\u00e9 permanente de se d\u00e9placer sur de longues distances (handicap, vieillesse) pourront b\u00e9n\u00e9ficier de tourn\u00e9es consulaires \u00ab sur mesure \u00bb. Pour signaler une situation justifiant le d\u00e9placement du consulat, \u00e9crivez-nous en cliquant <a href=\"https:\/\/de.ambafrance.org\/Nous-ecrire,8875\" target=\"_blank\" rel=\"noopener\">ici<\/a>.<\/p>\n<p>&#8211; La remise des passeports et des cartes d\u2019identit\u00e9 se fera d\u00e9sormais :<\/p>\n<p style=\"padding-left: 30px\">\u00e0 <em><strong>Berlin<\/strong> <\/em>(sans rendez-vous) : de 9h \u00e0 9h20 et de 11h40 \u00e0 12h et le mercredi de 16h \u00e0 16h30<\/p>\n<p style=\"padding-left: 30px\">\u00e0 <em><strong>Hambourg<\/strong> <\/em>(sans rendez-vous) : le mardi de 17h \u00e0 18h et le vendredi de 12h \u00e0 13h<\/p>\n<p style=\"padding-left: 30px\">\u00e0 <strong><em>Br\u00eame, Hanovre et Leipzig<\/em><\/strong> : dans le consulat honoraire aux horaires d\u2019ouverture habituels (cliquer <a href=\"https:\/\/de.ambafrance.org\/Consulats-honoraires\" target=\"_blank\" rel=\"noopener\">ici<\/a>).<\/p>\n<p>&nbsp;<\/p>\n<p><img loading=\"lazy\" decoding=\"async\" class=\"alignleft size-medium wp-image-3397\" src=\"https:\/\/www.francais-d-allemagne.eu\/nord\/wp-content\/uploads\/sites\/2\/2017\/10\/if-consulat-inscription-en-ligne.jpg\" alt=\"\" width=\"271\" height=\"153\" \/><br \/>\n<strong>5. Inscriptions en ligne \u2013 mises \u00e0 jour<\/strong><\/p>\n<p>Depuis 2016, <a href=\"https:\/\/de.ambafrance.org\/Inscrivez-vous-au-registre-des-Francais-de-l-etranger\" target=\"_blank\" rel=\"noopener\">l\u2019inscription au Registre des Fran\u00e7ais \u00e9tablis hors de France se fait en ligne<\/a>.<\/p>\n<p>&nbsp;<\/p>\n<p>&nbsp;<\/p>\n<p>Vous avez la possibilit\u00e9 de mettre \u00e0 jour votre dossier \u00e0 chaque \u00e9v\u00e8nement touchant votre situation personnelle ou familiale (d\u00e9m\u00e9nagement, naissance, mariage).<\/p>\n<p>Dans le but de faciliter vos d\u00e9marches lors de votre prochaine visite au consulat, nous vous encourageons vivement \u00e0 mettre \u00e0 jour votre dossier r\u00e9guli\u00e8rement et \u00e0 scanner les justificatifs de vos changements de situation sur le site <a href=\"https:\/\/www.service-public.fr\/particuliers\/vosdroits\/F33307\" target=\"_blank\" rel=\"noopener\">service-public.fr<\/a>.<\/p>\n","protected":false},"excerpt":{"rendered":"<p>La section consulaire de Berlin a envoy\u00e9 ce jour une information consulaire par e-mail. Pour celles et ceux qui ne l&rsquo;aurait pas re\u00e7ue, voici son contenu. En esp\u00e9rant avoir contribu\u00e9 \u00e0 votre information Vos \u00e9lus en Allemagne du Nord &nbsp; La section consulaire de Berlin vous informe sur les nouveaut\u00e9s de la rentr\u00e9e 2017. A [&hellip;]<\/p>\n","protected":false},"author":3,"featured_media":2931,"comment_status":"closed","ping_status":"open","sticky":false,"template":"","format":"standard","meta":{"jetpack_post_was_ever_published":false,"_jetpack_newsletter_access":"","_jetpack_dont_email_post_to_subs":false,"_jetpack_newsletter_tier_id":0,"_jetpack_memberships_contains_paywalled_content":false,"_jetpack_memberships_contains_paid_content":false,"footnotes":"","jetpack_publicize_message":"Info-lettre du consulat\r\n\r\nLa section consulaire de Berlin a envoy\u00e9 ce jour une information consulaire par e-mail.\r\n\r\nPour celles et ceux qui ne l'aurait pas re\u00e7ue, voici son contenu.\r\n\r\nEn esp\u00e9rant avoir contribu\u00e9 \u00e0 votre information\r\n\r\nVos \u00e9lus en Allemagne du Nord","jetpack_publicize_feature_enabled":true,"jetpack_social_post_already_shared":true,"jetpack_social_options":{"image_generator_settings":{"template":"highway","default_image_id":0,"font":"","enabled":false},"version":2}},"categories":[84,79],"tags":[69,129],"class_list":["post-3395","post","type-post","status-publish","format-standard","has-post-thumbnail","hentry","category-actualites","category-demarches-2","tag-demarches","tag-service-consulaire"],"jetpack_publicize_connections":[],"jetpack_featured_media_url":"https:\/\/www.francais-d-allemagne.eu\/nord\/wp-content\/uploads\/sites\/2\/2016\/09\/infolettre.jpg","jetpack_sharing_enabled":true,"jetpack_shortlink":"https:\/\/wp.me\/p4ndNg-SL","_links":{"self":[{"href":"https:\/\/www.francais-d-allemagne.eu\/nord\/wp-json\/wp\/v2\/posts\/3395","targetHints":{"allow":["GET"]}}],"collection":[{"href":"https:\/\/www.francais-d-allemagne.eu\/nord\/wp-json\/wp\/v2\/posts"}],"about":[{"href":"https:\/\/www.francais-d-allemagne.eu\/nord\/wp-json\/wp\/v2\/types\/post"}],"author":[{"embeddable":true,"href":"https:\/\/www.francais-d-allemagne.eu\/nord\/wp-json\/wp\/v2\/users\/3"}],"replies":[{"embeddable":true,"href":"https:\/\/www.francais-d-allemagne.eu\/nord\/wp-json\/wp\/v2\/comments?post=3395"}],"version-history":[{"count":3,"href":"https:\/\/www.francais-d-allemagne.eu\/nord\/wp-json\/wp\/v2\/posts\/3395\/revisions"}],"predecessor-version":[{"id":3403,"href":"https:\/\/www.francais-d-allemagne.eu\/nord\/wp-json\/wp\/v2\/posts\/3395\/revisions\/3403"}],"wp:featuredmedia":[{"embeddable":true,"href":"https:\/\/www.francais-d-allemagne.eu\/nord\/wp-json\/wp\/v2\/media\/2931"}],"wp:attachment":[{"href":"https:\/\/www.francais-d-allemagne.eu\/nord\/wp-json\/wp\/v2\/media?parent=3395"}],"wp:term":[{"taxonomy":"category","embeddable":true,"href":"https:\/\/www.francais-d-allemagne.eu\/nord\/wp-json\/wp\/v2\/categories?post=3395"},{"taxonomy":"post_tag","embeddable":true,"href":"https:\/\/www.francais-d-allemagne.eu\/nord\/wp-json\/wp\/v2\/tags?post=3395"}],"curies":[{"name":"wp","href":"https:\/\/api.w.org\/{rel}","templated":true}]}}