{"id":3419,"date":"2017-11-05T18:28:33","date_gmt":"2017-11-05T17:28:33","guid":{"rendered":"http:\/\/www.francais-d-allemagne.eu\/nord\/?p=3419"},"modified":"2019-01-21T20:47:30","modified_gmt":"2019-01-21T19:47:30","slug":"migrations-et-accueil-des-refugies-conference-du-carolus-magnus-kreis","status":"publish","type":"post","link":"https:\/\/www.francais-d-allemagne.eu\/nord\/2017\/11\/05\/migrations-et-accueil-des-refugies-conference-du-carolus-magnus-kreis\/","title":{"rendered":"Migrations et accueil des r\u00e9fugi\u00e9s : conf\u00e9rence du Carolus-Magnus-Kreis"},"content":{"rendered":"<p>La semaine derni\u00e8re se tenait \u00e0 Seevetal (Basse-Saxe) un <a href=\"http:\/\/carolus-magnus-kreis.de\/jahrestagungen\/hamburg-1-5-november-2017\/\" target=\"_blank\" rel=\"noopener\">congr\u00e8s franco-allemand<\/a> de l\u2019association <em>Carolus-Magnus-Kreis<\/em> <em>Vereinigung f\u00fcr deutsch-franz\u00f6sische p\u00e4dagogische und kulturelle Zusammenarbeit e.V.<\/em>, auquel j&rsquo;ai eu le plaisir d\u2019\u00eatre convi\u00e9 en tant que repr\u00e9sentant \u00e9lu des Fran\u00e7ais en Allemagne du Nord.<\/p>\n<p>Le th\u00e8me de cette ann\u00e9e \u00e9tait celui des\u00a0<strong>migrations<\/strong> ainsi que des politiques d\u2019<strong>accueil des r\u00e9fugi\u00e9s<\/strong> de nos deux pays ; la question au coeur du d\u00e9bat \u00e9tant celle de l&rsquo;int\u00e9gration.<\/p>\n<p>Ces rencontres ont \u00e9t\u00e9 l\u2019occasion d\u2019approfondir les liens entre les acteurs fran\u00e7ais et allemands pr\u00e9sents, sur un th\u00e8me qui dans son essence requiert une coop\u00e9ration accrue entre nos deux pays.<\/p>\n<p>Alors que la France et l&rsquo;Allemagne viennent d&rsquo;installer un\u00a0Conseil franco-allemand d\u2019int\u00e9gration (CFAI) dans le but d\u2019intensifier les \u00e9changes de bonnes pratiques dans ces domaines, il serait utile de mettre \u00e0 profit les exp\u00e9riences locales, associatives et citoyennes. Parmi ces acteurs, on pourra citer par exemple les\u00a0<em>Integrationsbeir\u00e4te<\/em> allemands, au sein desquels plusieurs de nos compatriotes s&rsquo;engagent avec conviction.<\/p>\n<p>Que ce soit\u00a0dans le domaine de l\u2019apprentissage de la langue ou de la lutte contre les discriminations, je suis persuad\u00e9 que nos deux pays peuvent s\u2019enrichir mutuellement tout en travaillant au profit de leurs partenaires europ\u00e9ens.<\/p>\n<p>Aussi, ce forum est une \u00e9tape importante d&rsquo;un n\u00e9cessaire travail de r\u00e9flexion commun. Un travail dont la priorit\u00e9 est, pour moi, celle de trouver les ressources durables pour renforcer la coh\u00e9sion de nos soci\u00e9t\u00e9s, permettre la participation d\u00e9mocratique de toutes et tous et rendre possible l&rsquo;\u00e9galit\u00e9 des chances.<\/p>\n<p>&nbsp;<\/p>\n<p><img loading=\"lazy\" decoding=\"async\" class=\"alignleft wp-image-3421 size-thumbnail\" src=\"https:\/\/www.francais-d-allemagne.eu\/nord\/wp-content\/uploads\/sites\/2\/2014\/04\/Nicolas--150x150.jpg\" alt=\"\" width=\"150\" height=\"150\" srcset=\"https:\/\/www.francais-d-allemagne.eu\/nord\/wp-content\/uploads\/sites\/2\/2014\/04\/Nicolas--150x150.jpg 150w, https:\/\/www.francais-d-allemagne.eu\/nord\/wp-content\/uploads\/sites\/2\/2014\/04\/Nicolas--200x200.jpg 200w\" sizes=\"auto, (max-width: 150px) 100vw, 150px\" \/><\/p>\n<p>&nbsp;<\/p>\n<p>Nicolas Stallivieri<br \/>\nConseiller consulaire \u00e9lu<br \/>\nHambourg &amp; Allemagne du Nord<\/p>\n","protected":false},"excerpt":{"rendered":"<p>La semaine derni\u00e8re se tenait \u00e0 Seevetal (Basse-Saxe) un congr\u00e8s franco-allemand de l\u2019association Carolus-Magnus-Kreis Vereinigung f\u00fcr deutsch-franz\u00f6sische p\u00e4dagogische und kulturelle Zusammenarbeit e.V., auquel j&rsquo;ai eu le plaisir d\u2019\u00eatre convi\u00e9 en tant que repr\u00e9sentant \u00e9lu des Fran\u00e7ais en Allemagne du Nord. Le th\u00e8me de cette ann\u00e9e \u00e9tait celui des\u00a0migrations ainsi que des politiques d\u2019accueil des r\u00e9fugi\u00e9s [&hellip;]<\/p>\n","protected":false},"author":3,"featured_media":3446,"comment_status":"closed","ping_status":"open","sticky":false,"template":"","format":"standard","meta":{"jetpack_post_was_ever_published":false,"_jetpack_newsletter_access":"","_jetpack_dont_email_post_to_subs":false,"_jetpack_newsletter_tier_id":0,"_jetpack_memberships_contains_paywalled_content":false,"_jetpack_memberships_contains_paid_content":false,"footnotes":"","jetpack_publicize_message":"","jetpack_publicize_feature_enabled":true,"jetpack_social_post_already_shared":true,"jetpack_social_options":{"image_generator_settings":{"template":"highway","default_image_id":0,"font":"","enabled":false},"version":2}},"categories":[82,197],"tags":[113,187],"class_list":["post-3419","post","type-post","status-publish","format-standard","has-post-thumbnail","hentry","category-conseil-consulaire-2","category-franco-allemand","tag-franco-allemand","tag-integration"],"jetpack_publicize_connections":[],"jetpack_featured_media_url":"https:\/\/www.francais-d-allemagne.eu\/nord\/wp-content\/uploads\/sites\/2\/2017\/11\/Integration_logo.jpg","jetpack_sharing_enabled":true,"jetpack_shortlink":"https:\/\/wp.me\/p4ndNg-T9","_links":{"self":[{"href":"https:\/\/www.francais-d-allemagne.eu\/nord\/wp-json\/wp\/v2\/posts\/3419","targetHints":{"allow":["GET"]}}],"collection":[{"href":"https:\/\/www.francais-d-allemagne.eu\/nord\/wp-json\/wp\/v2\/posts"}],"about":[{"href":"https:\/\/www.francais-d-allemagne.eu\/nord\/wp-json\/wp\/v2\/types\/post"}],"author":[{"embeddable":true,"href":"https:\/\/www.francais-d-allemagne.eu\/nord\/wp-json\/wp\/v2\/users\/3"}],"replies":[{"embeddable":true,"href":"https:\/\/www.francais-d-allemagne.eu\/nord\/wp-json\/wp\/v2\/comments?post=3419"}],"version-history":[{"count":13,"href":"https:\/\/www.francais-d-allemagne.eu\/nord\/wp-json\/wp\/v2\/posts\/3419\/revisions"}],"predecessor-version":[{"id":3447,"href":"https:\/\/www.francais-d-allemagne.eu\/nord\/wp-json\/wp\/v2\/posts\/3419\/revisions\/3447"}],"wp:featuredmedia":[{"embeddable":true,"href":"https:\/\/www.francais-d-allemagne.eu\/nord\/wp-json\/wp\/v2\/media\/3446"}],"wp:attachment":[{"href":"https:\/\/www.francais-d-allemagne.eu\/nord\/wp-json\/wp\/v2\/media?parent=3419"}],"wp:term":[{"taxonomy":"category","embeddable":true,"href":"https:\/\/www.francais-d-allemagne.eu\/nord\/wp-json\/wp\/v2\/categories?post=3419"},{"taxonomy":"post_tag","embeddable":true,"href":"https:\/\/www.francais-d-allemagne.eu\/nord\/wp-json\/wp\/v2\/tags?post=3419"}],"curies":[{"name":"wp","href":"https:\/\/api.w.org\/{rel}","templated":true}]}}