{"id":3600,"date":"2018-03-07T17:35:29","date_gmt":"2018-03-07T16:35:29","guid":{"rendered":"http:\/\/www.francais-d-allemagne.eu\/nord\/?p=3600"},"modified":"2018-03-07T10:48:10","modified_gmt":"2018-03-07T09:48:10","slug":"un-nouveau-ministre-franco-allemand-en-schleswig-holstein-janalbrecht","status":"publish","type":"post","link":"https:\/\/www.francais-d-allemagne.eu\/nord\/2018\/03\/07\/un-nouveau-ministre-franco-allemand-en-schleswig-holstein-janalbrecht\/","title":{"rendered":"Un nouveau ministre franco-allemand en Schleswig Holstein ! @JanAlbrecht"},"content":{"rendered":"<p>Notre colistier de 2014, Jan-Philipp Albrecht (die Gr\u00fcnen), rejoindra en septembre le gouvernement du Schleswig-Holstein. Il sera, au sein de cet ex\u00e9cutif r\u00e9gional, Ministre en charge des transitions \u00e9nerg\u00e9tique et num\u00e9rique, de l&rsquo;\u00e9cologie et de l&rsquo;agriculture.<\/p>\n<p>Nous le f\u00e9licitons pour son engagement au Parlement Europ\u00e9en, le remercions pour son soutien et lui souhaitons beaucoup de r\u00e9ussite dans ses nouvelles fonctions.<\/p>\n<p><a href=\"https:\/\/www.janalbrecht.eu\/2018\/03\/auf-zu-neuen-ufern\/\" target=\"_blank\" rel=\"noopener\">&gt;&gt; Lire le message de Jan-Philipp Albrecht sur son blog<\/a><\/p>\n<p>&nbsp;<\/p>\n","protected":false},"excerpt":{"rendered":"<p>Notre colistier de 2014, Jan-Philipp Albrecht (die Gr\u00fcnen), rejoindra en septembre le gouvernement du Schleswig-Holstein. Il sera, au sein de cet ex\u00e9cutif r\u00e9gional, Ministre en charge des transitions \u00e9nerg\u00e9tique et num\u00e9rique, de l&rsquo;\u00e9cologie et de l&rsquo;agriculture. Nous le f\u00e9licitons pour son engagement au Parlement Europ\u00e9en, le remercions pour son soutien et lui souhaitons beaucoup de [&hellip;]<\/p>\n","protected":false},"author":3,"featured_media":3601,"comment_status":"closed","ping_status":"open","sticky":false,"template":"","format":"standard","meta":{"jetpack_post_was_ever_published":false,"_jetpack_newsletter_access":"","_jetpack_dont_email_post_to_subs":false,"_jetpack_newsletter_tier_id":0,"_jetpack_memberships_contains_paywalled_content":false,"_jetpack_memberships_contains_paid_content":false,"footnotes":"","jetpack_publicize_message":"Un nouveau ministre franco-allemand en Schleswig Holstein ! @JanAlbrecht\r\n\r\nNotre colistier de 2014, Jan-Philipp Albrecht (die Gr\u00fcnen), rejoindra en septembre le gouvernement du Schleswig-Holstein. Il sera, au sein de cet ex\u00e9cutif r\u00e9gional, Ministre en charge des transitions \u00e9nerg\u00e9tique et num\u00e9rique, de l'\u00e9cologie et de l'agriculture.\r\n\r\nNous le f\u00e9licitons pour son engagement au Parlement Europ\u00e9en, le remercions pour son soutien et lui souhaitons beaucoup de r\u00e9ussite dans ses nouvelles fonctions.","jetpack_publicize_feature_enabled":true,"jetpack_social_post_already_shared":true,"jetpack_social_options":{"image_generator_settings":{"template":"highway","default_image_id":0,"font":"","enabled":false},"version":2}},"categories":[84,195],"tags":[94],"class_list":["post-3600","post","type-post","status-publish","format-standard","has-post-thumbnail","hentry","category-actualites","category-ecologie","tag-actualite"],"jetpack_publicize_connections":[],"jetpack_featured_media_url":"https:\/\/www.francais-d-allemagne.eu\/nord\/wp-content\/uploads\/sites\/2\/2018\/03\/jan-philipp.jpg","jetpack_sharing_enabled":true,"jetpack_shortlink":"https:\/\/wp.me\/p4ndNg-W4","_links":{"self":[{"href":"https:\/\/www.francais-d-allemagne.eu\/nord\/wp-json\/wp\/v2\/posts\/3600","targetHints":{"allow":["GET"]}}],"collection":[{"href":"https:\/\/www.francais-d-allemagne.eu\/nord\/wp-json\/wp\/v2\/posts"}],"about":[{"href":"https:\/\/www.francais-d-allemagne.eu\/nord\/wp-json\/wp\/v2\/types\/post"}],"author":[{"embeddable":true,"href":"https:\/\/www.francais-d-allemagne.eu\/nord\/wp-json\/wp\/v2\/users\/3"}],"replies":[{"embeddable":true,"href":"https:\/\/www.francais-d-allemagne.eu\/nord\/wp-json\/wp\/v2\/comments?post=3600"}],"version-history":[{"count":3,"href":"https:\/\/www.francais-d-allemagne.eu\/nord\/wp-json\/wp\/v2\/posts\/3600\/revisions"}],"predecessor-version":[{"id":3604,"href":"https:\/\/www.francais-d-allemagne.eu\/nord\/wp-json\/wp\/v2\/posts\/3600\/revisions\/3604"}],"wp:featuredmedia":[{"embeddable":true,"href":"https:\/\/www.francais-d-allemagne.eu\/nord\/wp-json\/wp\/v2\/media\/3601"}],"wp:attachment":[{"href":"https:\/\/www.francais-d-allemagne.eu\/nord\/wp-json\/wp\/v2\/media?parent=3600"}],"wp:term":[{"taxonomy":"category","embeddable":true,"href":"https:\/\/www.francais-d-allemagne.eu\/nord\/wp-json\/wp\/v2\/categories?post=3600"},{"taxonomy":"post_tag","embeddable":true,"href":"https:\/\/www.francais-d-allemagne.eu\/nord\/wp-json\/wp\/v2\/tags?post=3600"}],"curies":[{"name":"wp","href":"https:\/\/api.w.org\/{rel}","templated":true}]}}