{"id":3618,"date":"2018-03-28T18:15:53","date_gmt":"2018-03-28T17:15:53","guid":{"rendered":"http:\/\/www.francais-d-allemagne.eu\/nord\/?p=3618"},"modified":"2018-03-26T11:33:01","modified_gmt":"2018-03-26T10:33:01","slug":"fete-de-la-musique-a-breme-grand-appel-aux-talents-et-artistes","status":"publish","type":"post","link":"https:\/\/www.francais-d-allemagne.eu\/nord\/2018\/03\/28\/fete-de-la-musique-a-breme-grand-appel-aux-talents-et-artistes\/","title":{"rendered":"F\u00eate de la musique \u00e0 Br\u00eame : grand appel aux talents et artistes !"},"content":{"rendered":"<p>L&rsquo;<strong>institut Francais de Br\u00eame<\/strong> lance un grand <strong>appel aux talents et artistes d&rsquo;Allemagne du Nord<\/strong> pour la <strong>F\u00eate de la Musique du 21 juin 2018<\/strong>.<\/p>\n<p>Les concerts auront lieu au sein de l\u2019Institut fran\u00e7ais de Br\u00eame, dans le Musiksalon. Cet espace peut accueillir jusqu\u2019\u00e0 70 personnes environ, et poss\u00e8de une acoustique de tr\u00e8s bonne qualit\u00e9. Chaque groupe aura 15-30 minutes de jeu.<\/p>\n<p><strong>Les formations musicales et artistes souhaitant jouer \u00e0 l\u2019Institut peuvent d\u00e8s maintenant se manifester<\/strong><\/p>\n<p>&#8211; aupr\u00e8s de <a href=\"mailto:kultur.bremen@institutfrancais.de\" target=\"_blank\" rel=\"noopener\">kultur.bremen@institutfrancais.de<\/a><br \/>\n&#8211; en retournant <a href=\"https:\/\/www.francais-d-allemagne.eu\/nord\/wp-content\/uploads\/sites\/2\/2018\/03\/f\u00eate-de-la-musique-Anmeldeformular-2018.pdf\" target=\"_blank\" rel=\"noopener\"><strong>ce formulaire<\/strong><\/a><br \/>\n&#8211; accompagn\u00e9 d&rsquo;une d\u00e9mo (vid\u00e9o ou audio) et d&rsquo;\u00e9l\u00e9ments de promotion, qui serviront de base \u00e0 la programmation et \u00e0 la communication avec le public.<\/p>\n<p>&#8212;<\/p>\n<p><strong>Am 21. Juni<\/strong> ist es wieder soweit: Wir feiern die F\u00eate de la Musique!<\/p>\n<p>Die<strong> F\u00eate de la Musique<\/strong> ist <strong>das bekannteste Musikevent Frankreichs<\/strong>. Jeden Sommer gehen Musikliebhaber, K\u00fcnstler wie Zuh\u00f6rer, auf die Stra\u00dfen und genie\u00dfen einen musikalischen Austausch am l\u00e4ngsten Tag des Jahres. Jeder, ob klein oder gro\u00df, ob begeisterter Anf\u00e4nger oder Musikprofi, darf an diesem Tag \u00fcberall auftreten. Die Darbietungen spr\u00fchen dabei vor Vielfalt, Witz und Spontaneit\u00e4t, aber vor allen Dingen sind sie kostenlos und f\u00fcr jedermann zug\u00e4nglich.<\/p>\n<p><strong>Dieses Jahr veranstalten wir die F\u00eate de la Musique erneut im Institut fran\u00e7ais Bremen<\/strong> und hoffen darauf, dass uns der Sommer einen sch\u00f6nen Tag bringen wird, damit wir sowohl im Musiksalon, als auch im gro\u00dfen Garten des Instituts miteinander feiern k\u00f6nnen.<\/p>\n<p><span class=\"fontstyle0\"><strong>Wenn Ihr Teil dieses internationalen Festivals werden\u00a0<\/strong><strong>m\u00f6chtet<\/strong>, dann seid Ihr hiermit recht herzlich eingeladen.<\/span>\u00a0<strong>&gt;&gt; <a href=\"https:\/\/www.francais-d-allemagne.eu\/nord\/wp-content\/uploads\/sites\/2\/2018\/03\/f\u00eate-de-la-musique-Anmeldeformular-2018.pdf\" target=\"_blank\" rel=\"noopener\">Anmeldeformular f\u00fcr K\u00fcnstler und Bands<\/a><\/strong><\/p>\n","protected":false},"excerpt":{"rendered":"<p>L&rsquo;institut Francais de Br\u00eame lance un grand appel aux talents et artistes d&rsquo;Allemagne du Nord pour la F\u00eate de la Musique du 21 juin 2018. Les concerts auront lieu au sein de l\u2019Institut fran\u00e7ais de Br\u00eame, dans le Musiksalon. Cet espace peut accueillir jusqu\u2019\u00e0 70 personnes environ, et poss\u00e8de une acoustique de tr\u00e8s bonne qualit\u00e9. [&hellip;]<\/p>\n","protected":false},"author":3,"featured_media":3620,"comment_status":"closed","ping_status":"open","sticky":false,"template":"","format":"standard","meta":{"jetpack_post_was_ever_published":false,"_jetpack_newsletter_access":"","_jetpack_dont_email_post_to_subs":false,"_jetpack_newsletter_tier_id":0,"_jetpack_memberships_contains_paywalled_content":false,"_jetpack_memberships_contains_paid_content":false,"footnotes":"","jetpack_publicize_message":"F\u00eate de la musique \u00e0 Br\u00eame : grand appel aux talents et artistes !","jetpack_publicize_feature_enabled":true,"jetpack_social_post_already_shared":true,"jetpack_social_options":{"image_generator_settings":{"template":"highway","default_image_id":0,"font":"","enabled":false},"version":2}},"categories":[87],"tags":[40,169],"class_list":["post-3618","post","type-post","status-publish","format-standard","has-post-thumbnail","hentry","category-culture-2","tag-breme","tag-culture"],"jetpack_publicize_connections":[],"jetpack_featured_media_url":"https:\/\/www.francais-d-allemagne.eu\/nord\/wp-content\/uploads\/sites\/2\/2018\/03\/micro.jpg","jetpack_sharing_enabled":true,"jetpack_shortlink":"https:\/\/wp.me\/p4ndNg-Wm","_links":{"self":[{"href":"https:\/\/www.francais-d-allemagne.eu\/nord\/wp-json\/wp\/v2\/posts\/3618","targetHints":{"allow":["GET"]}}],"collection":[{"href":"https:\/\/www.francais-d-allemagne.eu\/nord\/wp-json\/wp\/v2\/posts"}],"about":[{"href":"https:\/\/www.francais-d-allemagne.eu\/nord\/wp-json\/wp\/v2\/types\/post"}],"author":[{"embeddable":true,"href":"https:\/\/www.francais-d-allemagne.eu\/nord\/wp-json\/wp\/v2\/users\/3"}],"replies":[{"embeddable":true,"href":"https:\/\/www.francais-d-allemagne.eu\/nord\/wp-json\/wp\/v2\/comments?post=3618"}],"version-history":[{"count":2,"href":"https:\/\/www.francais-d-allemagne.eu\/nord\/wp-json\/wp\/v2\/posts\/3618\/revisions"}],"predecessor-version":[{"id":3622,"href":"https:\/\/www.francais-d-allemagne.eu\/nord\/wp-json\/wp\/v2\/posts\/3618\/revisions\/3622"}],"wp:featuredmedia":[{"embeddable":true,"href":"https:\/\/www.francais-d-allemagne.eu\/nord\/wp-json\/wp\/v2\/media\/3620"}],"wp:attachment":[{"href":"https:\/\/www.francais-d-allemagne.eu\/nord\/wp-json\/wp\/v2\/media?parent=3618"}],"wp:term":[{"taxonomy":"category","embeddable":true,"href":"https:\/\/www.francais-d-allemagne.eu\/nord\/wp-json\/wp\/v2\/categories?post=3618"},{"taxonomy":"post_tag","embeddable":true,"href":"https:\/\/www.francais-d-allemagne.eu\/nord\/wp-json\/wp\/v2\/tags?post=3618"}],"curies":[{"name":"wp","href":"https:\/\/api.w.org\/{rel}","templated":true}]}}