{"id":3686,"date":"2018-04-23T19:15:12","date_gmt":"2018-04-23T18:15:12","guid":{"rendered":"http:\/\/www.francais-d-allemagne.eu\/nord\/?p=3686"},"modified":"2018-05-23T19:40:59","modified_gmt":"2018-05-23T18:40:59","slug":"foire-de-hanovre-2018","status":"publish","type":"post","link":"https:\/\/www.francais-d-allemagne.eu\/nord\/2018\/04\/23\/foire-de-hanovre-2018\/","title":{"rendered":"Foire de Hanovre 2018 !"},"content":{"rendered":"<p>Je suis heureux d\u2019avoir eu la chance de pouvoir accueillir aujourd&rsquo;hui les entreprises fran\u00e7aises et leurs partenaires \u00e0 l\u2019export en Allemagne \u00e0 la Hannover Messe.<\/p>\n<p style=\"font-weight: 400\">La Hanover Messe,\u00a0la foire industrielle de Hanovre, est une rencontre incontournable en Allemagne du Nord mais aussi le plus grand salon de technologie industrielle au monde.<\/p>\n<p>Les acteurs fran\u00e7ais, r\u00e9unis autour de Business France, \u00e9taient pr\u00e9sents en nombre ce lundi 23 avril \u00e0 l&rsquo;Espace France. Leur pavillon proposait, pour la premi\u00e8re fois et pour accompagner le programme inauguratif, un cycle de conf\u00e9rences\u00a0autour des th\u00e8mes de l&rsquo;innovation, de l&rsquo;\u00e9ducation et de la diversit\u00e9 :\u00a0 <em>Innoday<\/em>.<\/p>\n<p>Un initiative utile et appr\u00e9ci\u00e9e mais aussi l&rsquo;occasion de d\u00e9couvrir des solutions innovantes dans le domaine du num\u00e9rique et des transformations associ\u00e9es : intelligence artificielle, impression 3D, maintenance pr\u00e9dictive ou encore r\u00e9alit\u00e9 augment\u00e9e&#8230; et surtout des rencontres passionnantes avec des acteurs cl\u00e9s qui utilisent ou con\u00e7oivent des technologies au service de l\u2019industrie du futur.<\/p>\n<p>&nbsp;<br \/>\n<img loading=\"lazy\" decoding=\"async\" class=\"alignleft wp-image-3468\" src=\"https:\/\/www.francais-d-allemagne.eu\/nord\/wp-content\/uploads\/sites\/2\/2017\/12\/Nicolas-150x150.jpg\" alt=\"\" width=\"107\" height=\"107\" srcset=\"https:\/\/www.francais-d-allemagne.eu\/nord\/wp-content\/uploads\/sites\/2\/2017\/12\/Nicolas-150x150.jpg 150w, https:\/\/www.francais-d-allemagne.eu\/nord\/wp-content\/uploads\/sites\/2\/2017\/12\/Nicolas-200x200.jpg 200w\" sizes=\"auto, (max-width: 107px) 100vw, 107px\" \/><\/p>\n<p>&nbsp;<br \/>\nNicolas Stallivieri<br \/>\nConseiller consulaire \u00e9lu<br \/>\nAllemagne du Nord<\/p>\n<p>&nbsp;<\/p>\n","protected":false},"excerpt":{"rendered":"<p>Je suis heureux d\u2019avoir eu la chance de pouvoir accueillir aujourd&rsquo;hui les entreprises fran\u00e7aises et leurs partenaires \u00e0 l\u2019export en Allemagne \u00e0 la Hannover Messe. La Hanover Messe,\u00a0la foire industrielle de Hanovre, est une rencontre incontournable en Allemagne du Nord mais aussi le plus grand salon de technologie industrielle au monde. Les acteurs fran\u00e7ais, r\u00e9unis [&hellip;]<\/p>\n","protected":false},"author":3,"featured_media":3687,"comment_status":"closed","ping_status":"open","sticky":false,"template":"","format":"standard","meta":{"jetpack_post_was_ever_published":false,"_jetpack_newsletter_access":"","_jetpack_dont_email_post_to_subs":false,"_jetpack_newsletter_tier_id":0,"_jetpack_memberships_contains_paywalled_content":false,"_jetpack_memberships_contains_paid_content":false,"footnotes":"","jetpack_publicize_message":"Foire de Hanovre 2018 !","jetpack_publicize_feature_enabled":true,"jetpack_social_post_already_shared":true,"jetpack_social_options":{"image_generator_settings":{"template":"highway","default_image_id":0,"font":"","enabled":false},"version":2}},"categories":[163],"tags":[98],"class_list":["post-3686","post","type-post","status-publish","format-standard","has-post-thumbnail","hentry","category-economie-2","tag-economie"],"jetpack_publicize_connections":[],"jetpack_featured_media_url":"https:\/\/www.francais-d-allemagne.eu\/nord\/wp-content\/uploads\/sites\/2\/2018\/05\/foire-de-hanovre-2018.jpeg","jetpack_sharing_enabled":true,"jetpack_shortlink":"https:\/\/wp.me\/p4ndNg-Xs","_links":{"self":[{"href":"https:\/\/www.francais-d-allemagne.eu\/nord\/wp-json\/wp\/v2\/posts\/3686","targetHints":{"allow":["GET"]}}],"collection":[{"href":"https:\/\/www.francais-d-allemagne.eu\/nord\/wp-json\/wp\/v2\/posts"}],"about":[{"href":"https:\/\/www.francais-d-allemagne.eu\/nord\/wp-json\/wp\/v2\/types\/post"}],"author":[{"embeddable":true,"href":"https:\/\/www.francais-d-allemagne.eu\/nord\/wp-json\/wp\/v2\/users\/3"}],"replies":[{"embeddable":true,"href":"https:\/\/www.francais-d-allemagne.eu\/nord\/wp-json\/wp\/v2\/comments?post=3686"}],"version-history":[{"count":7,"href":"https:\/\/www.francais-d-allemagne.eu\/nord\/wp-json\/wp\/v2\/posts\/3686\/revisions"}],"predecessor-version":[{"id":3694,"href":"https:\/\/www.francais-d-allemagne.eu\/nord\/wp-json\/wp\/v2\/posts\/3686\/revisions\/3694"}],"wp:featuredmedia":[{"embeddable":true,"href":"https:\/\/www.francais-d-allemagne.eu\/nord\/wp-json\/wp\/v2\/media\/3687"}],"wp:attachment":[{"href":"https:\/\/www.francais-d-allemagne.eu\/nord\/wp-json\/wp\/v2\/media?parent=3686"}],"wp:term":[{"taxonomy":"category","embeddable":true,"href":"https:\/\/www.francais-d-allemagne.eu\/nord\/wp-json\/wp\/v2\/categories?post=3686"},{"taxonomy":"post_tag","embeddable":true,"href":"https:\/\/www.francais-d-allemagne.eu\/nord\/wp-json\/wp\/v2\/tags?post=3686"}],"curies":[{"name":"wp","href":"https:\/\/api.w.org\/{rel}","templated":true}]}}