{"id":3717,"date":"2018-06-05T17:30:32","date_gmt":"2018-06-05T16:30:32","guid":{"rendered":"http:\/\/www.francais-d-allemagne.eu\/nord\/?p=3717"},"modified":"2019-01-21T20:46:23","modified_gmt":"2019-01-21T19:46:23","slug":"nouveau-traite-de-lelysee-appel-a-contributions-de-lofaj","status":"publish","type":"post","link":"https:\/\/www.francais-d-allemagne.eu\/nord\/2018\/06\/05\/nouveau-traite-de-lelysee-appel-a-contributions-de-lofaj\/","title":{"rendered":"Nouveau trait\u00e9 de l&rsquo;\u00c9lys\u00e9e : appel \u00e0 contributions de l&rsquo;OFAJ !"},"content":{"rendered":"<p>Il y a 55 ans, le 22 janvier 1963, Charles de Gaulle et Konrad Adenauer scell\u00e8rent l\u2019<strong>amiti\u00e9 franco-allemande<\/strong> en signant\u00a0le <strong>Trait\u00e9 de l\u2019\u00c9lys\u00e9e<\/strong>, symbole de la r\u00e9conciliation franco- allemande.<\/p>\n<p><strong>En 2019, un nouveau Trait\u00e9 de l\u2019\u00c9lys\u00e9e sera sign\u00e9<\/strong> entre le gouvernement fran\u00e7ais et allemand.<\/p>\n<p>Dans ce cadre, l&rsquo;OFAJ lance un grand <strong>appel \u00e0 contributions<\/strong> avec sa campagne <em><strong>\u00c9lys\u00e9e 2.0.19.<\/strong><\/em><br \/>\nCette campagne s\u2019adresse \u00e0 tous les jeunes qui souhaitent apporter leur petite pierre \u00e0 l&rsquo;\u00e9difice en avan\u00e7ant des id\u00e9es pour un nouveau trait\u00e9 de l\u2019\u00c9lys\u00e9e. C&rsquo;est une excellente initiative \u00e0 laquelle nous souhaitons apporter tout notre soutien.<\/p>\n<p>Aussi, si tu as des propositions pour am\u00e9liorer la coop\u00e9ration franco-allemande, n&rsquo;h\u00e9site pas \u00e0 apporter ta contribution sur ce site et\/ou \u00e0 nous contacter si tu souhaites formuler des propositions avec nous.<strong> Les id\u00e9es ainsi collect\u00e9es seront envoy\u00e9es aux gouvernements des deux pays<\/strong> \u00e0 la fin de l\u2019ann\u00e9e 2018.<\/p>\n<p><strong><a href=\"http:\/\/elysee2019.ofaj.org\/\" target=\"_blank\" rel=\"noopener\">&gt;&gt; Partager ses id\u00e9es pour le renouveau du trait\u00e9 de l&rsquo;\u00c9lys\u00e9e<\/a><\/strong><\/p>\n","protected":false},"excerpt":{"rendered":"<p>Il y a 55 ans, le 22 janvier 1963, Charles de Gaulle et Konrad Adenauer scell\u00e8rent l\u2019amiti\u00e9 franco-allemande en signant\u00a0le Trait\u00e9 de l\u2019\u00c9lys\u00e9e, symbole de la r\u00e9conciliation franco- allemande. En 2019, un nouveau Trait\u00e9 de l\u2019\u00c9lys\u00e9e sera sign\u00e9 entre le gouvernement fran\u00e7ais et allemand. Dans ce cadre, l&rsquo;OFAJ lance un grand appel \u00e0 contributions avec [&hellip;]<\/p>\n","protected":false},"author":3,"featured_media":3718,"comment_status":"closed","ping_status":"open","sticky":false,"template":"","format":"standard","meta":{"jetpack_post_was_ever_published":false,"_jetpack_newsletter_access":"","_jetpack_dont_email_post_to_subs":false,"_jetpack_newsletter_tier_id":0,"_jetpack_memberships_contains_paywalled_content":false,"_jetpack_memberships_contains_paid_content":false,"footnotes":"","jetpack_publicize_message":"Nouveau trait\u00e9 de l'\u00c9lys\u00e9e : appel \u00e0 contributions de l'OFAJ !\r\n\r\nIl y a 55 ans, le 22 janvier 1963, Charles de Gaulle et Konrad Adenauer scell\u00e8rent l\u2019amiti\u00e9 franco-allemande en signant\u00a0le Trait\u00e9 de l\u2019\u00c9lys\u00e9e, symbole de la r\u00e9conciliation franco- allemande.\r\n\r\nEn 2019, un nouveau Trait\u00e9 de l\u2019\u00c9lys\u00e9e sera sign\u00e9 entre le gouvernement fran\u00e7ais et allemand.\r\n\r\nDans ce cadre, l'OFAJ lance un grand appel \u00e0 contributions avec sa campagne \u00c9lys\u00e9e 2.0.19.\r\nCette campagne s\u2019adresse \u00e0 tous les jeunes qui souhaitent apporter leur petite pierre \u00e0 l'\u00e9difice en avan\u00e7ant des id\u00e9es pour un nouveau trait\u00e9 de l\u2019\u00c9lys\u00e9e. C'est une excellente initiative \u00e0 laquelle nous souhaitons apporter tout notre soutien.\r\n\r\nAussi, si tu as des propositions pour am\u00e9liorer la coop\u00e9ration franco-allemande, n'h\u00e9site pas \u00e0 apporter ta contribution sur ce site et\/ou \u00e0 nous contacter si tu souhaites formuler des propositions avec nous. Les id\u00e9es ainsi collect\u00e9es seront envoy\u00e9es aux gouvernements des deux pays \u00e0 la fin de l\u2019ann\u00e9e 2018.\r\n\r\n>> Partager ses id\u00e9es pour le renouveau du trait\u00e9 de l'\u00c9lys\u00e9e : http:\/\/elysee2019.ofaj.org\/","jetpack_publicize_feature_enabled":true,"jetpack_social_post_already_shared":true,"jetpack_social_options":{"image_generator_settings":{"template":"highway","default_image_id":0,"font":"","enabled":false},"version":2}},"categories":[84,197,80],"tags":[113],"class_list":["post-3717","post","type-post","status-publish","format-standard","has-post-thumbnail","hentry","category-actualites","category-franco-allemand","category-informations-citoyennes","tag-franco-allemand"],"jetpack_publicize_connections":[],"jetpack_featured_media_url":"https:\/\/www.francais-d-allemagne.eu\/nord\/wp-content\/uploads\/sites\/2\/2018\/05\/elysee-2019.png","jetpack_sharing_enabled":true,"jetpack_shortlink":"https:\/\/wp.me\/p4ndNg-XX","_links":{"self":[{"href":"https:\/\/www.francais-d-allemagne.eu\/nord\/wp-json\/wp\/v2\/posts\/3717","targetHints":{"allow":["GET"]}}],"collection":[{"href":"https:\/\/www.francais-d-allemagne.eu\/nord\/wp-json\/wp\/v2\/posts"}],"about":[{"href":"https:\/\/www.francais-d-allemagne.eu\/nord\/wp-json\/wp\/v2\/types\/post"}],"author":[{"embeddable":true,"href":"https:\/\/www.francais-d-allemagne.eu\/nord\/wp-json\/wp\/v2\/users\/3"}],"replies":[{"embeddable":true,"href":"https:\/\/www.francais-d-allemagne.eu\/nord\/wp-json\/wp\/v2\/comments?post=3717"}],"version-history":[{"count":1,"href":"https:\/\/www.francais-d-allemagne.eu\/nord\/wp-json\/wp\/v2\/posts\/3717\/revisions"}],"predecessor-version":[{"id":3719,"href":"https:\/\/www.francais-d-allemagne.eu\/nord\/wp-json\/wp\/v2\/posts\/3717\/revisions\/3719"}],"wp:featuredmedia":[{"embeddable":true,"href":"https:\/\/www.francais-d-allemagne.eu\/nord\/wp-json\/wp\/v2\/media\/3718"}],"wp:attachment":[{"href":"https:\/\/www.francais-d-allemagne.eu\/nord\/wp-json\/wp\/v2\/media?parent=3717"}],"wp:term":[{"taxonomy":"category","embeddable":true,"href":"https:\/\/www.francais-d-allemagne.eu\/nord\/wp-json\/wp\/v2\/categories?post=3717"},{"taxonomy":"post_tag","embeddable":true,"href":"https:\/\/www.francais-d-allemagne.eu\/nord\/wp-json\/wp\/v2\/tags?post=3717"}],"curies":[{"name":"wp","href":"https:\/\/api.w.org\/{rel}","templated":true}]}}