{"id":3727,"date":"2018-08-28T13:45:36","date_gmt":"2018-08-28T12:45:36","guid":{"rendered":"http:\/\/www.francais-d-allemagne.eu\/nord\/?p=3727"},"modified":"2019-01-21T11:13:25","modified_gmt":"2019-01-21T10:13:25","slug":"rapport-2018-du-gouvernement-sur-les-francais-de-letranger","status":"publish","type":"post","link":"https:\/\/www.francais-d-allemagne.eu\/nord\/2018\/08\/28\/rapport-2018-du-gouvernement-sur-les-francais-de-letranger\/","title":{"rendered":"Rapport 2018 du gouvernement sur la situation des Fran\u00e7ais \u00e9tablis hors de France"},"content":{"rendered":"<p>Vous pouvez consulter le rapport 2018 du gouvernement sur la situation des Fran\u00e7ais \u00e9tablis hors de France.<\/p>\n<p>Ce rapport d\u00e9taille de nombreuses statistiques et pr\u00e9sente un bilan des dispositifs consulaires et scolaires mis en \u0153uvre pour les Fran\u00e7ais r\u00e9sidant \u00e0 l&rsquo;\u00e9tranger.<\/p>\n<p>En 2017 : 116 388 Fran\u00e7ais sont inscrits dans les consulats en Allemagne (-1,6%), soit bien moins que les statistiques allemandes puisque l&rsquo;inscription consulaire n&rsquo;est pas obligatoire&#8230;<\/p>\n<p><a href=\"http:\/\/www.assemblee-afe.fr\/IMG\/pdf\/rapport_2018_-_version_pdf.pdf\" target=\"_blank\" rel=\"noopener\">Consulter le rapport 2018<\/a><\/p>\n","protected":false},"excerpt":{"rendered":"<p>Vous pouvez consulter le rapport 2018 du gouvernement sur la situation des Fran\u00e7ais \u00e9tablis hors de France. Ce rapport d\u00e9taille de nombreuses statistiques et pr\u00e9sente un bilan des dispositifs consulaires et scolaires mis en \u0153uvre pour les Fran\u00e7ais r\u00e9sidant \u00e0 l&rsquo;\u00e9tranger. En 2017 : 116 388 Fran\u00e7ais sont inscrits dans les consulats en Allemagne (-1,6%), [&hellip;]<\/p>\n","protected":false},"author":3,"featured_media":3097,"comment_status":"closed","ping_status":"open","sticky":false,"template":"","format":"standard","meta":{"jetpack_post_was_ever_published":false,"_jetpack_newsletter_access":"","_jetpack_dont_email_post_to_subs":false,"_jetpack_newsletter_tier_id":0,"_jetpack_memberships_contains_paywalled_content":false,"_jetpack_memberships_contains_paid_content":false,"footnotes":"","jetpack_publicize_message":"","jetpack_publicize_feature_enabled":true,"jetpack_social_post_already_shared":true,"jetpack_social_options":{"image_generator_settings":{"template":"highway","default_image_id":0,"font":"","enabled":false},"version":2}},"categories":[82],"tags":[71],"class_list":["post-3727","post","type-post","status-publish","format-standard","has-post-thumbnail","hentry","category-conseil-consulaire-2","tag-francais-de-letranger"],"jetpack_publicize_connections":[],"jetpack_featured_media_url":"https:\/\/www.francais-d-allemagne.eu\/nord\/wp-content\/uploads\/sites\/2\/2017\/04\/fran\u00e7ais-de-l\u00e9tranger.jpg","jetpack_sharing_enabled":true,"jetpack_shortlink":"https:\/\/wp.me\/p4ndNg-Y7","_links":{"self":[{"href":"https:\/\/www.francais-d-allemagne.eu\/nord\/wp-json\/wp\/v2\/posts\/3727","targetHints":{"allow":["GET"]}}],"collection":[{"href":"https:\/\/www.francais-d-allemagne.eu\/nord\/wp-json\/wp\/v2\/posts"}],"about":[{"href":"https:\/\/www.francais-d-allemagne.eu\/nord\/wp-json\/wp\/v2\/types\/post"}],"author":[{"embeddable":true,"href":"https:\/\/www.francais-d-allemagne.eu\/nord\/wp-json\/wp\/v2\/users\/3"}],"replies":[{"embeddable":true,"href":"https:\/\/www.francais-d-allemagne.eu\/nord\/wp-json\/wp\/v2\/comments?post=3727"}],"version-history":[{"count":4,"href":"https:\/\/www.francais-d-allemagne.eu\/nord\/wp-json\/wp\/v2\/posts\/3727\/revisions"}],"predecessor-version":[{"id":3731,"href":"https:\/\/www.francais-d-allemagne.eu\/nord\/wp-json\/wp\/v2\/posts\/3727\/revisions\/3731"}],"wp:featuredmedia":[{"embeddable":true,"href":"https:\/\/www.francais-d-allemagne.eu\/nord\/wp-json\/wp\/v2\/media\/3097"}],"wp:attachment":[{"href":"https:\/\/www.francais-d-allemagne.eu\/nord\/wp-json\/wp\/v2\/media?parent=3727"}],"wp:term":[{"taxonomy":"category","embeddable":true,"href":"https:\/\/www.francais-d-allemagne.eu\/nord\/wp-json\/wp\/v2\/categories?post=3727"},{"taxonomy":"post_tag","embeddable":true,"href":"https:\/\/www.francais-d-allemagne.eu\/nord\/wp-json\/wp\/v2\/tags?post=3727"}],"curies":[{"name":"wp","href":"https:\/\/api.w.org\/{rel}","templated":true}]}}