{"id":3770,"date":"2018-10-05T17:00:32","date_gmt":"2018-10-05T16:00:32","guid":{"rendered":"http:\/\/www.francais-d-allemagne.eu\/nord\/?p=3770"},"modified":"2019-01-21T11:12:57","modified_gmt":"2019-01-21T10:12:57","slug":"session-dautomne-de-lassemblee-des-francais-de-letranger","status":"publish","type":"post","link":"https:\/\/www.francais-d-allemagne.eu\/nord\/2018\/10\/05\/session-dautomne-de-lassemblee-des-francais-de-letranger\/","title":{"rendered":"Session d&rsquo;automne de l&rsquo;Assembl\u00e9e des Fran\u00e7ais de l&rsquo;\u00c9tranger"},"content":{"rendered":"<p>Philippe Loiseau, notre conseiller d&rsquo;Allemagne du Nord participait cette semaine \u00e0 la session d&rsquo;automne de l&rsquo;Assembl\u00e9e des Fran\u00e7ais de l&rsquo;\u00e9tranger.<\/p>\n<p>Alors que des arbitrages d&rsquo;inspiration lib\u00e9rale concernant des questions aussi importantes que l&rsquo;enseignement fran\u00e7ais ou le statut des enseignants se multiplient hors de toute concertation et bien souvent en l&rsquo;absence totale des citoyen-ne-s, nous esp\u00e9rons que la pr\u00e9sence de plusieurs parlementaires de la majorit\u00e9 En Marche devant les commissions mais aussi de deux rapporteurs du S\u00e9nat, aura pu convaincre de l&rsquo;utilit\u00e9 d&rsquo;une \u00e9coute active et de consultations sinc\u00e8res.<\/p>\n<p>L&rsquo;intervention du secr\u00e9taire d&rsquo;\u00c9tat a surtout act\u00e9 le statut-quo dans les domaines o\u00f9 le d\u00e9bat est le plus fort et les inqui\u00e9tudes les plus grandes au sein de nos communaut\u00e9s \u00e0 l&rsquo;\u00e9tranger. Il n&rsquo;a pourtant r\u00e9pondu \u00e0 aucun sujet avec pr\u00e9cision, comme par exemple en mati\u00e8re d&rsquo;\u00e9ducation. Tandis que les rapports internes de l&rsquo;administration ou de l&rsquo;Inspection g\u00e9n\u00e9rale restent secrets, on attend les conclusions en d\u00e9cembre du rapport parlementaire de la d\u00e9put\u00e9e Cazebonne. Rapport, qui devrait finalement se concentrer seulement sur l&rsquo;extension quantitative de l&rsquo;offre d&rsquo;enseignement du fran\u00e7ais (doublement des apprenants dans le r\u00e9seau), voulue par le Pr\u00e9sident.<\/p>\n<p>Sur les mesures pratiques et attendues depuis plusieurs ann\u00e9es en mati\u00e8re de protection sociale (d\u00e9mat\u00e9rialisation des certificats de vie) ou de participation citoyenne (vote \u00e9lectronique en 2020 et 2022), les annonces sont tout sauf volontaristes et n&rsquo;invitent qu&rsquo;\u00e0 un optimisme fort mod\u00e9r\u00e9 quant \u00e0 leur mise en oeuvre effective en temps voulu.<\/p>\n<p>Concernant les questions fiscales, des propositions qui pourraient aller dans le sens de d\u00e9marches facilit\u00e9es et d&rsquo;une am\u00e9lioration du service de l&rsquo;administration fiscale d\u00e9livr\u00e9 aux non-r\u00e9sidents ont \u00e9t\u00e9 faites en septembre. Malheureusement, les points qui font toujours consensus d&rsquo;un bout \u00e0 l&rsquo;autre de l&rsquo;arc politique tels la suppression de la CSG sur les revenus immobiliers ou la d\u00e9claration de la seule habitation en France comme r\u00e9sidence principale ont, eux, re\u00e7u un accueil plus que frileux du gouvernement. De m\u00eame pour l&rsquo;introduction de plus de justice fiscale pour celles et ceux qui d\u00e9clarent des revenus en France, pour laquelle, \u00e0 droite comme au centre, tous ne partagent pas grande conviction.<\/p>\n<p>Heureusement, les commissions th\u00e9matiques de l&rsquo;Assembl\u00e9e des Fran\u00e7ais de l&rsquo;\u00e9tranger sont au travail, notamment les \u00e9lus de gauche, et font avancer les projets, certes parfois modestes, mais qui peuvent apporter des am\u00e9liorations sensibles au quotidien et qui, surtout, s\u2019int\u00e9ressent \u00e0 toutes les dimensions, aussi interculturelles, de l&rsquo;expatriation et de la vie \u00e0 l&rsquo;\u00e9tranger.<\/p>\n","protected":false},"excerpt":{"rendered":"<p>Philippe Loiseau, notre conseiller d&rsquo;Allemagne du Nord participait cette semaine \u00e0 la session d&rsquo;automne de l&rsquo;Assembl\u00e9e des Fran\u00e7ais de l&rsquo;\u00e9tranger. Alors que des arbitrages d&rsquo;inspiration lib\u00e9rale concernant des questions aussi importantes que l&rsquo;enseignement fran\u00e7ais ou le statut des enseignants se multiplient hors de toute concertation et bien souvent en l&rsquo;absence totale des citoyen-ne-s, nous esp\u00e9rons [&hellip;]<\/p>\n","protected":false},"author":3,"featured_media":3780,"comment_status":"closed","ping_status":"open","sticky":false,"template":"","format":"standard","meta":{"jetpack_post_was_ever_published":false,"_jetpack_newsletter_access":"","_jetpack_dont_email_post_to_subs":false,"_jetpack_newsletter_tier_id":0,"_jetpack_memberships_contains_paywalled_content":false,"_jetpack_memberships_contains_paid_content":false,"footnotes":"","jetpack_publicize_message":"","jetpack_publicize_feature_enabled":true,"jetpack_social_post_already_shared":true,"jetpack_social_options":{"image_generator_settings":{"template":"highway","default_image_id":0,"font":"","enabled":false},"version":2}},"categories":[82],"tags":[210,60],"class_list":["post-3770","post","type-post","status-publish","format-standard","has-post-thumbnail","hentry","category-conseil-consulaire-2","tag-afe","tag-assemblee-des-francais-de-letranger"],"jetpack_publicize_connections":[],"jetpack_featured_media_url":"https:\/\/www.francais-d-allemagne.eu\/nord\/wp-content\/uploads\/sites\/2\/2018\/10\/AFE-2018-09.jpg","jetpack_sharing_enabled":true,"jetpack_shortlink":"https:\/\/wp.me\/p4ndNg-YO","_links":{"self":[{"href":"https:\/\/www.francais-d-allemagne.eu\/nord\/wp-json\/wp\/v2\/posts\/3770","targetHints":{"allow":["GET"]}}],"collection":[{"href":"https:\/\/www.francais-d-allemagne.eu\/nord\/wp-json\/wp\/v2\/posts"}],"about":[{"href":"https:\/\/www.francais-d-allemagne.eu\/nord\/wp-json\/wp\/v2\/types\/post"}],"author":[{"embeddable":true,"href":"https:\/\/www.francais-d-allemagne.eu\/nord\/wp-json\/wp\/v2\/users\/3"}],"replies":[{"embeddable":true,"href":"https:\/\/www.francais-d-allemagne.eu\/nord\/wp-json\/wp\/v2\/comments?post=3770"}],"version-history":[{"count":6,"href":"https:\/\/www.francais-d-allemagne.eu\/nord\/wp-json\/wp\/v2\/posts\/3770\/revisions"}],"predecessor-version":[{"id":3781,"href":"https:\/\/www.francais-d-allemagne.eu\/nord\/wp-json\/wp\/v2\/posts\/3770\/revisions\/3781"}],"wp:featuredmedia":[{"embeddable":true,"href":"https:\/\/www.francais-d-allemagne.eu\/nord\/wp-json\/wp\/v2\/media\/3780"}],"wp:attachment":[{"href":"https:\/\/www.francais-d-allemagne.eu\/nord\/wp-json\/wp\/v2\/media?parent=3770"}],"wp:term":[{"taxonomy":"category","embeddable":true,"href":"https:\/\/www.francais-d-allemagne.eu\/nord\/wp-json\/wp\/v2\/categories?post=3770"},{"taxonomy":"post_tag","embeddable":true,"href":"https:\/\/www.francais-d-allemagne.eu\/nord\/wp-json\/wp\/v2\/tags?post=3770"}],"curies":[{"name":"wp","href":"https:\/\/api.w.org\/{rel}","templated":true}]}}