{"id":3843,"date":"2019-01-21T17:30:22","date_gmt":"2019-01-21T16:30:22","guid":{"rendered":"http:\/\/www.francais-d-allemagne.eu\/nord\/?p=3843"},"modified":"2019-01-21T20:49:58","modified_gmt":"2019-01-21T19:49:58","slug":"soutien-au-tissu-associatif-des-francais-de-letranger","status":"publish","type":"post","link":"https:\/\/www.francais-d-allemagne.eu\/nord\/2019\/01\/21\/soutien-au-tissu-associatif-des-francais-de-letranger\/","title":{"rendered":"Soutien au tissu associatif des Fran\u00e7ais de l&rsquo;\u00c9tranger"},"content":{"rendered":"<blockquote><p>La campagne 2019 du dispositif STAFE (<strong>Soutien au Tissu Associatif des Fran\u00e7ais de l&rsquo;\u00c9tranger<\/strong>) est ouverte. Cette campagne concerne les projets associatifs planifi\u00e9s pour 2020.<\/p>\n<p><strong><a href=\"https:\/\/de.ambafrance.org\/Dispositif-de-soutien-au-tissu-associatif-des-Francais-a-l-etranger-STAFE-appel-18057\" target=\"_blank\" rel=\"noopener\">Les dossiers de demande de subvention<\/a><\/strong> peuvent \u00eatre retir\u00e9s par les associations d&rsquo;ici au 3 mai 2019 et devront \u00eatre d\u00e9pos\u00e9s, une fois renseign\u00e9s, au plus tard le 10 mai prochain aupr\u00e8s de la section consulaire de Berlin.<\/p>\n<p><strong>N&rsquo;h\u00e9sitez pas \u00e0 nous solliciter<\/strong> en cas de question ou de probl\u00e8me.<\/p>\n<\/blockquote>\n<p>Ce fonds STAFE subventionne les projets associatifs \u00e0 destination des Fran\u00e7ais \u00e9tablis \u00e0 l\u2019\u00e9tranger et des publics francophones. L\u2019objet de ces projets doit \u00eatre de nature \u00e9ducative, caritative, culturelle ou d\u2019insertion socio-\u00e9conomique et\/ou contribuer au rayonnement de la France. Vous trouverez <strong>plus d&rsquo;informations<\/strong> sur ce dispositif <a href=\"https:\/\/www.diplomatie.gouv.fr\/fr\/services-aux-citoyens\/consulats-et-communaute-francaise-a-l-etranger\/article\/dispositif-de-soutien-au-tissu-associatif-des-francais-a-l-etranger-stafe\">en suivant ce lien<\/a>.<\/p>\n<p>Voici le calendrier d&rsquo;instruction des dossiers :<\/p>\n<table>\n<tbody>\n<tr>\n<td width=\"25%\">21 janvier \u2212 3 mai<\/td>\n<td>retrait des dossiers aupr\u00e8s des postes<\/td>\n<\/tr>\n<tr>\n<td><strong>3&nbsp;mai<\/strong><\/td>\n<td><strong>date limite de retrait des dossiers<\/strong> par les associations<\/td>\n<\/tr>\n<tr>\n<td><strong>10 mai<\/strong><\/td>\n<td><strong>date limite de d\u00e9p\u00f4t des dossiers<\/strong> aupr\u00e8s du consulat de Berlin<\/td>\n<\/tr>\n<tr>\n<td>13 mai \u2212 28 juin<\/td>\n<td>examen des projets et tenue d\u2019un conseil consulaire sp\u00e9cifique<\/td>\n<\/tr>\n<tr>\n<td>28 juin<\/td>\n<td>transfert des dossiers retenus \u00e0 l\u2019administration centrale<\/td>\n<\/tr>\n<tr>\n<td>27 septembre<\/td>\n<td>tenue de la commission consultative du STAFE \u00e0 Paris<\/td>\n<\/tr>\n<\/tbody>\n<\/table>\n","protected":false},"excerpt":{"rendered":"<p>La campagne 2019 du dispositif STAFE (Soutien au Tissu Associatif des Fran\u00e7ais de l&rsquo;\u00c9tranger) est ouverte. Cette campagne concerne les projets associatifs planifi\u00e9s pour 2020. Les dossiers de demande de subvention peuvent \u00eatre retir\u00e9s par les associations d&rsquo;ici au 3 mai 2019 et devront \u00eatre d\u00e9pos\u00e9s, une fois renseign\u00e9s, au plus tard le 10 mai [&hellip;]<\/p>\n","protected":false},"author":3,"featured_media":3871,"comment_status":"closed","ping_status":"open","sticky":false,"template":"","format":"standard","meta":{"jetpack_post_was_ever_published":false,"_jetpack_newsletter_access":"","_jetpack_dont_email_post_to_subs":false,"_jetpack_newsletter_tier_id":0,"_jetpack_memberships_contains_paywalled_content":false,"_jetpack_memberships_contains_paid_content":false,"footnotes":"","jetpack_publicize_message":"","jetpack_publicize_feature_enabled":true,"jetpack_social_post_already_shared":true,"jetpack_social_options":{"image_generator_settings":{"template":"highway","default_image_id":0,"font":"","enabled":false},"version":2}},"categories":[84,82],"tags":[108,43,220],"class_list":["post-3843","post","type-post","status-publish","format-standard","has-post-thumbnail","hentry","category-actualites","category-conseil-consulaire-2","tag-associations","tag-initiatives-locales","tag-stafe"],"jetpack_publicize_connections":[],"jetpack_featured_media_url":"https:\/\/www.francais-d-allemagne.eu\/nord\/wp-content\/uploads\/sites\/2\/2019\/01\/STAFE-2019.jpg","jetpack_sharing_enabled":true,"jetpack_shortlink":"https:\/\/wp.me\/p4ndNg-ZZ","_links":{"self":[{"href":"https:\/\/www.francais-d-allemagne.eu\/nord\/wp-json\/wp\/v2\/posts\/3843","targetHints":{"allow":["GET"]}}],"collection":[{"href":"https:\/\/www.francais-d-allemagne.eu\/nord\/wp-json\/wp\/v2\/posts"}],"about":[{"href":"https:\/\/www.francais-d-allemagne.eu\/nord\/wp-json\/wp\/v2\/types\/post"}],"author":[{"embeddable":true,"href":"https:\/\/www.francais-d-allemagne.eu\/nord\/wp-json\/wp\/v2\/users\/3"}],"replies":[{"embeddable":true,"href":"https:\/\/www.francais-d-allemagne.eu\/nord\/wp-json\/wp\/v2\/comments?post=3843"}],"version-history":[{"count":29,"href":"https:\/\/www.francais-d-allemagne.eu\/nord\/wp-json\/wp\/v2\/posts\/3843\/revisions"}],"predecessor-version":[{"id":3878,"href":"https:\/\/www.francais-d-allemagne.eu\/nord\/wp-json\/wp\/v2\/posts\/3843\/revisions\/3878"}],"wp:featuredmedia":[{"embeddable":true,"href":"https:\/\/www.francais-d-allemagne.eu\/nord\/wp-json\/wp\/v2\/media\/3871"}],"wp:attachment":[{"href":"https:\/\/www.francais-d-allemagne.eu\/nord\/wp-json\/wp\/v2\/media?parent=3843"}],"wp:term":[{"taxonomy":"category","embeddable":true,"href":"https:\/\/www.francais-d-allemagne.eu\/nord\/wp-json\/wp\/v2\/categories?post=3843"},{"taxonomy":"post_tag","embeddable":true,"href":"https:\/\/www.francais-d-allemagne.eu\/nord\/wp-json\/wp\/v2\/tags?post=3843"}],"curies":[{"name":"wp","href":"https:\/\/api.w.org\/{rel}","templated":true}]}}