{"id":3964,"date":"2019-02-14T17:00:59","date_gmt":"2019-02-14T16:00:59","guid":{"rendered":"http:\/\/www.francais-d-allemagne.eu\/nord\/?p=3964"},"modified":"2019-02-13T19:57:46","modified_gmt":"2019-02-13T18:57:46","slug":"3964","status":"publish","type":"post","link":"https:\/\/www.francais-d-allemagne.eu\/nord\/2019\/02\/14\/3964\/","title":{"rendered":"Infolettre 2019 !"},"content":{"rendered":"<p>&nbsp;<\/p>\n<p>&nbsp;<\/p>\n<p><img loading=\"lazy\" decoding=\"async\" class=\"alignnone size-large wp-image-3312\" src=\"https:\/\/www.francais-d-allemagne.eu\/nord\/wp-content\/uploads\/sites\/2\/2017\/07\/francais-d-allemagne-nord-header-joelle-2017-1024x222.jpg\" alt=\"\" width=\"700\" height=\"152\" srcset=\"https:\/\/www.francais-d-allemagne.eu\/nord\/wp-content\/uploads\/sites\/2\/2017\/07\/francais-d-allemagne-nord-header-joelle-2017-1024x222.jpg 1024w, https:\/\/www.francais-d-allemagne.eu\/nord\/wp-content\/uploads\/sites\/2\/2017\/07\/francais-d-allemagne-nord-header-joelle-2017-300x65.jpg 300w, https:\/\/www.francais-d-allemagne.eu\/nord\/wp-content\/uploads\/sites\/2\/2017\/07\/francais-d-allemagne-nord-header-joelle-2017-768x166.jpg 768w\" sizes=\"auto, (max-width: 700px) 100vw, 700px\" \/><\/p>\n<p>&nbsp;<\/p>\n<h4>Ch\u00e8res et Chers compatriotes,<\/h4>\n<p>Voici <strong>notre infolettre 2019<\/strong> qui rend compte de nos actions en tant que conseillers consulaires \u00e9lus en Allemagne du Nord.<\/p>\n<p>Pour celles et ceux d&rsquo;entre vous, inscrit-e-s depuis peu au registre consulaire, voici <strong>qui nous sommes et pourquoi nous vous \u00e9crivons<\/strong>. Nous sommes des \u00e9lus b\u00e9n\u00e9voles et engag\u00e9s pour vous repr\u00e9senter et soutenir des projets utiles. Notre mandat est consultatif et nous travaillons en \u00e9troit dialogue avec les consulats et le poste diplomatique.<\/p>\n<p>Cette lettre vient compl\u00e9ter la <strong>communication r\u00e9guli\u00e8re<\/strong> que nous faisons sur notre site, le <strong>dialogue citoyen<\/strong> que nous entretenons et notre <strong>\u00e9coute active<\/strong> sur le terrain, o\u00f9 nous restons comme toujours \u00e0 votre disposition pour \u00e9changer et aider.<\/p>\n<p><strong>Notre action de proximit\u00e9<\/strong> se fait au quotidien pour vous, dans notre circonscription et en accord avec notre id\u00e9al de solidarit\u00e9.<\/p>\n<p>&nbsp;<\/p>\n<h5><strong>Philippe Loiseau, Jo\u00eblle Ohlmer-Trouv\u00e9 et Nicolas Stallivieri<\/strong><\/h5>\n<p>Vos conseillers consulaires \u00e9lu-e-s pour l&rsquo;Allemagne du Nord<br \/>\n<em>Basse-Saxe, Berlin, Brandebourg, Br\u00eame, Hambourg, Mecklembourg, Saxe, Saxe-Anhalt, Schleswig-Holstein, Thuringe<\/em><\/p>\n<p>&nbsp;<br \/>\n<a name=\"sommaire\"><strong>Sommaire<\/strong><\/a><\/p>\n<hr \/>\n<p><img loading=\"lazy\" decoding=\"async\" class=\"size-medium wp-image-2931 alignleft\" src=\"https:\/\/www.francais-d-allemagne.eu\/nord\/wp-content\/uploads\/sites\/2\/2016\/09\/infolettre-300x140.jpg\" alt=\"\" width=\"300\" height=\"140\" srcset=\"https:\/\/www.francais-d-allemagne.eu\/nord\/wp-content\/uploads\/sites\/2\/2016\/09\/infolettre-300x140.jpg 300w, https:\/\/www.francais-d-allemagne.eu\/nord\/wp-content\/uploads\/sites\/2\/2016\/09\/infolettre.jpg 600w\" sizes=\"auto, (max-width: 300px) 100vw, 300px\" \/><a href=\"#servicepublic\">Service public consulaire<\/a><br \/>\n<a href=\"#education\">Education<\/a><br \/>\n<a href=\"#droitscitoyens\">Droits citoyens et \u00e9lections europ\u00e9ennes<\/a><br \/>\n<a href=\"#emploieteconomie\">Emploi et \u00e9conomie<\/a><br \/>\n<a href=\"#assos\">Soutien aux associations<\/a><br \/>\n<a href=\"#granddebat\">Le grand d\u00e9bat national<\/a><\/p>\n<hr \/>\n<p>&nbsp;<\/p>\n<p><a name=\"servicepublic\"><\/a><img loading=\"lazy\" decoding=\"async\" class=\"alignnone size-medium wp-image-2052\" src=\"https:\/\/www.francais-d-allemagne.eu\/nord\/wp-content\/uploads\/sites\/2\/2015\/06\/ambassade-pariser-platz-300x231.jpg\" alt=\"\" width=\"300\" height=\"231\" srcset=\"https:\/\/www.francais-d-allemagne.eu\/nord\/wp-content\/uploads\/sites\/2\/2015\/06\/ambassade-pariser-platz-300x231.jpg 300w, https:\/\/www.francais-d-allemagne.eu\/nord\/wp-content\/uploads\/sites\/2\/2015\/06\/ambassade-pariser-platz-1024x790.jpg 1024w, https:\/\/www.francais-d-allemagne.eu\/nord\/wp-content\/uploads\/sites\/2\/2015\/06\/ambassade-pariser-platz.jpg 1743w\" sizes=\"auto, (max-width: 300px) 100vw, 300px\" \/><\/p>\n<p><strong>** Service public consulaire<\/strong><\/p>\n<hr \/>\n<p>Les services consulaires sont pour beaucoup d&rsquo;entre vous <strong>\u00e9loign\u00e9s<\/strong> et la fr\u00e9quence des tourn\u00e9es consulaires a baiss\u00e9. C&rsquo;est une situation qui peut encore se d\u00e9grader suite aux nouvelles r\u00e9ductions d&rsquo;effectifs programm\u00e9es par le gouvernement.<\/p>\n<p><strong>Beaucoup de d\u00e9marches sont cependant accessibles sur Internet<\/strong> et ainsi facilit\u00e9es. Pour les passeports et les cartes d&rsquo;identit\u00e9 une d\u00e9marche personnelle \u00e0 Berlin reste par contre n\u00e9cessaire, sur rendez-vous. Nous vous encourageons \u00e0 consulter le <a href=\"https:\/\/de.ambafrance.org\/-Berlin-719-\" target=\"_blank\" rel=\"noopener\">site de la section consulaire de Berlin<\/a> qui donne des informations administratives pr\u00e9cises.<\/p>\n<p><strong>Lors des r\u00e9unions du conseil consulaire<\/strong>, o\u00f9 nous sommes vos porte-parole et o\u00f9 nous plaidons pour un service public de proximit\u00e9, nous proposons des am\u00e9liorations, par exemple <a href=\"https:\/\/www.francais-d-allemagne.eu\/nord\/2017\/12\/20\/quelle-formation-en-accueil-interculturel-pour-les-agents-du-reseau-consulaire\/\" target=\"_blank\" rel=\"noopener\">pour la qualit\u00e9 de l&rsquo;accueil interculturel<\/a>.<\/p>\n<p style=\"text-align: right\"><a href=\"#sommaire\">Sommaire<\/a><\/p>\n<p><a name=\"education\"><\/a><img loading=\"lazy\" decoding=\"async\" class=\"alignnone size-medium wp-image-3560\" src=\"https:\/\/www.francais-d-allemagne.eu\/nord\/wp-content\/uploads\/sites\/2\/2018\/02\/crayons-300x176.jpg\" alt=\"\" width=\"300\" height=\"176\" srcset=\"https:\/\/www.francais-d-allemagne.eu\/nord\/wp-content\/uploads\/sites\/2\/2018\/02\/crayons-300x176.jpg 300w, https:\/\/www.francais-d-allemagne.eu\/nord\/wp-content\/uploads\/sites\/2\/2018\/02\/crayons-768x450.jpg 768w, https:\/\/www.francais-d-allemagne.eu\/nord\/wp-content\/uploads\/sites\/2\/2018\/02\/crayons.jpg 960w\" sizes=\"auto, (max-width: 300px) 100vw, 300px\" \/><\/p>\n<p><strong>** \u00c9ducation<\/strong><\/p>\n<hr \/>\n<p>\u00c9tablissements fran\u00e7ais, fili\u00e8res locales bilingues, petite enfance, Kitas,\u2026 la demande est forte et encore pour partie insatisfaite. <strong>Nous agissons !<\/strong><\/p>\n<p>Il s&rsquo;agit d&rsquo;abord d&rsquo;informer les familles et de d\u00e9fendre leurs dossiers de <strong>bourses scolaires<\/strong> au sein du conseil consulaire, o\u00f9 nous avons voix d\u00e9lib\u00e9rative avec consulat, enseignants, \u00e9tablissements, parents d&rsquo;\u00e9l\u00e8ves et associations d\u2019utilit\u00e9 publique. Cela concerne les enfants fran\u00e7ais scolaris\u00e9s dans le r\u00e9seau des \u00e9coles AEFE, en Allemagne du Nord : l&rsquo;<strong>\u00c9cole Voltaire<\/strong> de Berlin et le <strong>Lyc\u00e9e Fran\u00e7ais de Hambourg<\/strong>.<\/p>\n<p><strong>Une baisse drastique (-33M\u20ac) des cr\u00e9dits publics<\/strong> \u00e0 ce r\u00e9seau, d\u00e9cid\u00e9e en ao\u00fbt 2017, a \u00e9t\u00e9 un tr\u00e8s mauvais signal. Elle n&rsquo;engage gu\u00e8re \u00e0 l&rsquo;optimisme face aux annonces ambitieuses du chef de l&rsquo;\u00c9tat sur le doublement des effectifs. La France aurait pourtant tout int\u00e9r\u00eat \u00e0 renforcer ses op\u00e9rateurs, pour son influence et l&rsquo;ensemble des communaut\u00e9s scolaires si elle veut maintenir un service public de l&rsquo;\u00e9ducation !<\/p>\n<p><strong>\u00c0 Hambourg<\/strong>, le Lyc\u00e9e Saint-Exup\u00e9ry se transformera progressivement \u00e0 partir de 2020 en un lyc\u00e9e franco-allemand, d&rsquo;abord dans les locaux actuels puis \u00e0 Altona. Vos enfants sont concern\u00e9s s&rsquo;ils sont cette ann\u00e9e en 3. Klasse ou en CE2.<br \/>\n&gt;&gt; En savoir plus <a href=\"https:\/\/www.francais-d-allemagne.eu\/nord\/2018\/11\/19\/chantier-du-lycee-franco-allemand-de-hambourg\/\" target=\"_blank\" rel=\"noopener\">ici<\/a> et <a href=\"https:\/\/www.francais-d-allemagne.eu\/nord\/2017\/05\/22\/projet-de-lycee-franco-allemand-de-hambourg-mise-en-ligne-de-lespace-dinformation\/\" target=\"_blank\" rel=\"noopener\">ici<\/a><\/p>\n<p>Nous savons qu&rsquo;<strong>au-del\u00e0 de ces mod\u00e8les<\/strong>, de tr\u00e8s nombreuses familles se tournent pour diff\u00e9rentes raisons, qui sont aussi financi\u00e8res et p\u00e9dagogiques ou tout simplement d&rsquo;\u00e9loignement, vers l&rsquo;enseignement local, au risque de devoir abandonner la langue fran\u00e7aise\u2026<\/p>\n<p>Aussi, <strong>nous soutenons avec conviction le d\u00e9veloppement des fili\u00e8res bilingues locales<\/strong>. Elles sont la solution pour que vos enfants ne perdent pas leur langue maternelle fran\u00e7aise, en particulier gr\u00e2ce \u00e0 l&rsquo;\u00c9cole Publique Europ\u00e9enne de Berlin (SESB). C\u2019est un mod\u00e8le unique qui devrait cependant \u00eatre davantage soutenu.<\/p>\n<p>Pour accompagner parents, enfants et professionnels, nous avons fond\u00e9 <strong>l&rsquo;association Initiative Avenir Zukunft<\/strong> qui soutient les initiatives parentales, f\u00e9d\u00e8re quelque 30 jardins d&rsquo;enfants franco-allemands et s&rsquo;implique pour que le dialogue franco-allemand progresse mieux sur les questions \u00e9ducatives, de fa\u00e7on plus concr\u00e8te et rapide.<br \/>\n<a href=\"http:\/\/www.avenir-zukunft.eu\/\" target=\"_blank\" rel=\"noopener\">&gt;&gt; En savoir plus<\/a><\/p>\n<p>Nous encourageons \u00e9galement les initiatives parentales <strong>pour l\u2019ouverture de classes bilingues<\/strong>.<br \/>\n<a href=\"https:\/\/www.francais-d-allemagne.eu\/nord\/2019\/02\/10\/3952\/\" target=\"_blank\" rel=\"noopener\">&gt;&gt; En savoir plus<\/a><\/p>\n<p><strong>Cet engagement<\/strong> nous le mettons au service des familles. Nous esp\u00e9rons vivement que nos deux pays sauront saisir l&rsquo;occasion d&rsquo;un trait\u00e9 de l\u2019\u00c9lys\u00e9e actualis\u00e9 pour soutenir les efforts de la soci\u00e9t\u00e9 civile et \u00e9largir l&rsquo;offre \u00e9ducative en contexte franco-allemand.<\/p>\n<p><a href=\"https:\/\/www.francais-d-allemagne.eu\/nord\/category\/education-2\/\">&gt;&gt; \u00c9ducation : en savoir plus<\/a><\/p>\n<p style=\"text-align: right\"><a href=\"#sommaire\">Sommaire<\/a><\/p>\n<p><a name=\"droitscitoyens\"><\/a><img loading=\"lazy\" decoding=\"async\" class=\"alignnone size-medium wp-image-3554\" src=\"https:\/\/www.francais-d-allemagne.eu\/nord\/wp-content\/uploads\/sites\/2\/2018\/02\/volontariat-300x207.png\" alt=\"\" width=\"300\" height=\"207\" srcset=\"https:\/\/www.francais-d-allemagne.eu\/nord\/wp-content\/uploads\/sites\/2\/2018\/02\/volontariat-300x207.png 300w, https:\/\/www.francais-d-allemagne.eu\/nord\/wp-content\/uploads\/sites\/2\/2018\/02\/volontariat-768x530.png 768w, https:\/\/www.francais-d-allemagne.eu\/nord\/wp-content\/uploads\/sites\/2\/2018\/02\/volontariat.png 960w\" sizes=\"auto, (max-width: 300px) 100vw, 300px\" \/><\/p>\n<p><strong>** Droits citoyens et \u00e9lections europ\u00e9ennes<\/strong><\/p>\n<hr \/>\n<p>Notre mission est \u00e9galement de d\u00e9fendre vos droits citoyens afin que la voix des Fran\u00e7ais \u00e9tablis hors de France soit davantage entendue en m\u00e9tropole. Pour cela nous vous encourageons vivement \u00e0 user de votre droit de vote. Une forte participation peut l\u00e9gitimer davantage notre action et nos interventions, par exemple \u00e0 l&rsquo;Assembl\u00e9e des Fran\u00e7ais de l&rsquo;Etranger.<br \/>\n<a href=\"https:\/\/www.francais-d-allemagne.eu\/nord\/2018\/10\/05\/session-dautomne-de-lassemblee-des-francais-de-letranger\/\" target=\"_blank\" rel=\"noopener\">&gt;&gt; En savoir plus<\/a><\/p>\n<p>&nbsp;<\/p>\n<p><img loading=\"lazy\" decoding=\"async\" class=\"alignnone size-medium wp-image-3017\" src=\"https:\/\/www.francais-d-allemagne.eu\/nord\/wp-content\/uploads\/sites\/2\/2017\/03\/drapeau-europe-300x128.jpg\" alt=\"\" width=\"300\" height=\"128\" srcset=\"https:\/\/www.francais-d-allemagne.eu\/nord\/wp-content\/uploads\/sites\/2\/2017\/03\/drapeau-europe-300x128.jpg 300w, https:\/\/www.francais-d-allemagne.eu\/nord\/wp-content\/uploads\/sites\/2\/2017\/03\/drapeau-europe.jpg 660w\" sizes=\"auto, (max-width: 300px) 100vw, 300px\" \/><\/p>\n<p><strong>** \u00c9lections europ\u00e9ennes 2019<\/strong><\/p>\n<hr \/>\n<p><strong>En tant que citoyen fran\u00e7ais en Allemagne<\/strong>, vous pouvez vous inscrire pour voter pour les \u00e9lections europ\u00e9ennes soit sur la liste \u00e9lectorale fran\u00e7aise, soit sur la liste \u00e9lectorale allemande.<\/p>\n<p><strong>En cas d\u2019inscription sur la liste \u00e9lectorale allemande<\/strong>, il sera indiqu\u00e9 sur la liste \u00e9lectorale consulaire que vous avez choisi de voter dans un bureau de vote allemand.<\/p>\n<p><strong>Si vous \u00eates inscrit-e sur la liste \u00e9lectorale consulaire<\/strong>, vous pouvez \u00e0 tout moment v\u00e9rifier votre statut \u00e9lectoral en ligne sur le site du service public.<\/p>\n<p>Si c\u2019est le cas (et que vous n\u2019\u00eates pas inscrit sur la liste \u00e9lectorale allemande), vous pourrez \u00e9lire les d\u00e9put\u00e9s fran\u00e7ais au Parlement Europ\u00e9en en votant dans l\u2019un des <strong>bureaux de vote<\/strong> organis\u00e9 en Allemagne du Nord,\u00e0 Berlin, Br\u00eame, Hanovre et Hambourg.<\/p>\n<p>Vous pourrez voter en personne ou par procuration.<br \/>\n<a href=\"https:\/\/www.francais-d-allemagne.eu\/nord\/2019\/01\/26\/sinscrire-sur-les-listes-electorales-pour-les-elections-europeennes-de-mai-2019-lorsque-lon-vit-en-allemagne\/\" target=\"_blank\" rel=\"noopener\">&gt;&gt; En savoir plus<\/a><\/p>\n<p>&nbsp;<\/p>\n<p><img loading=\"lazy\" decoding=\"async\" class=\"alignnone size-medium wp-image-2929\" src=\"https:\/\/www.francais-d-allemagne.eu\/nord\/wp-content\/uploads\/sites\/2\/2015\/05\/vote-urne-300x157.jpg\" alt=\"\" width=\"300\" height=\"157\" srcset=\"https:\/\/www.francais-d-allemagne.eu\/nord\/wp-content\/uploads\/sites\/2\/2015\/05\/vote-urne-300x157.jpg 300w, https:\/\/www.francais-d-allemagne.eu\/nord\/wp-content\/uploads\/sites\/2\/2015\/05\/vote-urne-325x170.jpg 325w, https:\/\/www.francais-d-allemagne.eu\/nord\/wp-content\/uploads\/sites\/2\/2015\/05\/vote-urne.jpg 700w\" sizes=\"auto, (max-width: 300px) 100vw, 300px\" \/><\/p>\n<p><strong>** R\u00e9forme de la liste \u00e9lectorale consulaire<\/strong><\/p>\n<hr \/>\n<p>La double inscription sur les listes \u00e9lectorales a \u00e9t\u00e9 supprim\u00e9e. \u00c0 l\u2019avenir, vous voterez<strong> soit au consulat<\/strong>, si vous \u00eates inscrits sur la liste \u00e9lectorale consulaire, <strong>soit en France<\/strong>, dans une commune d&rsquo;inscription.<br \/>\n<a href=\"https:\/\/www.francais-d-allemagne.eu\/nord\/2018\/05\/28\/inscription-sur-la-liste-electorale-consulaire-la-loi-change-en-2019\/\" target=\"_blank\" rel=\"noopener\">&gt;&gt; En savoir plus<\/a><\/p>\n<p style=\"text-align: right\"><a href=\"#sommaire\">Sommaire<\/a><\/p>\n<p><a name=\"emploieteconomie\"><\/a><img loading=\"lazy\" decoding=\"async\" class=\"alignnone size-medium wp-image-3915\" src=\"https:\/\/www.francais-d-allemagne.eu\/nord\/wp-content\/uploads\/sites\/2\/2019\/01\/travail-emploi-stages-300x217.jpg\" alt=\"\" width=\"300\" height=\"217\" srcset=\"https:\/\/www.francais-d-allemagne.eu\/nord\/wp-content\/uploads\/sites\/2\/2019\/01\/travail-emploi-stages-300x217.jpg 300w, https:\/\/www.francais-d-allemagne.eu\/nord\/wp-content\/uploads\/sites\/2\/2019\/01\/travail-emploi-stages-768x554.jpg 768w, https:\/\/www.francais-d-allemagne.eu\/nord\/wp-content\/uploads\/sites\/2\/2019\/01\/travail-emploi-stages-1024x739.jpg 1024w, https:\/\/www.francais-d-allemagne.eu\/nord\/wp-content\/uploads\/sites\/2\/2019\/01\/travail-emploi-stages.jpg 1920w\" sizes=\"auto, (max-width: 300px) 100vw, 300px\" \/><\/p>\n<p><strong>** Emploi et \u00e9conomie<\/strong><\/p>\n<hr \/>\n<p>Nous encourageons les projets pour<strong> l\u2019emploi et la formation<\/strong> tels <a href=\"https:\/\/www.emploi-allemagne.de\/candidats\/\" target=\"_blank\" rel=\"noopener\">emploi-allemagne<\/a>, association \u00e0 but non lucratif, reconnue d\u2019utilit\u00e9 publique, pour l\u2019accueil et l\u2019information des demandeurs d\u2019emploi fran\u00e7ais en Allemagne. Emploi-Allemagne assure une mission de service public et propose d\u00e9sormais une <strong>plateforme collaborative de mise en relation<\/strong>.<br \/>\n<a href=\"https:\/\/www.francais-d-allemagne.eu\/nord\/category\/emploi-economie\/emploi-2\/\" target=\"_blank\" rel=\"noopener\">&gt;&gt; Emploi : En savoir plus\u00a0<\/a><\/p>\n<p>Nous soutenons<strong> la mise en r\u00e9seau et le partage d&rsquo;id\u00e9es pour cr\u00e9er du lien \u00e9conomique<\/strong>. Nous avons ainsi activement particip\u00e9 aux rencontres entre les acteurs \u00e9conomiques de nos deux pays qui ont marqu\u00e9 l&rsquo;ann\u00e9e 2018 : \u00e0 <a href=\"https:\/\/www.francais-d-allemagne.eu\/nord\/2018\/04\/23\/foire-de-hanovre-2018\/\" target=\"_blank\" rel=\"noopener\">la Foire de Hanovre<\/a> en Basse-Saxe et lors de la <a href=\"https:\/\/www.francais-d-allemagne.eu\/nord\/2018\/09\/27\/une-mission-economique-de-la-ville-de-marseille-a-hambourg-tres-reussie\/\" target=\"_blank\" rel=\"noopener\">visite de la ville de Marseille \u00e0 Hambourg<\/a>. Ici aussi, nous pensons qu&rsquo;il est possible de rendre les efforts du dispositif fran\u00e7ais encore plus collaboratifs et int\u00e9grateurs, au service de tous les acteurs. Nous avons de grands talents dans la communaut\u00e9 fran\u00e7aise et francophone d&rsquo;Allemagne du Nord !<\/p>\n<p style=\"text-align: right\"><a href=\"#sommaire\">Sommaire<\/a><\/p>\n<p><a name=\"assos\"><\/a><img loading=\"lazy\" decoding=\"async\" class=\"alignnone size-medium wp-image-3585\" src=\"https:\/\/www.francais-d-allemagne.eu\/nord\/wp-content\/uploads\/sites\/2\/2018\/02\/d\u00e9mocratie-300x156.png\" alt=\"\" width=\"300\" height=\"156\" srcset=\"https:\/\/www.francais-d-allemagne.eu\/nord\/wp-content\/uploads\/sites\/2\/2018\/02\/d\u00e9mocratie-300x156.png 300w, https:\/\/www.francais-d-allemagne.eu\/nord\/wp-content\/uploads\/sites\/2\/2018\/02\/d\u00e9mocratie-768x400.png 768w, https:\/\/www.francais-d-allemagne.eu\/nord\/wp-content\/uploads\/sites\/2\/2018\/02\/d\u00e9mocratie-325x170.png 325w, https:\/\/www.francais-d-allemagne.eu\/nord\/wp-content\/uploads\/sites\/2\/2018\/02\/d\u00e9mocratie.png 960w\" sizes=\"auto, (max-width: 300px) 100vw, 300px\" \/><\/p>\n<p><strong>** Soutien aux associations, aux artistes et cr\u00e9ateurs<\/strong><\/p>\n<hr \/>\n<p>Nous passons beaucoup de temps dans le <strong>soutien aux associations<\/strong>, par exemple en informant sur <a href=\"https:\/\/www.francais-d-allemagne.eu\/nord\/\" target=\"_blank\" rel=\"noopener\">notre site<\/a> et <a href=\"https:\/\/www.facebook.com\/FrancaisdAllemagne.LaDynamiqueCitoyenne\/\" target=\"_blank\" rel=\"noopener\">notre page Facebook<\/a> sur les actualit\u00e9s associatives.<\/p>\n<p>Nous accompagnons les associations fran\u00e7aises et franco-allemandes, qui souhaitent acc\u00e9der aux <strong>subventions du Minist\u00e8re de l&rsquo;Europe et des Affaires \u00c9trang\u00e8res<\/strong>. C&rsquo;est le r\u00f4le confi\u00e9 au conseil consulaire dans le cadre d&rsquo;un nouveau dispositif de soutien. <a href=\"https:\/\/www.francais-d-allemagne.eu\/nord\/2019\/01\/21\/soutien-au-tissu-associatif-des-francais-de-letranger\/\" target=\"_blank\" rel=\"noopener\">&gt;&gt; En savoir plus<\/a><\/p>\n<p style=\"text-align: right\"><a href=\"#sommaire\">Sommaire<\/a><\/p>\n<p><a name=\"granddebat\"><\/a><img loading=\"lazy\" decoding=\"async\" class=\"alignnone size-medium wp-image-3967\" src=\"https:\/\/www.francais-d-allemagne.eu\/nord\/wp-content\/uploads\/sites\/2\/2019\/02\/debat-300x200.jpg\" alt=\"\" width=\"300\" height=\"200\" srcset=\"https:\/\/www.francais-d-allemagne.eu\/nord\/wp-content\/uploads\/sites\/2\/2019\/02\/debat-300x200.jpg 300w, https:\/\/www.francais-d-allemagne.eu\/nord\/wp-content\/uploads\/sites\/2\/2019\/02\/debat-768x512.jpg 768w, https:\/\/www.francais-d-allemagne.eu\/nord\/wp-content\/uploads\/sites\/2\/2019\/02\/debat-1024x683.jpg 1024w, https:\/\/www.francais-d-allemagne.eu\/nord\/wp-content\/uploads\/sites\/2\/2019\/02\/debat-90x60.jpg 90w, https:\/\/www.francais-d-allemagne.eu\/nord\/wp-content\/uploads\/sites\/2\/2019\/02\/debat.jpg 1920w\" sizes=\"auto, (max-width: 300px) 100vw, 300px\" \/><\/p>\n<p><strong>** Grand d\u00e9bat national<\/strong><\/p>\n<hr \/>\n<p><strong>Arrivant en pleine crise \u00ab\u00a0des gilets jaunes\u00a0\u00bb<\/strong>, le grand d\u00e9bat voulu par le chef de l\u2019\u00c9tat nous parait une entreprise certes louable mais un peu d\u00e9cal\u00e9e par rapport \u00e0 ses engagements de 2017, aux choix politiques faits depuis par le gouvernement ou \u00e0 la philosophie de la majorit\u00e9 parlementaire dans l&rsquo;exercice des responsabilit\u00e9s.<\/p>\n<p><strong>Le risque<\/strong> est celui d&rsquo;un dialogue \u00e0 sens unique, d&rsquo;un d\u00e9ficit d&rsquo;\u00e9coute et des propositions formul\u00e9es \u00e0 la base de la soci\u00e9t\u00e9 qui resteraient lettre morte. Les modalit\u00e9s d&rsquo;organisation mais aussi les contraintes impos\u00e9es et les questions trop orient\u00e9es laissent peu d&rsquo;espace pour co-construire des solutions, imaginer des alternatives et rafra\u00eechir le discours citoyen.<\/p>\n<p>Un d\u00e9bat sera organis\u00e9 fin f\u00e9vrier \u00e0 Hambourg par le d\u00e9put\u00e9 Petit (Modem) ainsi qu&rsquo;un d\u00e9bat \u00e0 Berlin en mars. Nicolas Stallivieri participera au d\u00e9bat \u00e0 Hambourg pour lequel il a propos\u00e9 un <strong>format ouvert et participatif<\/strong>, sur le fond comme sur la forme, permettant l&rsquo;\u00e9change. <strong>Toutes les conditions ne sont certainement pas r\u00e9unies<\/strong> mais il y a un grand besoin d&rsquo;investir de nouveaux forums et de redonner aux citoyens et aux corps interm\u00e9diaires, notamment associatifs, toute leur place dans l&rsquo;espace public &#8211; un espace dont ils ne sauraient \u00eatre exclus et o\u00f9 ils doivent pouvoir s&rsquo;exprimer en toute libert\u00e9. C&rsquo;est la seule m\u00e9thode qui pourra, \u00e0 notre sens, satisfaire l&rsquo;espoir tr\u00e8s fort d&rsquo;<strong>une d\u00e9mocratie v\u00e9ritablement partag\u00e9e<\/strong>.<\/p>\n<p>Ici encore, un <a href=\"https:\/\/www.francais-d-allemagne.eu\/nord\/2019\/02\/13\/burgerinnen-fur-europa-berlin-debat-europeen-sur-la-non-discrimination-et-legalite-entre-les-femmes-et-les-hommes\/\" target=\"_blank\" rel=\"noopener\">d\u00e9bat \u00e0 Berlin autour de l&rsquo;\u00e9galit\u00e9 homme-femme en Europe<\/a> avec les B\u00fcrgerInnen f\u00fcr Europa.<\/p>\n<blockquote><p>Dans ce cadre, <strong>nous vous invitons chaleureusement \u00e0 participer au barom\u00e8tre<\/strong> de l&rsquo;association Fran\u00e7ais du Monde ADFE sur vos attentes de Fran\u00e7ais \u00e9tablis hors de France, un outil participatif et utile !<\/p>\n<p><a href=\"https:\/\/www.francais-d-allemagne.eu\/nord\/2019\/02\/05\/lancement-dun-barometre-sur-les-besoins-et-les-attentes-des-francais-de-letranger-et-participation-au-grand-debat-national\/\" target=\"_blank\" rel=\"noopener\">&gt;&gt; En savoir plus<\/a><br \/>\n<a href=\"https:\/\/dauphinejc.eu.qualtrics.com\/jfe\/form\/SV_511W3xpKPbZcOd7\" target=\"_blank\" rel=\"noopener\">&gt;&gt; Acc\u00e9der \u00e0 la plateforme du barom\u00e8tre<\/a><\/p>\n<p><img loading=\"lazy\" decoding=\"async\" class=\"alignnone size-full wp-image-3945\" src=\"https:\/\/www.francais-d-allemagne.eu\/nord\/wp-content\/uploads\/sites\/2\/2019\/02\/barometre-francais-etranger.png\" alt=\"\" width=\"560\" height=\"315\" srcset=\"https:\/\/www.francais-d-allemagne.eu\/nord\/wp-content\/uploads\/sites\/2\/2019\/02\/barometre-francais-etranger.png 560w, https:\/\/www.francais-d-allemagne.eu\/nord\/wp-content\/uploads\/sites\/2\/2019\/02\/barometre-francais-etranger-300x169.png 300w\" sizes=\"auto, (max-width: 560px) 100vw, 560px\" \/><\/p><\/blockquote>\n<p><strong>Notre mission \u00e0 nous<\/strong>, \u00e9lus, est une mission de proximit\u00e9 et nous aurons d&rsquo;autres occasions pour continuer ce dialogue citoyen \u00e0 Berlin et ailleurs en Allemagne du Nord, dialogue que nous entretenons toute l\u2019ann\u00e9e.<\/p>\n<p style=\"text-align: right\"><a href=\"#sommaire\">Sommaire<\/a><\/p>\n","protected":false},"excerpt":{"rendered":"<p>&nbsp; &nbsp; &nbsp; Ch\u00e8res et Chers compatriotes, Voici notre infolettre 2019 qui rend compte de nos actions en tant que conseillers consulaires \u00e9lus en Allemagne du Nord. Pour celles et ceux d&rsquo;entre vous, inscrit-e-s depuis peu au registre consulaire, voici qui nous sommes et pourquoi nous vous \u00e9crivons. Nous sommes des \u00e9lus b\u00e9n\u00e9voles et engag\u00e9s [&hellip;]<\/p>\n","protected":false},"author":3,"featured_media":2931,"comment_status":"closed","ping_status":"open","sticky":false,"template":"","format":"standard","meta":{"jetpack_post_was_ever_published":false,"_jetpack_newsletter_access":"","_jetpack_dont_email_post_to_subs":false,"_jetpack_newsletter_tier_id":0,"_jetpack_memberships_contains_paywalled_content":false,"_jetpack_memberships_contains_paid_content":false,"footnotes":"","jetpack_publicize_message":"Notre info-lettre 2019 !","jetpack_publicize_feature_enabled":true,"jetpack_social_post_already_shared":true,"jetpack_social_options":{"image_generator_settings":{"template":"highway","default_image_id":0,"font":"","enabled":false},"version":2}},"categories":[82],"tags":[90],"class_list":["post-3964","post","type-post","status-publish","format-standard","has-post-thumbnail","hentry","category-conseil-consulaire-2","tag-infolettre"],"jetpack_publicize_connections":[],"jetpack_featured_media_url":"https:\/\/www.francais-d-allemagne.eu\/nord\/wp-content\/uploads\/sites\/2\/2016\/09\/infolettre.jpg","jetpack_sharing_enabled":true,"jetpack_shortlink":"https:\/\/wp.me\/s4ndNg-3964","_links":{"self":[{"href":"https:\/\/www.francais-d-allemagne.eu\/nord\/wp-json\/wp\/v2\/posts\/3964","targetHints":{"allow":["GET"]}}],"collection":[{"href":"https:\/\/www.francais-d-allemagne.eu\/nord\/wp-json\/wp\/v2\/posts"}],"about":[{"href":"https:\/\/www.francais-d-allemagne.eu\/nord\/wp-json\/wp\/v2\/types\/post"}],"author":[{"embeddable":true,"href":"https:\/\/www.francais-d-allemagne.eu\/nord\/wp-json\/wp\/v2\/users\/3"}],"replies":[{"embeddable":true,"href":"https:\/\/www.francais-d-allemagne.eu\/nord\/wp-json\/wp\/v2\/comments?post=3964"}],"version-history":[{"count":26,"href":"https:\/\/www.francais-d-allemagne.eu\/nord\/wp-json\/wp\/v2\/posts\/3964\/revisions"}],"predecessor-version":[{"id":3991,"href":"https:\/\/www.francais-d-allemagne.eu\/nord\/wp-json\/wp\/v2\/posts\/3964\/revisions\/3991"}],"wp:featuredmedia":[{"embeddable":true,"href":"https:\/\/www.francais-d-allemagne.eu\/nord\/wp-json\/wp\/v2\/media\/2931"}],"wp:attachment":[{"href":"https:\/\/www.francais-d-allemagne.eu\/nord\/wp-json\/wp\/v2\/media?parent=3964"}],"wp:term":[{"taxonomy":"category","embeddable":true,"href":"https:\/\/www.francais-d-allemagne.eu\/nord\/wp-json\/wp\/v2\/categories?post=3964"},{"taxonomy":"post_tag","embeddable":true,"href":"https:\/\/www.francais-d-allemagne.eu\/nord\/wp-json\/wp\/v2\/tags?post=3964"}],"curies":[{"name":"wp","href":"https:\/\/api.w.org\/{rel}","templated":true}]}}