{"id":4033,"date":"2019-04-11T14:36:18","date_gmt":"2019-04-11T13:36:18","guid":{"rendered":"http:\/\/www.francais-d-allemagne.eu\/nord\/?p=4033"},"modified":"2019-04-18T11:09:53","modified_gmt":"2019-04-18T10:09:53","slug":"procurations-trois-tournees-consulaires-en-allemagne-du-nord","status":"publish","type":"post","link":"https:\/\/www.francais-d-allemagne.eu\/nord\/2019\/04\/11\/procurations-trois-tournees-consulaires-en-allemagne-du-nord\/","title":{"rendered":"Procurations : trois tourn\u00e9es consulaires en Allemagne du nord !"},"content":{"rendered":"<p>En vue des \u00e9lections europ\u00e9ennes du 26 mai, le consulat de Berlin organise trois tourn\u00e9es consulaires pour vous permettre d\u2019\u00e9tablir une procuration de vote si vous souhaitez voter pour les listes fran\u00e7aises dans un des bureaux de vote d\u00e9centralis\u00e9s de Hambourg (pour Kiel), Hanovre et Br\u00eame.<br \/>\nCes tourn\u00e9es consulaires auront lieu dans les villes et aux dates suivantes :<br \/>\n<span style=\"color: #003300\"><strong><em>KIEL<\/em><\/strong><\/span>,<span style=\"color: #003300\"> le 24 avril<\/span> de 10h \u00e0 13h et de 14h \u00e0 18h, dans les locaux du Centre Culturel Fran\u00e7ais de Kiel, Diedrichstr. 2, 24143 Kiel.<br \/>\n<span style=\"color: #003366\"><strong><em>HANOVRE<\/em><\/strong><\/span> : <span style=\"color: #003366\">le 26 avril<\/span> de 10h \u00e0 13h, dans les locaux de l\u2019Agence Consulaire, h\u00e9berg\u00e9e \u00e0 la Banque NORD\/LB, Friedrichswall 10, 30159 Hanovre.<br \/>\n<span style=\"color: #000080\"><em><strong>BREME<\/strong><\/em><\/span> : <span style=\"color: #000080\">le 2 mai<\/span> de 10h \u00e0 13h, dans les locaux de l\u2019Agence Consulaire, h\u00e9berg\u00e9e par Eggers &amp; Franke Holding GmbH, Hollerallee 77, 28209 Br\u00eame.<\/p>\n<p>Nous pouvons vous aider \u00e0 trouver un mandataire si vous le souhaitez.<\/p>\n<p><a href=\"https:\/\/de.ambafrance.org\/Elections-europeennes-tournees-consulaires-pour-etablissement-de-procurations-a\" target=\"_blank\" rel=\"noopener\">Site du consulat<\/a><\/p>\n","protected":false},"excerpt":{"rendered":"<p>En vue des \u00e9lections europ\u00e9ennes du 26 mai, le consulat de Berlin organise trois tourn\u00e9es consulaires pour vous permettre d\u2019\u00e9tablir une procuration de vote si vous souhaitez voter pour les listes fran\u00e7aises dans un des bureaux de vote d\u00e9centralis\u00e9s de Hambourg (pour Kiel), Hanovre et Br\u00eame. Ces tourn\u00e9es consulaires auront lieu dans les villes et [&hellip;]<\/p>\n","protected":false},"author":3,"featured_media":2929,"comment_status":"closed","ping_status":"open","sticky":false,"template":"","format":"standard","meta":{"jetpack_post_was_ever_published":false,"_jetpack_newsletter_access":"","_jetpack_dont_email_post_to_subs":false,"_jetpack_newsletter_tier_id":0,"_jetpack_memberships_contains_paywalled_content":false,"_jetpack_memberships_contains_paid_content":false,"footnotes":"","jetpack_publicize_message":"","jetpack_publicize_feature_enabled":true,"jetpack_social_post_already_shared":true,"jetpack_social_options":{"image_generator_settings":{"template":"highway","default_image_id":0,"font":"","enabled":false},"version":2}},"categories":[79,184,80],"tags":[126,245,212,160],"class_list":["post-4033","post","type-post","status-publish","format-standard","has-post-thumbnail","hentry","category-demarches-2","category-elections","category-informations-citoyennes","tag-allemagne-du-nord","tag-comment-voter","tag-conseillers-consulaires","tag-procurations"],"jetpack_publicize_connections":[],"jetpack_featured_media_url":"https:\/\/www.francais-d-allemagne.eu\/nord\/wp-content\/uploads\/sites\/2\/2015\/05\/vote-urne.jpg","jetpack_sharing_enabled":true,"jetpack_shortlink":"https:\/\/wp.me\/p4ndNg-133","_links":{"self":[{"href":"https:\/\/www.francais-d-allemagne.eu\/nord\/wp-json\/wp\/v2\/posts\/4033","targetHints":{"allow":["GET"]}}],"collection":[{"href":"https:\/\/www.francais-d-allemagne.eu\/nord\/wp-json\/wp\/v2\/posts"}],"about":[{"href":"https:\/\/www.francais-d-allemagne.eu\/nord\/wp-json\/wp\/v2\/types\/post"}],"author":[{"embeddable":true,"href":"https:\/\/www.francais-d-allemagne.eu\/nord\/wp-json\/wp\/v2\/users\/3"}],"replies":[{"embeddable":true,"href":"https:\/\/www.francais-d-allemagne.eu\/nord\/wp-json\/wp\/v2\/comments?post=4033"}],"version-history":[{"count":1,"href":"https:\/\/www.francais-d-allemagne.eu\/nord\/wp-json\/wp\/v2\/posts\/4033\/revisions"}],"predecessor-version":[{"id":4034,"href":"https:\/\/www.francais-d-allemagne.eu\/nord\/wp-json\/wp\/v2\/posts\/4033\/revisions\/4034"}],"wp:featuredmedia":[{"embeddable":true,"href":"https:\/\/www.francais-d-allemagne.eu\/nord\/wp-json\/wp\/v2\/media\/2929"}],"wp:attachment":[{"href":"https:\/\/www.francais-d-allemagne.eu\/nord\/wp-json\/wp\/v2\/media?parent=4033"}],"wp:term":[{"taxonomy":"category","embeddable":true,"href":"https:\/\/www.francais-d-allemagne.eu\/nord\/wp-json\/wp\/v2\/categories?post=4033"},{"taxonomy":"post_tag","embeddable":true,"href":"https:\/\/www.francais-d-allemagne.eu\/nord\/wp-json\/wp\/v2\/tags?post=4033"}],"curies":[{"name":"wp","href":"https:\/\/api.w.org\/{rel}","templated":true}]}}