{"id":4098,"date":"2019-06-18T18:30:29","date_gmt":"2019-06-18T17:30:29","guid":{"rendered":"http:\/\/www.francais-d-allemagne.eu\/nord\/?p=4098"},"modified":"2019-06-18T09:44:21","modified_gmt":"2019-06-18T08:44:21","slug":"action-sociale-du-conseil-consulaire-meme-si-vous-residez-en-allemagne-du-nord-vous-pouvez-beneficier-daides-de-la-france","status":"publish","type":"post","link":"https:\/\/www.francais-d-allemagne.eu\/nord\/2019\/06\/18\/action-sociale-du-conseil-consulaire-meme-si-vous-residez-en-allemagne-du-nord-vous-pouvez-beneficier-daides-de-la-france\/","title":{"rendered":"Action sociale du conseil consulaire : m\u00eame si vous r\u00e9sidez en Allemagne du Nord, vous pouvez b\u00e9n\u00e9ficier d\u2019aides de la France."},"content":{"rendered":"<blockquote><p>Si vous traversez des difficult\u00e9s financi\u00e8res, <strong>m\u00eame si vous r\u00e9sidez en Allemagne du Nord, vous pouvez b\u00e9n\u00e9ficier d\u2019aides de la France.<\/strong><\/p>\n<p><strong>Le conseil consulaire<\/strong> se r\u00e9unit une fois par an en formation <strong>\u00ab\u00a0Protection et Aide Sociale\u00a0\u00bb (CCPAS)<\/strong> pour examiner les propositions d\u2019attribution d\u2019aides sociales aux Fran\u00e7ais en difficult\u00e9.<\/p><\/blockquote>\n<p><strong>Les dossiers sont constitu\u00e9s par la section consulaire de Berlin<\/strong> et font l\u2019objet d\u2019une enqu\u00eate conduite par ses agents. Cela permet de pr\u00e9ciser les motifs qui les justifient et de donner les indications n\u00e9cessaires sur la nature des difficult\u00e9s et le montant des ressources familiales. Ces demandes, une fois instruites, sont soumises au conseil consulaire pour avis.<\/p>\n<blockquote><p>Votre premier interlocuteur est donc la <a href=\"https:\/\/de.ambafrance.org\/Nous-ecrire-8875\"><strong>section consulaire de Berlin.<\/strong>\u00a0<\/a><\/p>\n<p><strong>N&rsquo;h\u00e9sitez pas pour autant \u00e0 nous solliciter<\/strong> en cas de question ou de probl\u00e8me.<\/p>\n<p><strong>Important !<\/strong> En tant que citoyens europ\u00e9ens, vous pouvez b\u00e9n\u00e9ficier de toutes les aides distribu\u00e9es en Allemagne. Les aides fran\u00e7aises dont il est question ici viennent en <strong>ultime recours, lorsque toutes les possibilit\u00e9s offertes par l&rsquo;aide sociale allemande ont \u00e9t\u00e9 \u00e9puis\u00e9es<\/strong>.<\/p><\/blockquote>\n<p>&nbsp;<\/p>\n<p>Voici <strong>la liste des aides<\/strong>\u00a0et des conditions d&rsquo;\u00e9ligibilit\u00e9<strong>\u00a0pour lesquelles le conseil consulaire est comp\u00e9tent :<\/strong><\/p>\n<h4 class=\"spip\"><span style=\"color: #000080\"><strong>Allocation de Solidarit\u00e9<\/strong><\/span><\/h4>\n<ul class=\"spip\">\n<li>Disposer de revenus inf\u00e9rieurs au taux de base ;<\/li>\n<li>Etre \u00e2g\u00e9 d\u2019au moins 65 ans, ou de 60 ans en cas d\u2019inaptitude au travail d\u00e9livr\u00e9e par le m\u00e9decin r\u00e9f\u00e9rent du consulat.<\/li>\n<\/ul>\n<h4 class=\"spip\"><span style=\"color: #000080\"><strong>Allocation Adulte Handicap\u00e9 (AAH)<\/strong><\/span><\/h4>\n<ul class=\"spip\">\n<li>Disposer de revenus inf\u00e9rieurs au taux de base \u00a0;<\/li>\n<li>Etre \u00e2g\u00e9 d\u2019au moins 20 ans\u00a0;<\/li>\n<li>Etre titulaire d\u2019une carte d\u2019invalidit\u00e9 fran\u00e7aise en cours de validit\u00e9 attestant d\u2019un taux d\u2019incapacit\u00e9 \u00e9gal ou sup\u00e9rieur \u00e0 80%.<\/li>\n<\/ul>\n<h4 class=\"spip\"><span style=\"color: #000080\"><strong>Allocation Enfant Handicap\u00e9 (AEH)<\/strong><\/span><\/h4>\n<ul class=\"spip\">\n<li>Etre \u00e2g\u00e9 de moins de 20 ans\u00a0;<\/li>\n<li>Etre titulaire d\u2019une carte d\u2019invalidit\u00e9 fran\u00e7aise en cours de validit\u00e9 attestant d\u2019un taux d\u2019incapacit\u00e9 \u00e9gal ou sup\u00e9rieur \u00e0 50%.<\/li>\n<\/ul>\n<p>Les dossiers en lien avec une situation de handicap seront d\u00e9pos\u00e9s par la section consulaire de Berlin <strong>dans une Maison d\u00e9partementale des personnes handicap\u00e9es (MDPH) \u00a0<\/strong>qui \u00e9valuera, au vu des \u00e9l\u00e9ments fournis dans le dossier,\u00a0<strong>le taux du handicap de la personne.<\/strong>\u00a0<strong>Cette d\u00e9marche peut prendre entre 6 et 9 mois.<\/strong><\/p>\n<h4 class=\"spip\"><span style=\"color: #000080\"><strong>Allocation \u00e0 dur\u00e9e d\u00e9termin\u00e9e (A.D.D.)<\/strong><\/span><\/h4>\n<p>Elle vise \u00e0 soutenir sur une dur\u00e9e de quelques mois les ressortissants en difficult\u00e9 suite \u00e0 des bouleversements personnels ou familiaux et doit favoriser l\u2019insertion sociale et professionnelle.<\/p>\n<h4 class=\"spip\"><span style=\"color: #000080\"><strong>Secours occasionnels<\/strong><\/span><\/h4>\n<p>Pour permettre aux Fran\u00e7ais r\u00e9sidents ou de passage, en situation pr\u00e9caire, de r\u00e9soudre des difficult\u00e9s ponctuelles.<\/p>\n<h4 class=\"spip\"><span style=\"color: #000080\"><strong>Secours mensuel sp\u00e9cifique en faveur des enfants en d\u00e9tresse (SMSE)<\/strong><\/span><\/h4>\n<p>Le secours mensuel sp\u00e9cifique enfant ne peut \u00eatre accord\u00e9 &#8211; sur d\u00e9cision du conseil &#8211; , que s\u2019il s\u2019inscrit dans le cadre d\u2019un projet d\u2019insertion sociale pour des enfants en d\u00e9tresse \u00e2g\u00e9s de moins de 18 ans (soutien psychologique, m\u00e9dical, alimentaire, etc.) et pour lequel la famille se trouve en grande difficult\u00e9 financi\u00e8re.<\/p>\n<div class=\"texte surlignable\">\n<p>&nbsp;<\/p>\n<\/div>\n","protected":false},"excerpt":{"rendered":"<p>Si vous traversez des difficult\u00e9s financi\u00e8res, m\u00eame si vous r\u00e9sidez en Allemagne du Nord, vous pouvez b\u00e9n\u00e9ficier d\u2019aides de la France. Le conseil consulaire se r\u00e9unit une fois par an en formation \u00ab\u00a0Protection et Aide Sociale\u00a0\u00bb (CCPAS) pour examiner les propositions d\u2019attribution d\u2019aides sociales aux Fran\u00e7ais en difficult\u00e9. Les dossiers sont constitu\u00e9s par la section [&hellip;]<\/p>\n","protected":false},"author":3,"featured_media":4099,"comment_status":"closed","ping_status":"open","sticky":false,"template":"","format":"standard","meta":{"jetpack_post_was_ever_published":false,"_jetpack_newsletter_access":"","_jetpack_dont_email_post_to_subs":false,"_jetpack_newsletter_tier_id":0,"_jetpack_memberships_contains_paywalled_content":false,"_jetpack_memberships_contains_paid_content":false,"footnotes":"","jetpack_publicize_message":"Action sociale du conseil consulaire : m\u00eame si vous r\u00e9sidez en Allemagne du Nord, vous pouvez b\u00e9n\u00e9ficier d\u2019aides de la France.","jetpack_publicize_feature_enabled":true,"jetpack_social_post_already_shared":true,"jetpack_social_options":{"image_generator_settings":{"template":"highway","default_image_id":0,"font":"","enabled":false},"version":2}},"categories":[82],"tags":[65],"class_list":["post-4098","post","type-post","status-publish","format-standard","has-post-thumbnail","hentry","category-conseil-consulaire-2","tag-conseil-consulaire"],"jetpack_publicize_connections":[],"jetpack_featured_media_url":"https:\/\/www.francais-d-allemagne.eu\/nord\/wp-content\/uploads\/sites\/2\/2019\/06\/action-sociale.jpg","jetpack_sharing_enabled":true,"jetpack_shortlink":"https:\/\/wp.me\/p4ndNg-146","_links":{"self":[{"href":"https:\/\/www.francais-d-allemagne.eu\/nord\/wp-json\/wp\/v2\/posts\/4098","targetHints":{"allow":["GET"]}}],"collection":[{"href":"https:\/\/www.francais-d-allemagne.eu\/nord\/wp-json\/wp\/v2\/posts"}],"about":[{"href":"https:\/\/www.francais-d-allemagne.eu\/nord\/wp-json\/wp\/v2\/types\/post"}],"author":[{"embeddable":true,"href":"https:\/\/www.francais-d-allemagne.eu\/nord\/wp-json\/wp\/v2\/users\/3"}],"replies":[{"embeddable":true,"href":"https:\/\/www.francais-d-allemagne.eu\/nord\/wp-json\/wp\/v2\/comments?post=4098"}],"version-history":[{"count":5,"href":"https:\/\/www.francais-d-allemagne.eu\/nord\/wp-json\/wp\/v2\/posts\/4098\/revisions"}],"predecessor-version":[{"id":4107,"href":"https:\/\/www.francais-d-allemagne.eu\/nord\/wp-json\/wp\/v2\/posts\/4098\/revisions\/4107"}],"wp:featuredmedia":[{"embeddable":true,"href":"https:\/\/www.francais-d-allemagne.eu\/nord\/wp-json\/wp\/v2\/media\/4099"}],"wp:attachment":[{"href":"https:\/\/www.francais-d-allemagne.eu\/nord\/wp-json\/wp\/v2\/media?parent=4098"}],"wp:term":[{"taxonomy":"category","embeddable":true,"href":"https:\/\/www.francais-d-allemagne.eu\/nord\/wp-json\/wp\/v2\/categories?post=4098"},{"taxonomy":"post_tag","embeddable":true,"href":"https:\/\/www.francais-d-allemagne.eu\/nord\/wp-json\/wp\/v2\/tags?post=4098"}],"curies":[{"name":"wp","href":"https:\/\/api.w.org\/{rel}","templated":true}]}}