{"id":4104,"date":"2019-06-19T17:30:05","date_gmt":"2019-06-19T16:30:05","guid":{"rendered":"http:\/\/www.francais-d-allemagne.eu\/nord\/?p=4104"},"modified":"2019-06-18T09:51:45","modified_gmt":"2019-06-18T08:51:45","slug":"aides-aux-associations","status":"publish","type":"post","link":"https:\/\/www.francais-d-allemagne.eu\/nord\/2019\/06\/19\/aides-aux-associations\/","title":{"rendered":"Aides aux associations : Notre priorit\u00e9 !"},"content":{"rendered":"<p>Le conseil consulaire s&rsquo;est r\u00e9uni le 29 mai dernier en formation \u00ab\u00a0Soutien au Tissu Associatif des Fran\u00e7ais \u00e9tablis \u00e0 l&rsquo;Etranger\u00a0\u00bb (STAFE).<\/p>\n<p>Plusieurs associations franco-allemandes en Allemagne du Nord ont en effet pr\u00e9sent\u00e9 cette ann\u00e9e un dossier dans le cadre de ce dispositif d&rsquo;aide (voir notre article <a href=\"https:\/\/www.francais-d-allemagne.eu\/nord\/2019\/01\/21\/soutien-au-tissu-associatif-des-francais-de-letranger\/\" target=\"_blank\" rel=\"noopener\">ici<\/a>).<\/p>\n<p>Lors de ce conseil consulaire, Nicolas Stallivieri a plaid\u00e9 pour un accompagnement bienveillant\u00a0des associations et une communication plus humaine, et ce \u00e0 chacune des \u00e9tapes pr\u00e9vues par le dispositif. La question des projets pluri-annuels des associations, qui n\u00e9cessitent un engagement de plus long terme, a \u00e9galement \u00e9t\u00e9 pos\u00e9e par Philippe Loiseau.<\/p>\n<p>Consult\u00e9s pour avis, nous avons tous les trois apport\u00e9, conform\u00e9ment \u00e0 nos engagements et \u00e0 notre philosophie, tout notre soutien aux projets culturels, \u00e9ducatifs et pour l&#8217;emploi aux potentiels social et int\u00e9grateur les plus forts. En donnant la priorit\u00e9 aux projets qui favorisent la jeunesse, la rencontre comme l&rsquo;\u00e9change interculturel et l&rsquo;enseignement en fran\u00e7ais sur les territoires.<\/p>\n<p>Nous croisons les doigts pour les six dossiers transmis \u00e0 la commission nationale, qui validera \u00e0 l&rsquo;automne l&rsquo;attribution finale des subventions.<\/p>\n<p><em>Jo\u00eblle, Nicolas et Philippe<\/em><\/p>\n","protected":false},"excerpt":{"rendered":"<p>Le conseil consulaire s&rsquo;est r\u00e9uni le 29 mai dernier en formation \u00ab\u00a0Soutien au Tissu Associatif des Fran\u00e7ais \u00e9tablis \u00e0 l&rsquo;Etranger\u00a0\u00bb (STAFE). Plusieurs associations franco-allemandes en Allemagne du Nord ont en effet pr\u00e9sent\u00e9 cette ann\u00e9e un dossier dans le cadre de ce dispositif d&rsquo;aide (voir notre article ici). Lors de ce conseil consulaire, Nicolas Stallivieri a [&hellip;]<\/p>\n","protected":false},"author":3,"featured_media":2052,"comment_status":"closed","ping_status":"open","sticky":false,"template":"","format":"standard","meta":{"jetpack_post_was_ever_published":false,"_jetpack_newsletter_access":"","_jetpack_dont_email_post_to_subs":false,"_jetpack_newsletter_tier_id":0,"_jetpack_memberships_contains_paywalled_content":false,"_jetpack_memberships_contains_paid_content":false,"footnotes":"","jetpack_publicize_message":"Aides aux associations","jetpack_publicize_feature_enabled":true,"jetpack_social_post_already_shared":true,"jetpack_social_options":{"image_generator_settings":{"template":"highway","default_image_id":0,"font":"","enabled":false},"version":2}},"categories":[82],"tags":[65],"class_list":["post-4104","post","type-post","status-publish","format-standard","has-post-thumbnail","hentry","category-conseil-consulaire-2","tag-conseil-consulaire"],"jetpack_publicize_connections":[],"jetpack_featured_media_url":"https:\/\/www.francais-d-allemagne.eu\/nord\/wp-content\/uploads\/sites\/2\/2015\/06\/ambassade-pariser-platz.jpg","jetpack_sharing_enabled":true,"jetpack_shortlink":"https:\/\/wp.me\/p4ndNg-14c","_links":{"self":[{"href":"https:\/\/www.francais-d-allemagne.eu\/nord\/wp-json\/wp\/v2\/posts\/4104","targetHints":{"allow":["GET"]}}],"collection":[{"href":"https:\/\/www.francais-d-allemagne.eu\/nord\/wp-json\/wp\/v2\/posts"}],"about":[{"href":"https:\/\/www.francais-d-allemagne.eu\/nord\/wp-json\/wp\/v2\/types\/post"}],"author":[{"embeddable":true,"href":"https:\/\/www.francais-d-allemagne.eu\/nord\/wp-json\/wp\/v2\/users\/3"}],"replies":[{"embeddable":true,"href":"https:\/\/www.francais-d-allemagne.eu\/nord\/wp-json\/wp\/v2\/comments?post=4104"}],"version-history":[{"count":4,"href":"https:\/\/www.francais-d-allemagne.eu\/nord\/wp-json\/wp\/v2\/posts\/4104\/revisions"}],"predecessor-version":[{"id":4110,"href":"https:\/\/www.francais-d-allemagne.eu\/nord\/wp-json\/wp\/v2\/posts\/4104\/revisions\/4110"}],"wp:featuredmedia":[{"embeddable":true,"href":"https:\/\/www.francais-d-allemagne.eu\/nord\/wp-json\/wp\/v2\/media\/2052"}],"wp:attachment":[{"href":"https:\/\/www.francais-d-allemagne.eu\/nord\/wp-json\/wp\/v2\/media?parent=4104"}],"wp:term":[{"taxonomy":"category","embeddable":true,"href":"https:\/\/www.francais-d-allemagne.eu\/nord\/wp-json\/wp\/v2\/categories?post=4104"},{"taxonomy":"post_tag","embeddable":true,"href":"https:\/\/www.francais-d-allemagne.eu\/nord\/wp-json\/wp\/v2\/tags?post=4104"}],"curies":[{"name":"wp","href":"https:\/\/api.w.org\/{rel}","templated":true}]}}