{"id":4156,"date":"2019-10-26T10:30:45","date_gmt":"2019-10-26T09:30:45","guid":{"rendered":"http:\/\/www.francais-d-allemagne.eu\/nord\/?p=4156"},"modified":"2021-01-21T16:24:35","modified_gmt":"2021-01-21T15:24:35","slug":"enquete-sur-la-qualite-et-lefficacite-du-service-public-consulaire-2019","status":"publish","type":"post","link":"https:\/\/www.francais-d-allemagne.eu\/nord\/2019\/10\/26\/enquete-sur-la-qualite-et-lefficacite-du-service-public-consulaire-2019\/","title":{"rendered":"Enqu\u00eate sur la qualit\u00e9 et l\u2019efficacit\u00e9 du service public consulaire 2019"},"content":{"rendered":"<p>Vous avez probablement re\u00e7u ces derniers jours un courriel du Minist\u00e8re des Affaires Etrang\u00e8res qui vous invite \u00e0 participer \u00e0 l&rsquo;enqu\u00eate 2019 sur la qualit\u00e9 et l&rsquo;efficacit\u00e9 du service public consulaire.<\/p>\n<p>Comme chaque ann\u00e9e, et afin de poursuivre l\u2019am\u00e9lioration de la qualit\u00e9 et de l\u2019efficacit\u00e9 de l\u2019ensemble des services publics de l\u2019\u00c9tat, l\u2019administration consulaire souhaite recueillir l\u2019avis du plus grand nombre de Fran\u00e7ais \u00e9tablis hors de France sur la qualit\u00e9 des services rendus par les consulats fran\u00e7ais.<\/p>\n<p>Si vous n&rsquo;avez pas re\u00e7u cette invitation, c&rsquo;est peut-\u00eatre parce que vous n&rsquo;\u00eates pas encore inscrit-e au Registre des Fran\u00e7ais \u00e9tablis hors de France ou que vous n&rsquo;y avez pas renseign\u00e9 votre adresse e-mail. L&rsquo;inscription comme l&rsquo;actualisation de son inscription sont des d\u00e9marches gratuites et rapides, que vous pouvez effectuer en ligne <a href=\"https:\/\/www.service-public.fr\/particuliers\/vosdroits\/F33307\" target=\"_blank\" rel=\"noopener\">sur le site du service public<\/a>.<\/p>\n<p>Le questionnaire de l&rsquo;enqu\u00eate est accessible <a href=\"http:\/\/trailer.web-view.net\/Links\/0XDBBF012DBB6DCCC4E2C231D919FD56D762737A4514D869E6E01049CD0954BC3281D3F9F27B0DDDE9BEF9EE9CF5CB589A08BF024C08F168F45CD2FF36A423D5A7EA45B0491EAE6318.htm\" target=\"_blank\" rel=\"noopener\">ici<\/a>\u00a0&#8211; y r\u00e9pondre\u00a0ne vous prendra que quelques instants.<\/p>\n<p>Les r\u00e9ponses sont anonymes et leur synth\u00e8se sera diffus\u00e9e par le consulat en d\u00e9cembre 2019.<\/p>\n<p>Nous souhaitons vous encourager \u00e0 r\u00e9pondre \u00e0 cette enqu\u00eate, dont les r\u00e9sultats nous sont utiles pour appr\u00e9cier et analyser le rapport annuel de l&rsquo;administration consulaire et apporter un retour qualifi\u00e9 sur les attentes de toutes et tous en Allemagne du Nord.<\/p>\n","protected":false},"excerpt":{"rendered":"<p>Vous avez probablement re\u00e7u ces derniers jours un courriel du Minist\u00e8re des Affaires Etrang\u00e8res qui vous invite \u00e0 participer \u00e0 l&rsquo;enqu\u00eate 2019 sur la qualit\u00e9 et l&rsquo;efficacit\u00e9 du service public consulaire. Comme chaque ann\u00e9e, et afin de poursuivre l\u2019am\u00e9lioration de la qualit\u00e9 et de l\u2019efficacit\u00e9 de l\u2019ensemble des services publics de l\u2019\u00c9tat, l\u2019administration consulaire souhaite [&hellip;]<\/p>\n","protected":false},"author":3,"featured_media":4157,"comment_status":"closed","ping_status":"open","sticky":false,"template":"","format":"standard","meta":{"jetpack_post_was_ever_published":false,"_jetpack_newsletter_access":"","_jetpack_dont_email_post_to_subs":false,"_jetpack_newsletter_tier_id":0,"_jetpack_memberships_contains_paywalled_content":false,"_jetpack_memberships_contains_paid_content":false,"footnotes":"","jetpack_publicize_message":"","jetpack_publicize_feature_enabled":true,"jetpack_social_post_already_shared":true,"jetpack_social_options":{"image_generator_settings":{"template":"highway","default_image_id":0,"font":"","enabled":false},"version":2}},"categories":[79],"tags":[206,69],"class_list":["post-4156","post","type-post","status-publish","format-standard","has-post-thumbnail","hentry","category-demarches-2","tag-consulats","tag-demarches"],"jetpack_publicize_connections":[],"jetpack_featured_media_url":"https:\/\/www.francais-d-allemagne.eu\/nord\/wp-content\/uploads\/sites\/2\/2019\/10\/Marianne.png","jetpack_sharing_enabled":true,"jetpack_shortlink":"https:\/\/wp.me\/p4ndNg-152","_links":{"self":[{"href":"https:\/\/www.francais-d-allemagne.eu\/nord\/wp-json\/wp\/v2\/posts\/4156","targetHints":{"allow":["GET"]}}],"collection":[{"href":"https:\/\/www.francais-d-allemagne.eu\/nord\/wp-json\/wp\/v2\/posts"}],"about":[{"href":"https:\/\/www.francais-d-allemagne.eu\/nord\/wp-json\/wp\/v2\/types\/post"}],"author":[{"embeddable":true,"href":"https:\/\/www.francais-d-allemagne.eu\/nord\/wp-json\/wp\/v2\/users\/3"}],"replies":[{"embeddable":true,"href":"https:\/\/www.francais-d-allemagne.eu\/nord\/wp-json\/wp\/v2\/comments?post=4156"}],"version-history":[{"count":7,"href":"https:\/\/www.francais-d-allemagne.eu\/nord\/wp-json\/wp\/v2\/posts\/4156\/revisions"}],"predecessor-version":[{"id":4164,"href":"https:\/\/www.francais-d-allemagne.eu\/nord\/wp-json\/wp\/v2\/posts\/4156\/revisions\/4164"}],"wp:featuredmedia":[{"embeddable":true,"href":"https:\/\/www.francais-d-allemagne.eu\/nord\/wp-json\/wp\/v2\/media\/4157"}],"wp:attachment":[{"href":"https:\/\/www.francais-d-allemagne.eu\/nord\/wp-json\/wp\/v2\/media?parent=4156"}],"wp:term":[{"taxonomy":"category","embeddable":true,"href":"https:\/\/www.francais-d-allemagne.eu\/nord\/wp-json\/wp\/v2\/categories?post=4156"},{"taxonomy":"post_tag","embeddable":true,"href":"https:\/\/www.francais-d-allemagne.eu\/nord\/wp-json\/wp\/v2\/tags?post=4156"}],"curies":[{"name":"wp","href":"https:\/\/api.w.org\/{rel}","templated":true}]}}