{"id":4166,"date":"2019-11-08T16:55:39","date_gmt":"2019-11-08T15:55:39","guid":{"rendered":"http:\/\/www.francais-d-allemagne.eu\/nord\/?p=4166"},"modified":"2019-11-07T22:34:06","modified_gmt":"2019-11-07T21:34:06","slug":"lutte-contre-les-discriminations-un-appel-a-projets-pour-la-journee-franco-allemande-2020","status":"publish","type":"post","link":"https:\/\/www.francais-d-allemagne.eu\/nord\/2019\/11\/08\/lutte-contre-les-discriminations-un-appel-a-projets-pour-la-journee-franco-allemande-2020\/","title":{"rendered":"Lutte contre les discriminations : un appel \u00e0 projets pour la Journ\u00e9e franco-allemande 2020"},"content":{"rendered":"<p>Aussi dans notre contexte franco-allemand, la <strong>lutte contre les discriminations<\/strong> est un sujet qui mobilise les citoyens !<\/p>\n<p>Aujourd&rsquo;hui, nous vous relayons cet appel \u00e0 projets pour la <strong>Journ\u00e9e franco-allemande du 22 janvier 2020<\/strong>, qui a \u00e9t\u00e9 plac\u00e9e sous le signe de la lutte contre toute forme de discrimination.<\/p>\n<p>Si vous avez envie d\u2019agir en faveur de la diversit\u00e9, l&rsquo;OFAJ vous propose d&rsquo;organiser une action encourageant le vivre-ensemble\u00a0!<\/p>\n<p>La forme que prendra ce projet est libre\u00a0: \u00e9v\u00e9nement sportif, musical ou culturel, projet multim\u00e9dia, spectacle, excursion, exposition, pi\u00e8ce de th\u00e9\u00e2tre, rencontre, flash-mob\u2026<\/p>\n<p>Les porteuses et porteurs de projets peuvent \u00eatre des \u00e9tablissement scolaires et universitaires, personnes individuelles, des jeunes ou des associations et f\u00e9d\u00e9rations de jeunesse, des maisons ou associations de quartier, des institutions, des comit\u00e9s de jumelage, etc.<\/p>\n<p><a href=\"https:\/\/www.ofaj.org\/appels-a-projets-et-a-candidatures\/participez-a-la-journee-franco-allemande-2020-pour-favoriser-la-diversite.html\">&gt; Plus d&rsquo;informations sur le site de l&rsquo;OFAJ<\/a><\/p>\n<p>La date limite du d\u00e9p\u00f4t des candidatures est le\u00a0<b>11 novembre 2019<\/b>.<\/p>\n","protected":false},"excerpt":{"rendered":"<p>Aussi dans notre contexte franco-allemand, la lutte contre les discriminations est un sujet qui mobilise les citoyens ! Aujourd&rsquo;hui, nous vous relayons cet appel \u00e0 projets pour la Journ\u00e9e franco-allemande du 22 janvier 2020, qui a \u00e9t\u00e9 plac\u00e9e sous le signe de la lutte contre toute forme de discrimination. Si vous avez envie d\u2019agir en [&hellip;]<\/p>\n","protected":false},"author":3,"featured_media":4167,"comment_status":"closed","ping_status":"open","sticky":false,"template":"","format":"standard","meta":{"jetpack_post_was_ever_published":false,"_jetpack_newsletter_access":"","_jetpack_dont_email_post_to_subs":false,"_jetpack_newsletter_tier_id":0,"_jetpack_memberships_contains_paywalled_content":false,"_jetpack_memberships_contains_paid_content":false,"footnotes":"","jetpack_publicize_message":"","jetpack_publicize_feature_enabled":true,"jetpack_social_post_already_shared":true,"jetpack_social_options":{"image_generator_settings":{"template":"highway","default_image_id":0,"font":"","enabled":false},"version":2}},"categories":[84,197],"tags":[94,256,255,113],"class_list":["post-4166","post","type-post","status-publish","format-standard","has-post-thumbnail","hentry","category-actualites","category-franco-allemand","tag-actualite","tag-discriminations","tag-egalite","tag-franco-allemand"],"jetpack_publicize_connections":[],"jetpack_featured_media_url":"https:\/\/www.francais-d-allemagne.eu\/nord\/wp-content\/uploads\/sites\/2\/2019\/11\/JFA2020.png","jetpack_sharing_enabled":true,"jetpack_shortlink":"https:\/\/wp.me\/p4ndNg-15c","_links":{"self":[{"href":"https:\/\/www.francais-d-allemagne.eu\/nord\/wp-json\/wp\/v2\/posts\/4166","targetHints":{"allow":["GET"]}}],"collection":[{"href":"https:\/\/www.francais-d-allemagne.eu\/nord\/wp-json\/wp\/v2\/posts"}],"about":[{"href":"https:\/\/www.francais-d-allemagne.eu\/nord\/wp-json\/wp\/v2\/types\/post"}],"author":[{"embeddable":true,"href":"https:\/\/www.francais-d-allemagne.eu\/nord\/wp-json\/wp\/v2\/users\/3"}],"replies":[{"embeddable":true,"href":"https:\/\/www.francais-d-allemagne.eu\/nord\/wp-json\/wp\/v2\/comments?post=4166"}],"version-history":[{"count":1,"href":"https:\/\/www.francais-d-allemagne.eu\/nord\/wp-json\/wp\/v2\/posts\/4166\/revisions"}],"predecessor-version":[{"id":4168,"href":"https:\/\/www.francais-d-allemagne.eu\/nord\/wp-json\/wp\/v2\/posts\/4166\/revisions\/4168"}],"wp:featuredmedia":[{"embeddable":true,"href":"https:\/\/www.francais-d-allemagne.eu\/nord\/wp-json\/wp\/v2\/media\/4167"}],"wp:attachment":[{"href":"https:\/\/www.francais-d-allemagne.eu\/nord\/wp-json\/wp\/v2\/media?parent=4166"}],"wp:term":[{"taxonomy":"category","embeddable":true,"href":"https:\/\/www.francais-d-allemagne.eu\/nord\/wp-json\/wp\/v2\/categories?post=4166"},{"taxonomy":"post_tag","embeddable":true,"href":"https:\/\/www.francais-d-allemagne.eu\/nord\/wp-json\/wp\/v2\/tags?post=4166"}],"curies":[{"name":"wp","href":"https:\/\/api.w.org\/{rel}","templated":true}]}}