{"id":4179,"date":"2019-11-23T12:41:51","date_gmt":"2019-11-23T11:41:51","guid":{"rendered":"http:\/\/www.francais-d-allemagne.eu\/nord\/?p=4179"},"modified":"2021-01-21T16:27:36","modified_gmt":"2021-01-21T15:27:36","slug":"test-grandeur-nature-du-vote-par-internet","status":"publish","type":"post","link":"https:\/\/www.francais-d-allemagne.eu\/nord\/2019\/11\/23\/test-grandeur-nature-du-vote-par-internet\/","title":{"rendered":"Test grandeur nature du vote par internet"},"content":{"rendered":"<blockquote><p>La prochaine \u00e9lection des conseillers et d\u00e9l\u00e9gu\u00e9s consulaires aura lieu en mai 2020.<\/p>\n<p>Lors de cette \u00e9lection, vous pourrez (sous r\u00e9serve de confirmation) voter par Internet.<\/p><\/blockquote>\n<p>Pour pr\u00e9parer cette \u00e9ch\u00e9ance, le Minist\u00e8re organise depuis jeudi et jusqu&rsquo;\u00e0 dimanche soir un <strong>test grandeur nature du vote par internet<\/strong> auquel j&rsquo;ai particip\u00e9. <strong>J&rsquo;ai pu voter sans aucune difficult\u00e9.<\/strong><\/p>\n<p><strong>Le processus de vote est assez simple<\/strong>.<\/p>\n<p>Il est encore possible que le processus de vote soit modifi\u00e9 mais pour voter par internet, vous aurez besoin :<\/p>\n<p>1. d&rsquo;un <strong>identifiant,\u00a0<\/strong>obtenu en suivant un lien \u00e0 usage unique envoy\u00e9 par courriel par le Minist\u00e8re.<br \/>\nCe courriel est adress\u00e9 l&rsquo;adresse e-mail que vous avez renseign\u00e9e au consulat ou sur le site\u00a0<a href=\"http:\/\/service-public.fr\/\" target=\"_blank\" rel=\"noopener\">service-public.fr<\/a>. Une fois le lien ouvert, l&rsquo;identifiant doit \u00eatre conserv\u00e9 pr\u00e9cieusement.<\/p>\n<p>2. d&rsquo;un <strong>mot de passe, <\/strong>envoy\u00e9 par SMS au num\u00e9ro de t\u00e9l\u00e9phone portable que vous avez renseign\u00e9 au consulat ou sur le site\u00a0<a href=\"http:\/\/service-public.fr\/\" target=\"_blank\" rel=\"noopener\">service-public.fr<\/a>. Ici aussi, n&rsquo;effacez pas ce SMS !<\/p>\n<p>Si vous n\u2019avez pas re\u00e7u votre identifiant ou votre mot de passe, vous aurez la possibilit\u00e9 de le renouveler sur la page de connexion du portail de vote.<\/p>\n<blockquote><p>Pensez bien \u00e0 mettre \u00e0 jour votre num\u00e9ro et votre adresse mail sur le registre du consulat pour recevoir votre invitation \u00e0 voter en ligne ainsi que vos identifiant et mot de passe.<\/p><\/blockquote>\n<p>Le <strong>lien vers ce portail de vote\u00a0<\/strong>vous sera aussi communiqu\u00e9 par le Minist\u00e8re dans un courriel que vous recevrez le jour d&rsquo;ouverture du scrutin.<\/p>\n<p>Le portail de vote comme la page qui permet de g\u00e9n\u00e9rer son identifiant proposent une rubrique d&rsquo;aide et\/ou un formulaire de contact \u00e9lectronique.<\/p>\n<p><img loading=\"lazy\" decoding=\"async\" class=\"alignnone wp-image-4180 size-large\" src=\"https:\/\/www.francais-d-allemagne.eu\/nord\/wp-content\/uploads\/sites\/2\/2019\/11\/portail-de-vote-1024x507.png\" alt=\"\" width=\"700\" height=\"347\" srcset=\"https:\/\/www.francais-d-allemagne.eu\/nord\/wp-content\/uploads\/sites\/2\/2019\/11\/portail-de-vote-1024x507.png 1024w, https:\/\/www.francais-d-allemagne.eu\/nord\/wp-content\/uploads\/sites\/2\/2019\/11\/portail-de-vote-300x148.png 300w, https:\/\/www.francais-d-allemagne.eu\/nord\/wp-content\/uploads\/sites\/2\/2019\/11\/portail-de-vote-768x380.png 768w, https:\/\/www.francais-d-allemagne.eu\/nord\/wp-content\/uploads\/sites\/2\/2019\/11\/portail-de-vote.png 1138w\" sizes=\"auto, (max-width: 700px) 100vw, 700px\" \/><\/p>\n<p>&nbsp;<\/p>\n<blockquote><p><a href=\"https:\/\/www.diplomatie.gouv.fr\/fr\/services-aux-francais\/elections\/modalites-de-vote\/article\/vote-par-internet\">&gt; Plus d&rsquo;informations sur le site de France Diplomatie<\/a><\/p><\/blockquote>\n<p><img loading=\"lazy\" decoding=\"async\" class=\"size-thumbnail wp-image-3901 alignleft\" src=\"https:\/\/www.francais-d-allemagne.eu\/nord\/wp-content\/uploads\/sites\/2\/2019\/01\/Nicolas-Stallivieri-150x150.jpg\" alt=\"\" width=\"150\" height=\"150\" srcset=\"https:\/\/www.francais-d-allemagne.eu\/nord\/wp-content\/uploads\/sites\/2\/2019\/01\/Nicolas-Stallivieri-150x150.jpg 150w, https:\/\/www.francais-d-allemagne.eu\/nord\/wp-content\/uploads\/sites\/2\/2019\/01\/Nicolas-Stallivieri-200x200.jpg 200w\" sizes=\"auto, (max-width: 150px) 100vw, 150px\" \/><\/p>\n<p>&nbsp;<\/p>\n<p>&nbsp;<\/p>\n<p>Nicolas Stallivieri<br \/>\nConseiller consulaire \u00e9lu pour l&rsquo;Allemagne du Nord<\/p>\n","protected":false},"excerpt":{"rendered":"<p>La prochaine \u00e9lection des conseillers et d\u00e9l\u00e9gu\u00e9s consulaires aura lieu en mai 2020. Lors de cette \u00e9lection, vous pourrez (sous r\u00e9serve de confirmation) voter par Internet. Pour pr\u00e9parer cette \u00e9ch\u00e9ance, le Minist\u00e8re organise depuis jeudi et jusqu&rsquo;\u00e0 dimanche soir un test grandeur nature du vote par internet auquel j&rsquo;ai particip\u00e9. J&rsquo;ai pu voter sans aucune [&hellip;]<\/p>\n","protected":false},"author":3,"featured_media":4184,"comment_status":"closed","ping_status":"open","sticky":false,"template":"","format":"standard","meta":{"jetpack_post_was_ever_published":false,"_jetpack_newsletter_access":"","_jetpack_dont_email_post_to_subs":false,"_jetpack_newsletter_tier_id":0,"_jetpack_memberships_contains_paywalled_content":false,"_jetpack_memberships_contains_paid_content":false,"footnotes":"","jetpack_publicize_message":"","jetpack_publicize_feature_enabled":true,"jetpack_social_post_already_shared":true,"jetpack_social_options":{"image_generator_settings":{"template":"highway","default_image_id":0,"font":"","enabled":false},"version":2}},"categories":[84,184,80],"tags":[170],"class_list":["post-4179","post","type-post","status-publish","format-standard","has-post-thumbnail","hentry","category-actualites","category-elections","category-informations-citoyennes","tag-elections"],"jetpack_publicize_connections":[],"jetpack_featured_media_url":"https:\/\/www.francais-d-allemagne.eu\/nord\/wp-content\/uploads\/sites\/2\/2019\/11\/vote-urne.jpg","jetpack_sharing_enabled":true,"jetpack_shortlink":"https:\/\/wp.me\/p4ndNg-15p","_links":{"self":[{"href":"https:\/\/www.francais-d-allemagne.eu\/nord\/wp-json\/wp\/v2\/posts\/4179","targetHints":{"allow":["GET"]}}],"collection":[{"href":"https:\/\/www.francais-d-allemagne.eu\/nord\/wp-json\/wp\/v2\/posts"}],"about":[{"href":"https:\/\/www.francais-d-allemagne.eu\/nord\/wp-json\/wp\/v2\/types\/post"}],"author":[{"embeddable":true,"href":"https:\/\/www.francais-d-allemagne.eu\/nord\/wp-json\/wp\/v2\/users\/3"}],"replies":[{"embeddable":true,"href":"https:\/\/www.francais-d-allemagne.eu\/nord\/wp-json\/wp\/v2\/comments?post=4179"}],"version-history":[{"count":4,"href":"https:\/\/www.francais-d-allemagne.eu\/nord\/wp-json\/wp\/v2\/posts\/4179\/revisions"}],"predecessor-version":[{"id":4186,"href":"https:\/\/www.francais-d-allemagne.eu\/nord\/wp-json\/wp\/v2\/posts\/4179\/revisions\/4186"}],"wp:featuredmedia":[{"embeddable":true,"href":"https:\/\/www.francais-d-allemagne.eu\/nord\/wp-json\/wp\/v2\/media\/4184"}],"wp:attachment":[{"href":"https:\/\/www.francais-d-allemagne.eu\/nord\/wp-json\/wp\/v2\/media?parent=4179"}],"wp:term":[{"taxonomy":"category","embeddable":true,"href":"https:\/\/www.francais-d-allemagne.eu\/nord\/wp-json\/wp\/v2\/categories?post=4179"},{"taxonomy":"post_tag","embeddable":true,"href":"https:\/\/www.francais-d-allemagne.eu\/nord\/wp-json\/wp\/v2\/tags?post=4179"}],"curies":[{"name":"wp","href":"https:\/\/api.w.org\/{rel}","templated":true}]}}