{"id":4187,"date":"2019-11-23T17:30:25","date_gmt":"2019-11-23T16:30:25","guid":{"rendered":"http:\/\/www.francais-d-allemagne.eu\/nord\/?p=4187"},"modified":"2019-12-01T12:50:03","modified_gmt":"2019-12-01T11:50:03","slug":"grande-mobilisation-pour-le-climat-fff-globaler-klimastreik-ce-vendredi-29-novembre","status":"publish","type":"post","link":"https:\/\/www.francais-d-allemagne.eu\/nord\/2019\/11\/23\/grande-mobilisation-pour-le-climat-fff-globaler-klimastreik-ce-vendredi-29-novembre\/","title":{"rendered":"Grande mobilisation pour le climat: FFF Globaler Klimastreik ce vendredi 29 novembre !"},"content":{"rendered":"<p>Certains d&rsquo;entre vous ont peut-\u00eatre particip\u00e9 le 20 septembre dernier \u00e0 la grande <strong>manifestation mondiale pour le climat<\/strong>, qui a rassembl\u00e9 plus de 10 millions de personnes dans le monde entier &#8211; dont presque 100.000 \u00e0 Hambourg ! Merci et bravo !<\/p>\n<p>Ce vendredi, quelques jours avant que les gouvernements de ce monde se r\u00e9unissent \u00e0 Madrid pour la COP25, la <strong>Conf\u00e9rence mondiale sur les changements climatiques<\/strong>,&nbsp;des activistes du climat, des organisations environnementales, de d\u00e9veloppement, sociales et de bienfaisance s\u2019unissent et nous invitent \u00e0 maintenir la pression en descendant dans les rues.<\/p>\n<blockquote><p>Parce que je suis persuad\u00e9 que&nbsp;<strong>la protection du climat et la justice sociale sont indissociables<\/strong>, je me permets de vous relayer cet appel \u00e0 manifester partout en Allemagne du Nord.&nbsp;<strong>Une transformation \u00e9cologique et sociale est une opportunit\u00e9 pour une soci\u00e9t\u00e9 plus juste, ici et dans le monde !<\/strong><\/p>\n<\/blockquote>\n<p>A <a href=\"https:\/\/www.facebook.com\/events\/617032032162276\/\">Hambourg<\/a>, <a href=\"https:\/\/www.facebook.com\/events\/437958146722044\/\">Berlin<\/a>, <a href=\"https:\/\/www.facebook.com\/events\/523178348504395\/\">Hanovre<\/a>, <a href=\"https:\/\/www.facebook.com\/events\/1393315350816772\/\">Br\u00eame<\/a>, <a href=\"https:\/\/www.facebook.com\/fridaysforfuture.kiel\">Kiel<\/a>, Rostock, Potsdam, <a href=\"https:\/\/www.facebook.com\/events\/496310504297487\/\">Leipzig<\/a>, Dresde et partout ailleurs !<\/p>\n<p><img loading=\"lazy\" decoding=\"async\" src=\"https:\/\/www.francais-d-allemagne.eu\/nord\/wp-content\/uploads\/sites\/2\/2019\/01\/Nicolas-Stallivieri-150x150.jpg\" class=\"alignleft size-thumbnail wp-image-3901\" width=\"150\" height=\"150\" alt=\"\" srcset=\"https:\/\/www.francais-d-allemagne.eu\/nord\/wp-content\/uploads\/sites\/2\/2019\/01\/Nicolas-Stallivieri-150x150.jpg 150w, https:\/\/www.francais-d-allemagne.eu\/nord\/wp-content\/uploads\/sites\/2\/2019\/01\/Nicolas-Stallivieri-200x200.jpg 200w\" sizes=\"auto, (max-width: 150px) 100vw, 150px\" \/><\/p>\n<p>&nbsp;<\/p>\n<p>&nbsp;<\/p>\n<p>Nicolas Stallivieri<br \/>\nConseiller consulaire \u00e9lu<\/p>\n<p>&nbsp;<\/p>\n","protected":false},"excerpt":{"rendered":"<p>Certains d&rsquo;entre vous ont peut-\u00eatre particip\u00e9 le 20 septembre dernier \u00e0 la grande manifestation mondiale pour le climat, qui a rassembl\u00e9 plus de 10 millions de personnes dans le monde entier &#8211; dont presque 100.000 \u00e0 Hambourg ! Merci et bravo ! Ce vendredi, quelques jours avant que les gouvernements de ce monde se r\u00e9unissent [&hellip;]<\/p>\n","protected":false},"author":3,"featured_media":4188,"comment_status":"closed","ping_status":"open","sticky":false,"template":"","format":"standard","meta":{"jetpack_post_was_ever_published":false,"_jetpack_newsletter_access":"","_jetpack_dont_email_post_to_subs":false,"_jetpack_newsletter_tier_id":0,"_jetpack_memberships_contains_paywalled_content":false,"_jetpack_memberships_contains_paid_content":false,"footnotes":"","jetpack_publicize_message":"Grande mobilisation pour le climat FFF Globaler Klimastreik ce vendredi 29 novembre !","jetpack_publicize_feature_enabled":true,"jetpack_social_post_already_shared":true,"jetpack_social_options":{"image_generator_settings":{"template":"highway","default_image_id":0,"font":"","enabled":false},"version":2}},"categories":[84,195],"tags":[149],"class_list":["post-4187","post","type-post","status-publish","format-standard","has-post-thumbnail","hentry","category-actualites","category-ecologie","tag-ecologie"],"jetpack_publicize_connections":[],"jetpack_featured_media_url":"https:\/\/www.francais-d-allemagne.eu\/nord\/wp-content\/uploads\/sites\/2\/2019\/11\/KlimastreiNov.jpg","jetpack_sharing_enabled":true,"jetpack_shortlink":"https:\/\/wp.me\/p4ndNg-15x","_links":{"self":[{"href":"https:\/\/www.francais-d-allemagne.eu\/nord\/wp-json\/wp\/v2\/posts\/4187","targetHints":{"allow":["GET"]}}],"collection":[{"href":"https:\/\/www.francais-d-allemagne.eu\/nord\/wp-json\/wp\/v2\/posts"}],"about":[{"href":"https:\/\/www.francais-d-allemagne.eu\/nord\/wp-json\/wp\/v2\/types\/post"}],"author":[{"embeddable":true,"href":"https:\/\/www.francais-d-allemagne.eu\/nord\/wp-json\/wp\/v2\/users\/3"}],"replies":[{"embeddable":true,"href":"https:\/\/www.francais-d-allemagne.eu\/nord\/wp-json\/wp\/v2\/comments?post=4187"}],"version-history":[{"count":4,"href":"https:\/\/www.francais-d-allemagne.eu\/nord\/wp-json\/wp\/v2\/posts\/4187\/revisions"}],"predecessor-version":[{"id":4204,"href":"https:\/\/www.francais-d-allemagne.eu\/nord\/wp-json\/wp\/v2\/posts\/4187\/revisions\/4204"}],"wp:featuredmedia":[{"embeddable":true,"href":"https:\/\/www.francais-d-allemagne.eu\/nord\/wp-json\/wp\/v2\/media\/4188"}],"wp:attachment":[{"href":"https:\/\/www.francais-d-allemagne.eu\/nord\/wp-json\/wp\/v2\/media?parent=4187"}],"wp:term":[{"taxonomy":"category","embeddable":true,"href":"https:\/\/www.francais-d-allemagne.eu\/nord\/wp-json\/wp\/v2\/categories?post=4187"},{"taxonomy":"post_tag","embeddable":true,"href":"https:\/\/www.francais-d-allemagne.eu\/nord\/wp-json\/wp\/v2\/tags?post=4187"}],"curies":[{"name":"wp","href":"https:\/\/api.w.org\/{rel}","templated":true}]}}