{"id":4193,"date":"2019-12-02T17:30:56","date_gmt":"2019-12-02T16:30:56","guid":{"rendered":"http:\/\/www.francais-d-allemagne.eu\/nord\/?p=4193"},"modified":"2019-11-28T20:44:48","modified_gmt":"2019-11-28T19:44:48","slug":"situation-des-personnes-agees-en-allemagne-du-nord","status":"publish","type":"post","link":"https:\/\/www.francais-d-allemagne.eu\/nord\/2019\/12\/02\/situation-des-personnes-agees-en-allemagne-du-nord\/","title":{"rendered":"Situation des personnes \u00e2g\u00e9es en Allemagne du Nord"},"content":{"rendered":"<blockquote><p>Lors du conseil consulaire du 7 novembre 2019, <strong>j&rsquo;ai port\u00e9 la question de la situation des personnes \u00e2g\u00e9es en Allemagne du Nord \u00e0 l&rsquo;ordre du jour<\/strong> du conseil consulaire suite \u00e0 de nombreuses sollicitations et pour faire \u00e9cho au travail r\u00e9alis\u00e9 par l&rsquo;Assembl\u00e9e des Fran\u00e7ais de l&rsquo;\u00e9tranger.<\/p>\n<\/blockquote>\n<p><strong>Les sujets<\/strong>&nbsp;en lien avec ce th\u00e8me qui, avec mes coll\u00e8gues Philippe Loiseau et Jo\u00eblle Ohlmer-Trouv\u00e9&nbsp;<span class=\"gmail_default\">nous semblent pr\u00e9occuper&nbsp;<\/span>le plus nos compatriotes&nbsp;sont les suivants :<\/p>\n<p>\u2212 celui des <strong>parents \u00e2g\u00e9s en situation de d\u00e9pendance qui vivent en France<\/strong>, car beaucoup d&rsquo;entre nous ont construit ici des familles&nbsp;bi-nationales, appel\u00e9es \u00e0 rester en Allemagne du Nord<\/p>\n<p>\u2212 mais aussi celui des <strong>personnes \u00e2g\u00e9es qui vivent ici isol\u00e9es<\/strong>.<\/p>\n<p><strong>Ce qu&rsquo;il faut savoir :<\/strong><\/p>\n<p>\u2212 les postes diplomatiques et consulaires ne sont pas comp\u00e9tents pour les personnes r\u00e9sidant en France. Les Fran\u00e7ais d\u2019Allemagne du Nord ayant un parent d\u00e9pendant en France doivent se tourner vers les structures fran\u00e7aises.<\/p>\n<p>\u2212 <strong>pour la France<\/strong>, une liste (non exhaustive) des aides auxquelles les personnes \u00e2g\u00e9es d\u00e9pendantes sont \u00e9ligibles en France est disponible sur le site \u00ab Service Public \u00bb : <a href=\"https:\/\/www.service-public.fr\/particuliers\/vosdroits\/N392\" target=\"_blank\" rel=\"noopener\">https:\/\/www.service-public.fr\/particuliers\/vosdroits\/N392<\/a>.<\/p>\n<p>\u2212 concernant les personnes \u00e2g\u00e9es vivant en Allemagne, elles doivent, si besoin, se tourner vers les autorit\u00e9s et structures allemandes, qu\u2019elles soient de nationalit\u00e9 allemande ou fran\u00e7aise.&nbsp;Les affaires sociales pour Fran\u00e7ais \u00e9tablis en Allemagne du Nord sont prises en charge par l&rsquo;Allemagne.<\/p>\n<p>\u2212 <strong>En Allemagne<\/strong>, deux cas :<\/p>\n<ul>\n<li>Les personnes ont travaill\u00e9 et cotis\u00e9 en Allemagne : la d\u00e9pendance est alors prise<br \/>\npartiellement en charge par les structures allemandes quelle que soit la nationalit\u00e9<\/li>\n<li>Les personnes ont travaill\u00e9 en France et passent leur retraite en Allemagne : la<br \/>\nd\u00e9pendance est \u00e0 la charge des familles (comme en France).<\/li>\n<\/ul>\n<p>&nbsp;<\/p>\n<blockquote><p><strong>Je suis heureux d&rsquo;avoir saisi le conseil consulaire<\/strong> pour initier cette r\u00e9flexion.<\/p>\n<p>Pour rendre cette d\u00e9marche utile au plus grand nombre, <strong>j&rsquo;ai aussi propos\u00e9 la publication d\u2019une page internet sur le site de l\u2019ambassade<\/strong>, d\u00e9di\u00e9e au handicap et \u00e0 la d\u00e9pendance. Cette nouvelle page pourra offrir des informations synth\u00e9tiques sur les dispositifs fran\u00e7ais et allemands en lien avec notre contexte franco-allemand.<\/p>\n<p>L&rsquo;\u00e9laboration de cette nouvelle page d&rsquo;information par la section consulaire et le Service des affaires sociales est un travail important et un projet qui facilitera vos d\u00e9marches et vos recherches.<\/p>\n<\/blockquote>\n<p>&nbsp;<\/p>\n<p><img loading=\"lazy\" decoding=\"async\" src=\"https:\/\/www.francais-d-allemagne.eu\/nord\/wp-content\/uploads\/sites\/2\/2019\/01\/Nicolas-Stallivieri-150x150.jpg\" class=\"alignleft size-thumbnail wp-image-3901\" width=\"150\" height=\"150\" alt=\"\" srcset=\"https:\/\/www.francais-d-allemagne.eu\/nord\/wp-content\/uploads\/sites\/2\/2019\/01\/Nicolas-Stallivieri-150x150.jpg 150w, https:\/\/www.francais-d-allemagne.eu\/nord\/wp-content\/uploads\/sites\/2\/2019\/01\/Nicolas-Stallivieri-200x200.jpg 200w\" sizes=\"auto, (max-width: 150px) 100vw, 150px\" \/><\/p>\n<p>&nbsp;<\/p>\n<p>Nicolas Stallivieri<br \/>\nConseiller consulaire \u00e9lu<br \/>\nHambourg-Berlin &amp; Allemagne du Nord<\/p>\n","protected":false},"excerpt":{"rendered":"<p>Lors du conseil consulaire du 7 novembre 2019, j&rsquo;ai port\u00e9 la question de la situation des personnes \u00e2g\u00e9es en Allemagne du Nord \u00e0 l&rsquo;ordre du jour du conseil consulaire suite \u00e0 de nombreuses sollicitations et pour faire \u00e9cho au travail r\u00e9alis\u00e9 par l&rsquo;Assembl\u00e9e des Fran\u00e7ais de l&rsquo;\u00e9tranger. Les sujets&nbsp;en lien avec ce th\u00e8me qui, avec [&hellip;]<\/p>\n","protected":false},"author":3,"featured_media":4194,"comment_status":"closed","ping_status":"open","sticky":false,"template":"","format":"standard","meta":{"jetpack_post_was_ever_published":false,"_jetpack_newsletter_access":"","_jetpack_dont_email_post_to_subs":false,"_jetpack_newsletter_tier_id":0,"_jetpack_memberships_contains_paywalled_content":false,"_jetpack_memberships_contains_paid_content":false,"footnotes":"","jetpack_publicize_message":"Situation des personnes \u00e2g\u00e9es en Allemagne du Nord","jetpack_publicize_feature_enabled":true,"jetpack_social_post_already_shared":true,"jetpack_social_options":{"image_generator_settings":{"template":"highway","default_image_id":0,"font":"","enabled":false},"version":2}},"categories":[82],"tags":[257,65],"class_list":["post-4193","post","type-post","status-publish","format-standard","has-post-thumbnail","hentry","category-conseil-consulaire-2","tag-action-sociale","tag-conseil-consulaire"],"jetpack_publicize_connections":[],"jetpack_featured_media_url":"https:\/\/www.francais-d-allemagne.eu\/nord\/wp-content\/uploads\/sites\/2\/2019\/11\/seniors.jpg","jetpack_sharing_enabled":true,"jetpack_shortlink":"https:\/\/wp.me\/p4ndNg-15D","_links":{"self":[{"href":"https:\/\/www.francais-d-allemagne.eu\/nord\/wp-json\/wp\/v2\/posts\/4193","targetHints":{"allow":["GET"]}}],"collection":[{"href":"https:\/\/www.francais-d-allemagne.eu\/nord\/wp-json\/wp\/v2\/posts"}],"about":[{"href":"https:\/\/www.francais-d-allemagne.eu\/nord\/wp-json\/wp\/v2\/types\/post"}],"author":[{"embeddable":true,"href":"https:\/\/www.francais-d-allemagne.eu\/nord\/wp-json\/wp\/v2\/users\/3"}],"replies":[{"embeddable":true,"href":"https:\/\/www.francais-d-allemagne.eu\/nord\/wp-json\/wp\/v2\/comments?post=4193"}],"version-history":[{"count":9,"href":"https:\/\/www.francais-d-allemagne.eu\/nord\/wp-json\/wp\/v2\/posts\/4193\/revisions"}],"predecessor-version":[{"id":4203,"href":"https:\/\/www.francais-d-allemagne.eu\/nord\/wp-json\/wp\/v2\/posts\/4193\/revisions\/4203"}],"wp:featuredmedia":[{"embeddable":true,"href":"https:\/\/www.francais-d-allemagne.eu\/nord\/wp-json\/wp\/v2\/media\/4194"}],"wp:attachment":[{"href":"https:\/\/www.francais-d-allemagne.eu\/nord\/wp-json\/wp\/v2\/media?parent=4193"}],"wp:term":[{"taxonomy":"category","embeddable":true,"href":"https:\/\/www.francais-d-allemagne.eu\/nord\/wp-json\/wp\/v2\/categories?post=4193"},{"taxonomy":"post_tag","embeddable":true,"href":"https:\/\/www.francais-d-allemagne.eu\/nord\/wp-json\/wp\/v2\/tags?post=4193"}],"curies":[{"name":"wp","href":"https:\/\/api.w.org\/{rel}","templated":true}]}}