{"id":4231,"date":"2020-02-16T19:44:19","date_gmt":"2020-02-16T18:44:19","guid":{"rendered":"http:\/\/www.francais-d-allemagne.eu\/nord\/?p=4231"},"modified":"2020-02-16T19:44:37","modified_gmt":"2020-02-16T18:44:37","slug":"manifestation-hamburgwahltklima-ce-vendredi-21-avant-lelection-du-parlement-regional","status":"publish","type":"post","link":"https:\/\/www.francais-d-allemagne.eu\/nord\/2020\/02\/16\/manifestation-hamburgwahltklima-ce-vendredi-21-avant-lelection-du-parlement-regional\/","title":{"rendered":"Manifestation #HamburgW\u00e4hltKlima ce vendredi 21 avant l&rsquo;\u00e9lection du Parlement R\u00e9gional"},"content":{"rendered":"<p>Dimanche 23 f\u00e9vrier prochain, celles et ceux d&rsquo;entre vous qui ont la nationalit\u00e9 allemande pourront \u00e9lire leurs nouveaux repr\u00e9sentants au Parlement R\u00e9gional de Hambourg, la B\u00fcrgerschaft.<\/p>\n<p>A quelques jours de cette \u00e9lection importante, celle du\u00a0<strong><em>B\u00fcrgerschaftswahl<\/em><\/strong>, il est utile et important de formuler \u00e0 nouveau les revendications du mouvement climatique.<\/p>\n<p>Plus nous serons nombreux-ses dans ce moment de d\u00e9bat privil\u00e9gi\u00e9 \u00e0 r\u00e9clamer plus de justice climatique et plus notre message \u00e0 l&rsquo;attention des nouveaux responsables politiques \u00e0 Hambourg sera fort et clair.<\/p>\n<blockquote><p>C&rsquo;est pourquoi, j&rsquo;invite toutes et tous les Fran\u00e7ais de Hambourg \u00e0 se joindre \u00e0 la<\/p>\n<p>grande manifestation\u00a0<strong>Hamburg W\u00e4hlt Klima<\/strong><\/p>\n<p>organis\u00e9e par\u00a0Fridays For Future<br \/>\n<strong>ce vendredi 21 f\u00e9vrier \u00e0 partir de 14h<\/strong><br \/>\nsur le Heiligengeistfeld<\/p><\/blockquote>\n<p>Une militante connue et de renomm\u00e9e internationale, <strong>Greta Thunberg<\/strong>, est solidaire de cette manifestation et prononcera un discours. Le groupe <strong>Fettes Brott<\/strong> sera aussi l\u00e0 pour accompagner l&rsquo;\u00e9v\u00e8nement de musique hip hop.<\/p>\n<p>En savoir plus :<\/p>\n<ul>\n<li><a href=\"https:\/\/greenwire.greenpeace.de\/index.php\/HHKlima\">Greenpeace (Greenwire)<\/a><\/li>\n<li><a href=\"https:\/\/fridaysforfuture.de\/ortsgruppen\/hamburg\/\" target=\"_blank\" rel=\"noopener\">Fridays for Future<\/a><\/li>\n<li><a href=\"https:\/\/www.ndr.de\/nachrichten\/hamburg\/Greta-Thunberg-kommt-zur-Demo-nach-Hamburg,thunberg160.html\" target=\"_blank\" rel=\"noopener\">Greta Thunberg kommt zur Demo nach Hamburg<\/a><\/li>\n<\/ul>\n<p>&nbsp;<\/p>\n<p>Au plaisir de vous y retrouver<\/p>\n<p><img loading=\"lazy\" decoding=\"async\" class=\" wp-image-3468 alignleft\" src=\"https:\/\/www.francais-d-allemagne.eu\/nord\/wp-content\/uploads\/sites\/2\/2017\/12\/Nicolas-150x150.jpg\" alt=\"\" width=\"112\" height=\"112\" srcset=\"https:\/\/www.francais-d-allemagne.eu\/nord\/wp-content\/uploads\/sites\/2\/2017\/12\/Nicolas-150x150.jpg 150w, https:\/\/www.francais-d-allemagne.eu\/nord\/wp-content\/uploads\/sites\/2\/2017\/12\/Nicolas-200x200.jpg 200w\" sizes=\"auto, (max-width: 112px) 100vw, 112px\" \/><\/p>\n<p>&nbsp;<\/p>\n<p>Nicolas Stallivieri<br \/>\nConseiller consulaire \u00e9lu<\/p>\n<p>&nbsp;<\/p>\n<p>&nbsp;<\/p>\n<p><img loading=\"lazy\" decoding=\"async\" class=\"alignnone wp-image-4232 size-full\" src=\"https:\/\/www.francais-d-allemagne.eu\/nord\/wp-content\/uploads\/sites\/2\/2020\/02\/HamburgW\u00e4hltKlima-Affiche.jpg\" alt=\"\" width=\"1091\" height=\"1049\" srcset=\"https:\/\/www.francais-d-allemagne.eu\/nord\/wp-content\/uploads\/sites\/2\/2020\/02\/HamburgW\u00e4hltKlima-Affiche.jpg 1091w, https:\/\/www.francais-d-allemagne.eu\/nord\/wp-content\/uploads\/sites\/2\/2020\/02\/HamburgW\u00e4hltKlima-Affiche-300x288.jpg 300w, https:\/\/www.francais-d-allemagne.eu\/nord\/wp-content\/uploads\/sites\/2\/2020\/02\/HamburgW\u00e4hltKlima-Affiche-768x738.jpg 768w, https:\/\/www.francais-d-allemagne.eu\/nord\/wp-content\/uploads\/sites\/2\/2020\/02\/HamburgW\u00e4hltKlima-Affiche-1024x985.jpg 1024w\" sizes=\"auto, (max-width: 1091px) 100vw, 1091px\" \/><\/p>\n","protected":false},"excerpt":{"rendered":"<p>Dimanche 23 f\u00e9vrier prochain, celles et ceux d&rsquo;entre vous qui ont la nationalit\u00e9 allemande pourront \u00e9lire leurs nouveaux repr\u00e9sentants au Parlement R\u00e9gional de Hambourg, la B\u00fcrgerschaft. A quelques jours de cette \u00e9lection importante, celle du\u00a0B\u00fcrgerschaftswahl, il est utile et important de formuler \u00e0 nouveau les revendications du mouvement climatique. Plus nous serons nombreux-ses dans ce [&hellip;]<\/p>\n","protected":false},"author":3,"featured_media":4233,"comment_status":"closed","ping_status":"open","sticky":false,"template":"","format":"standard","meta":{"jetpack_post_was_ever_published":false,"_jetpack_newsletter_access":"","_jetpack_dont_email_post_to_subs":false,"_jetpack_newsletter_tier_id":0,"_jetpack_memberships_contains_paywalled_content":false,"_jetpack_memberships_contains_paid_content":false,"footnotes":"","jetpack_publicize_message":"","jetpack_publicize_feature_enabled":true,"jetpack_social_post_already_shared":true,"jetpack_social_options":{"image_generator_settings":{"template":"highway","default_image_id":0,"font":"","enabled":false},"version":2}},"categories":[84,195],"tags":[149],"class_list":["post-4231","post","type-post","status-publish","format-standard","has-post-thumbnail","hentry","category-actualites","category-ecologie","tag-ecologie"],"jetpack_publicize_connections":[],"jetpack_featured_media_url":"https:\/\/www.francais-d-allemagne.eu\/nord\/wp-content\/uploads\/sites\/2\/2020\/02\/HamburgW\u00e4hltKlima-Affiche-Image.jpg","jetpack_sharing_enabled":true,"jetpack_shortlink":"https:\/\/wp.me\/p4ndNg-16f","_links":{"self":[{"href":"https:\/\/www.francais-d-allemagne.eu\/nord\/wp-json\/wp\/v2\/posts\/4231","targetHints":{"allow":["GET"]}}],"collection":[{"href":"https:\/\/www.francais-d-allemagne.eu\/nord\/wp-json\/wp\/v2\/posts"}],"about":[{"href":"https:\/\/www.francais-d-allemagne.eu\/nord\/wp-json\/wp\/v2\/types\/post"}],"author":[{"embeddable":true,"href":"https:\/\/www.francais-d-allemagne.eu\/nord\/wp-json\/wp\/v2\/users\/3"}],"replies":[{"embeddable":true,"href":"https:\/\/www.francais-d-allemagne.eu\/nord\/wp-json\/wp\/v2\/comments?post=4231"}],"version-history":[{"count":2,"href":"https:\/\/www.francais-d-allemagne.eu\/nord\/wp-json\/wp\/v2\/posts\/4231\/revisions"}],"predecessor-version":[{"id":4235,"href":"https:\/\/www.francais-d-allemagne.eu\/nord\/wp-json\/wp\/v2\/posts\/4231\/revisions\/4235"}],"wp:featuredmedia":[{"embeddable":true,"href":"https:\/\/www.francais-d-allemagne.eu\/nord\/wp-json\/wp\/v2\/media\/4233"}],"wp:attachment":[{"href":"https:\/\/www.francais-d-allemagne.eu\/nord\/wp-json\/wp\/v2\/media?parent=4231"}],"wp:term":[{"taxonomy":"category","embeddable":true,"href":"https:\/\/www.francais-d-allemagne.eu\/nord\/wp-json\/wp\/v2\/categories?post=4231"},{"taxonomy":"post_tag","embeddable":true,"href":"https:\/\/www.francais-d-allemagne.eu\/nord\/wp-json\/wp\/v2\/tags?post=4231"}],"curies":[{"name":"wp","href":"https:\/\/api.w.org\/{rel}","templated":true}]}}