{"id":4238,"date":"2020-03-09T18:10:24","date_gmt":"2020-03-09T17:10:24","guid":{"rendered":"http:\/\/www.francais-d-allemagne.eu\/nord\/?p=4238"},"modified":"2020-03-08T11:23:24","modified_gmt":"2020-03-08T10:23:24","slug":"les-conseillers-consulaires-elus-de-proximite-a-letranger-deviennent-les-conseillers-des-francais-de-letranger","status":"publish","type":"post","link":"https:\/\/www.francais-d-allemagne.eu\/nord\/2020\/03\/09\/les-conseillers-consulaires-elus-de-proximite-a-letranger-deviennent-les-conseillers-des-francais-de-letranger\/","title":{"rendered":"Les conseillers consulaires, \u00e9lus de proximit\u00e9 \u00e0 l&rsquo;\u00e9tranger, deviennent les \u00ab\u00a0conseillers des Fran\u00e7ais de l&rsquo;\u00e9tranger\u00a0\u00bb"},"content":{"rendered":"<p><strong>Les conseillers consulaires,<\/strong> \u00e9lus des Fran\u00e7ais de l&rsquo;\u00e9tranger sont depuis mai 2014 un lien de proximit\u00e9 important pour les communaut\u00e9s de fran\u00e7ais-e-s \u00e9tabli-e-s hors de France.<\/p>\n<p>Suite \u00e0 la publication de la loi relative \u00e0 l&rsquo;engagement dans la vie locale et \u00e0 la proximit\u00e9 de l&rsquo;action publique, les conseillers consulaires changent de nom et deviennent les \u00ab\u00a0<strong>Conseillers des Fran\u00e7ais de l&rsquo;\u00e9tranger\u00a0\u00bb<\/strong>.<\/p>\n<p>Concr\u00e8tement, notre engagement local et nos missions restent inchang\u00e9s et nous continuons d&rsquo;\u00eatre \u00e0 votre \u00e9coute en Allemagne du Nord.<\/p>\n<p>En vous souhaitant une excellente semaine<\/p>\n<p><img loading=\"lazy\" decoding=\"async\" class=\"size-thumbnail wp-image-3901 alignleft\" src=\"https:\/\/www.francais-d-allemagne.eu\/nord\/wp-content\/uploads\/sites\/2\/2019\/01\/Nicolas-Stallivieri-150x150.jpg\" alt=\"\" width=\"150\" height=\"150\" srcset=\"https:\/\/www.francais-d-allemagne.eu\/nord\/wp-content\/uploads\/sites\/2\/2019\/01\/Nicolas-Stallivieri-150x150.jpg 150w, https:\/\/www.francais-d-allemagne.eu\/nord\/wp-content\/uploads\/sites\/2\/2019\/01\/Nicolas-Stallivieri-200x200.jpg 200w\" sizes=\"auto, (max-width: 150px) 100vw, 150px\" \/><\/p>\n<p>&nbsp;<\/p>\n<p>Nicolas Stallivieri<br \/>\nConseiller consulaire \u00e9lu<br \/>\nHambourg &amp; Allemagne du Nord<\/p>\n","protected":false},"excerpt":{"rendered":"<p>Les conseillers consulaires, \u00e9lus des Fran\u00e7ais de l&rsquo;\u00e9tranger sont depuis mai 2014 un lien de proximit\u00e9 important pour les communaut\u00e9s de fran\u00e7ais-e-s \u00e9tabli-e-s hors de France. Suite \u00e0 la publication de la loi relative \u00e0 l&rsquo;engagement dans la vie locale et \u00e0 la proximit\u00e9 de l&rsquo;action publique, les conseillers consulaires changent de nom et deviennent [&hellip;]<\/p>\n","protected":false},"author":3,"featured_media":4099,"comment_status":"closed","ping_status":"open","sticky":false,"template":"","format":"standard","meta":{"jetpack_post_was_ever_published":false,"_jetpack_newsletter_access":"","_jetpack_dont_email_post_to_subs":false,"_jetpack_newsletter_tier_id":0,"_jetpack_memberships_contains_paywalled_content":false,"_jetpack_memberships_contains_paid_content":false,"footnotes":"","jetpack_publicize_message":"Les conseillers consulaires, \u00e9lus de proximit\u00e9 \u00e0 l'\u00e9tranger, deviennent les \"conseillers des Fran\u00e7ais de l'\u00e9tranger\"","jetpack_publicize_feature_enabled":true,"jetpack_social_post_already_shared":true,"jetpack_social_options":{"image_generator_settings":{"template":"highway","default_image_id":0,"font":"","enabled":false},"version":2}},"categories":[82],"tags":[65],"class_list":["post-4238","post","type-post","status-publish","format-standard","has-post-thumbnail","hentry","category-conseil-consulaire-2","tag-conseil-consulaire"],"jetpack_publicize_connections":[],"jetpack_featured_media_url":"https:\/\/www.francais-d-allemagne.eu\/nord\/wp-content\/uploads\/sites\/2\/2019\/06\/action-sociale.jpg","jetpack_sharing_enabled":true,"jetpack_shortlink":"https:\/\/wp.me\/p4ndNg-16m","_links":{"self":[{"href":"https:\/\/www.francais-d-allemagne.eu\/nord\/wp-json\/wp\/v2\/posts\/4238","targetHints":{"allow":["GET"]}}],"collection":[{"href":"https:\/\/www.francais-d-allemagne.eu\/nord\/wp-json\/wp\/v2\/posts"}],"about":[{"href":"https:\/\/www.francais-d-allemagne.eu\/nord\/wp-json\/wp\/v2\/types\/post"}],"author":[{"embeddable":true,"href":"https:\/\/www.francais-d-allemagne.eu\/nord\/wp-json\/wp\/v2\/users\/3"}],"replies":[{"embeddable":true,"href":"https:\/\/www.francais-d-allemagne.eu\/nord\/wp-json\/wp\/v2\/comments?post=4238"}],"version-history":[{"count":4,"href":"https:\/\/www.francais-d-allemagne.eu\/nord\/wp-json\/wp\/v2\/posts\/4238\/revisions"}],"predecessor-version":[{"id":4242,"href":"https:\/\/www.francais-d-allemagne.eu\/nord\/wp-json\/wp\/v2\/posts\/4238\/revisions\/4242"}],"wp:featuredmedia":[{"embeddable":true,"href":"https:\/\/www.francais-d-allemagne.eu\/nord\/wp-json\/wp\/v2\/media\/4099"}],"wp:attachment":[{"href":"https:\/\/www.francais-d-allemagne.eu\/nord\/wp-json\/wp\/v2\/media?parent=4238"}],"wp:term":[{"taxonomy":"category","embeddable":true,"href":"https:\/\/www.francais-d-allemagne.eu\/nord\/wp-json\/wp\/v2\/categories?post=4238"},{"taxonomy":"post_tag","embeddable":true,"href":"https:\/\/www.francais-d-allemagne.eu\/nord\/wp-json\/wp\/v2\/tags?post=4238"}],"curies":[{"name":"wp","href":"https:\/\/api.w.org\/{rel}","templated":true}]}}