{"id":4568,"date":"2021-03-27T11:12:19","date_gmt":"2021-03-27T10:12:19","guid":{"rendered":"http:\/\/www.francais-d-allemagne.eu\/nord\/?p=4568"},"modified":"2021-03-27T11:12:53","modified_gmt":"2021-03-27T10:12:53","slug":"notre-bilan-de-mandat","status":"publish","type":"post","link":"https:\/\/www.francais-d-allemagne.eu\/nord\/2021\/03\/27\/notre-bilan-de-mandat\/","title":{"rendered":"Notre bilan de mandat"},"content":{"rendered":"<p>&nbsp;<\/p>\n<p>\u00c9lus au suffrage universel direct les conseillers consulaires exercent un mandat consultatif et b\u00e9n\u00e9vole, en application de la loi du 22 juillet 2013 relative \u00e0 la repr\u00e9sentation des Fran\u00e7ais \u00e9tablis hors de France. C\u2019est un mandat politique qui a ses limites mais c\u2019est pour nous avant tout un mandat d\u2019\u00e9coute et de service aupr\u00e8s des communaut\u00e9s fran\u00e7aises. Il permet une action de terrain si on se saisit pleinement des pr\u00e9rogatives et surtout si on s\u2019engage\u2026<\/p>\n<p>Voici un extrait en six points qui illustre le travail que nous avons r\u00e9alis\u00e9 avec et pour vous !<\/p>\n<p>&nbsp;<\/p>\n<p><img loading=\"lazy\" decoding=\"async\" class=\"alignnone size-large wp-image-3312\" src=\"https:\/\/www.francais-d-allemagne.eu\/nord\/wp-content\/uploads\/sites\/2\/2017\/07\/francais-d-allemagne-nord-header-joelle-2017-1024x222.jpg\" alt=\"\" width=\"700\" height=\"152\" srcset=\"https:\/\/www.francais-d-allemagne.eu\/nord\/wp-content\/uploads\/sites\/2\/2017\/07\/francais-d-allemagne-nord-header-joelle-2017-1024x222.jpg 1024w, https:\/\/www.francais-d-allemagne.eu\/nord\/wp-content\/uploads\/sites\/2\/2017\/07\/francais-d-allemagne-nord-header-joelle-2017-300x65.jpg 300w, https:\/\/www.francais-d-allemagne.eu\/nord\/wp-content\/uploads\/sites\/2\/2017\/07\/francais-d-allemagne-nord-header-joelle-2017-768x166.jpg 768w\" sizes=\"auto, (max-width: 700px) 100vw, 700px\" \/><\/p>\n<p>&nbsp;<\/p>\n<hr \/>\n<p>&nbsp;<\/p>\n<figure id=\"attachment_2431\" aria-describedby=\"caption-attachment-2431\" style=\"width: 300px\" class=\"wp-caption alignright\"><img loading=\"lazy\" decoding=\"async\" class=\"wp-image-2431 size-medium\" src=\"https:\/\/www.francais-d-allemagne.eu\/nord\/wp-content\/uploads\/sites\/2\/2016\/05\/Rencontre-au-lyc\u00e9e-Horn-le-19-avril-2016-300x200.jpg\" alt=\"\" width=\"300\" height=\"200\" srcset=\"https:\/\/www.francais-d-allemagne.eu\/nord\/wp-content\/uploads\/sites\/2\/2016\/05\/Rencontre-au-lyc\u00e9e-Horn-le-19-avril-2016-300x200.jpg 300w, https:\/\/www.francais-d-allemagne.eu\/nord\/wp-content\/uploads\/sites\/2\/2016\/05\/Rencontre-au-lyc\u00e9e-Horn-le-19-avril-2016-1024x682.jpg 1024w\" sizes=\"auto, (max-width: 300px) 100vw, 300px\" \/><figcaption id=\"caption-attachment-2431\" class=\"wp-caption-text\">2016: Rencontre \u00e0 Br\u00eame avec les acteurs de la fili\u00e8re franco-allemande<\/figcaption><\/figure>\n<p><strong>\u00c9cole, bilinguisme, petite enfance, parentalit\u00e9<\/strong><br \/>\nInitiatives pour le bilinguisme de la petite enfance, les \u00e9coles et Kitas franco-allemandes.\u00a0Dispositif FLAM.<\/p>\n<p>Soutien des familles francophones. Participation aux Conseils d\u2019\u00e9tablissements des \u00e9coles fran\u00e7aises. Suivi des Bourses scolaires. Assembl\u00e9e des Fran\u00e7ais de l&rsquo;\u00c9tranger. Guide des futurs et jeunes parents\u2026<\/p>\n<p>&nbsp;<\/p>\n<p>&nbsp;<\/p>\n<figure id=\"attachment_1831\" aria-describedby=\"caption-attachment-1831\" style=\"width: 300px\" class=\"wp-caption alignleft\"><img loading=\"lazy\" decoding=\"async\" class=\"wp-image-1831 size-medium\" src=\"https:\/\/www.francais-d-allemagne.eu\/nord\/wp-content\/uploads\/sites\/2\/2015\/03\/Photo-CeBIT-300x225.jpg\" alt=\"\" width=\"300\" height=\"225\" srcset=\"https:\/\/www.francais-d-allemagne.eu\/nord\/wp-content\/uploads\/sites\/2\/2015\/03\/Photo-CeBIT-300x225.jpg 300w, https:\/\/www.francais-d-allemagne.eu\/nord\/wp-content\/uploads\/sites\/2\/2015\/03\/Photo-CeBIT-1024x768.jpg 1024w, https:\/\/www.francais-d-allemagne.eu\/nord\/wp-content\/uploads\/sites\/2\/2015\/03\/Photo-CeBIT.jpg 1632w\" sizes=\"auto, (max-width: 300px) 100vw, 300px\" \/><figcaption id=\"caption-attachment-1831\" class=\"wp-caption-text\">2015: Nicolas Stallivieri avec les French Marketers lors du CEBIT Hanovre<\/figcaption><\/figure>\n<p>&nbsp;<\/p>\n<p><strong>Emploi, \u00e9conomie, droits sociaux, fiscalit\u00e9<\/strong><br \/>\nSoutien aux initiatives associatives pour l\u2019emploi et la formation. Retraites et certificats d\u2019existence. \u00c9coute et conseil de compatriotes sur les questions fiscales. Aides exceptionnelles\u2026<\/p>\n<p>Accompagnement des acteurs fran\u00e7ais lors des \u00e9v\u00e8nements de promotion \u00e9conomique. Cellule Emploi Hambourg.<\/p>\n<p>&nbsp;<\/p>\n<p>&nbsp;<\/p>\n<figure id=\"attachment_3343\" aria-describedby=\"caption-attachment-3343\" style=\"width: 300px\" class=\"wp-caption alignright\"><img loading=\"lazy\" decoding=\"async\" class=\"wp-image-3343 size-medium\" src=\"https:\/\/www.francais-d-allemagne.eu\/nord\/wp-content\/uploads\/sites\/2\/2017\/08\/15-ans-Franz-2017-300x225.jpg\" alt=\"\" width=\"300\" height=\"225\" srcset=\"https:\/\/www.francais-d-allemagne.eu\/nord\/wp-content\/uploads\/sites\/2\/2017\/08\/15-ans-Franz-2017-300x225.jpg 300w, https:\/\/www.francais-d-allemagne.eu\/nord\/wp-content\/uploads\/sites\/2\/2017\/08\/15-ans-Franz-2017-768x576.jpg 768w, https:\/\/www.francais-d-allemagne.eu\/nord\/wp-content\/uploads\/sites\/2\/2017\/08\/15-ans-Franz-2017-1024x768.jpg 1024w\" sizes=\"auto, (max-width: 300px) 100vw, 300px\" \/><figcaption id=\"caption-attachment-3343\" class=\"wp-caption-text\">2017: 15 ans du Franz \u00e0 Leipzig!<\/figcaption><\/figure>\n<p><strong>Culture, associations, dialogue interculturel<\/strong><br \/>\nSoutien et promotion des artistes et cr\u00e9ateurs fran\u00e7ais et franco-allemands. Visites aux<br \/>\nInstituts fran\u00e7ais de Kiel, Br\u00eame, Leipzig, Berlin, Hambourg. Initiation de la Journ\u00e9e des<br \/>\nassociations fran\u00e7aises et franco-allemandes. Conseils locaux pour l&rsquo;int\u00e9gration. Pr\u00e9sence et accompagnement des \u00e9v\u00e8nements importants organis\u00e9s dans la communaut\u00e9 francophone. Dispositif d\u2019aide publique aux associations STAFE\u2026<\/p>\n<p>&nbsp;<\/p>\n<figure id=\"attachment_4586\" aria-describedby=\"caption-attachment-4586\" style=\"width: 300px\" class=\"wp-caption alignleft\"><img loading=\"lazy\" decoding=\"async\" class=\"wp-image-4586 size-medium\" src=\"https:\/\/www.francais-d-allemagne.eu\/nord\/wp-content\/uploads\/sites\/2\/2021\/03\/D\u00e9bat-Europe-2019-300x225.jpg\" alt=\"\" width=\"300\" height=\"225\" srcset=\"https:\/\/www.francais-d-allemagne.eu\/nord\/wp-content\/uploads\/sites\/2\/2021\/03\/D\u00e9bat-Europe-2019-300x225.jpg 300w, https:\/\/www.francais-d-allemagne.eu\/nord\/wp-content\/uploads\/sites\/2\/2021\/03\/D\u00e9bat-Europe-2019.jpg 720w\" sizes=\"auto, (max-width: 300px) 100vw, 300px\" \/><figcaption id=\"caption-attachment-4586\" class=\"wp-caption-text\">2019: organisation d&rsquo;un d\u00e9bat Europe avec 7 familles politiques!<\/figcaption><\/figure>\n<p>&nbsp;<\/p>\n<p><strong>Droits politiques, \u00e9lections<\/strong><br \/>\nInformation r\u00e9guli\u00e8re sur les \u00e9ch\u00e9ances \u00e9lectorales et bureaux de vote. Informations citoyennes. Tenue \u00e0 Berlin et Hambourg de la Liste Electorale Consulaire&#8230;<\/p>\n<p>&nbsp;<\/p>\n<p>&nbsp;<\/p>\n<p>&nbsp;<\/p>\n<figure id=\"attachment_2402\" aria-describedby=\"caption-attachment-2402\" style=\"width: 300px\" class=\"wp-caption alignright\"><img loading=\"lazy\" decoding=\"async\" class=\"wp-image-2402 size-medium\" src=\"https:\/\/www.francais-d-allemagne.eu\/nord\/wp-content\/uploads\/sites\/2\/2016\/04\/2016-04-02-Hamburg-r\u00e4umt-auf-03-300x227.jpg\" alt=\"\" width=\"300\" height=\"227\" srcset=\"https:\/\/www.francais-d-allemagne.eu\/nord\/wp-content\/uploads\/sites\/2\/2016\/04\/2016-04-02-Hamburg-r\u00e4umt-auf-03-300x227.jpg 300w, https:\/\/www.francais-d-allemagne.eu\/nord\/wp-content\/uploads\/sites\/2\/2016\/04\/2016-04-02-Hamburg-r\u00e4umt-auf-03.jpg 661w\" sizes=\"auto, (max-width: 300px) 100vw, 300px\" \/><figcaption id=\"caption-attachment-2402\" class=\"wp-caption-text\">Hamburg r\u00e4umt auf!<\/figcaption><\/figure>\n<p>&nbsp;<\/p>\n<p><strong>Coop\u00e9ration franco-allemande, Environnement, s\u00e9curit\u00e9 sanitaire<\/strong><br \/>\nContacts avec l\u2019OFAJ, le Centre Fran\u00e7ais de Berlin (CFB), les acteurs de la Francophonie. Suivi partiel et \u00e9valuation sur le terrain du processus d\u2019Aix-la-Chapelle. \u00c9changes avec l\u2019ambassade et le consulat sur la crise du covid-19&#8230;<\/p>\n<p>&nbsp;<\/p>\n<p>&nbsp;<\/p>\n<figure id=\"attachment_1217\" aria-describedby=\"caption-attachment-1217\" style=\"width: 300px\" class=\"wp-caption alignleft\"><img loading=\"lazy\" decoding=\"async\" class=\"wp-image-1217 size-medium\" src=\"https:\/\/www.francais-d-allemagne.eu\/nord\/wp-content\/uploads\/sites\/2\/2014\/07\/conseil-consulaire-2014-06-20-300x225.jpg\" alt=\"\" width=\"300\" height=\"225\" srcset=\"https:\/\/www.francais-d-allemagne.eu\/nord\/wp-content\/uploads\/sites\/2\/2014\/07\/conseil-consulaire-2014-06-20-300x225.jpg 300w, https:\/\/www.francais-d-allemagne.eu\/nord\/wp-content\/uploads\/sites\/2\/2014\/07\/conseil-consulaire-2014-06-20.jpg 400w\" sizes=\"auto, (max-width: 300px) 100vw, 300px\" \/><figcaption id=\"caption-attachment-1217\" class=\"wp-caption-text\">2014: le premier conseil consulaire avec l&rsquo;Ambassadeur Gourdault-Montagne<\/figcaption><\/figure>\n<p><strong>Travail consulaire, politique et communication<\/strong><br \/>\nDialogue ponctuel avec les diff\u00e9rents services de l\u2019ambassade et dialogue permanent avec les consulats de Berlin et Hambourg. Participation aux r\u00e9unions des conseils consulaires, aux c\u00e9r\u00e9monies comm\u00e9moratives. Vote \u00e0 l\u2019\u00e9lection s\u00e9natoriale. Tenue de permanences mensuelles, r\u00e9ponses aux courriers et emails. Infolettres aux Fran\u00e7ais et Fran\u00e7aises de la circonscription, communication via le site internet et les r\u00e9seaux sociaux&#8230;<\/p>\n<p>&nbsp;<\/p>\n<p>&nbsp;<\/p>\n<hr \/>\n<p>&nbsp;<\/p>\n","protected":false},"excerpt":{"rendered":"<p>&nbsp; \u00c9lus au suffrage universel direct les conseillers consulaires exercent un mandat consultatif et b\u00e9n\u00e9vole, en application de la loi du 22 juillet 2013 relative \u00e0 la repr\u00e9sentation des Fran\u00e7ais \u00e9tablis hors de France. C\u2019est un mandat politique qui a ses limites mais c\u2019est pour nous avant tout un mandat d\u2019\u00e9coute et de service aupr\u00e8s [&hellip;]<\/p>\n","protected":false},"author":3,"featured_media":4099,"comment_status":"closed","ping_status":"open","sticky":false,"template":"","format":"standard","meta":{"jetpack_post_was_ever_published":false,"_jetpack_newsletter_access":"","_jetpack_dont_email_post_to_subs":false,"_jetpack_newsletter_tier_id":0,"_jetpack_memberships_contains_paywalled_content":false,"_jetpack_memberships_contains_paid_content":false,"footnotes":"","jetpack_publicize_message":"","jetpack_publicize_feature_enabled":true,"jetpack_social_post_already_shared":true,"jetpack_social_options":{"image_generator_settings":{"template":"highway","default_image_id":0,"font":"","enabled":false},"version":2}},"categories":[84,82],"tags":[65],"class_list":["post-4568","post","type-post","status-publish","format-standard","has-post-thumbnail","hentry","category-actualites","category-conseil-consulaire-2","tag-conseil-consulaire"],"jetpack_publicize_connections":[],"jetpack_featured_media_url":"https:\/\/www.francais-d-allemagne.eu\/nord\/wp-content\/uploads\/sites\/2\/2019\/06\/action-sociale.jpg","jetpack_sharing_enabled":true,"jetpack_shortlink":"https:\/\/wp.me\/p4ndNg-1bG","_links":{"self":[{"href":"https:\/\/www.francais-d-allemagne.eu\/nord\/wp-json\/wp\/v2\/posts\/4568","targetHints":{"allow":["GET"]}}],"collection":[{"href":"https:\/\/www.francais-d-allemagne.eu\/nord\/wp-json\/wp\/v2\/posts"}],"about":[{"href":"https:\/\/www.francais-d-allemagne.eu\/nord\/wp-json\/wp\/v2\/types\/post"}],"author":[{"embeddable":true,"href":"https:\/\/www.francais-d-allemagne.eu\/nord\/wp-json\/wp\/v2\/users\/3"}],"replies":[{"embeddable":true,"href":"https:\/\/www.francais-d-allemagne.eu\/nord\/wp-json\/wp\/v2\/comments?post=4568"}],"version-history":[{"count":10,"href":"https:\/\/www.francais-d-allemagne.eu\/nord\/wp-json\/wp\/v2\/posts\/4568\/revisions"}],"predecessor-version":[{"id":4588,"href":"https:\/\/www.francais-d-allemagne.eu\/nord\/wp-json\/wp\/v2\/posts\/4568\/revisions\/4588"}],"wp:featuredmedia":[{"embeddable":true,"href":"https:\/\/www.francais-d-allemagne.eu\/nord\/wp-json\/wp\/v2\/media\/4099"}],"wp:attachment":[{"href":"https:\/\/www.francais-d-allemagne.eu\/nord\/wp-json\/wp\/v2\/media?parent=4568"}],"wp:term":[{"taxonomy":"category","embeddable":true,"href":"https:\/\/www.francais-d-allemagne.eu\/nord\/wp-json\/wp\/v2\/categories?post=4568"},{"taxonomy":"post_tag","embeddable":true,"href":"https:\/\/www.francais-d-allemagne.eu\/nord\/wp-json\/wp\/v2\/tags?post=4568"}],"curies":[{"name":"wp","href":"https:\/\/api.w.org\/{rel}","templated":true}]}}