{"id":573,"date":"2014-04-12T18:34:54","date_gmt":"2014-04-12T17:34:54","guid":{"rendered":"http:\/\/www.francais-d-allemagne.eu\/nord\/?p=573"},"modified":"2017-01-08T17:19:13","modified_gmt":"2017-01-08T16:19:13","slug":"soutien-de-pyleborgn","status":"publish","type":"post","link":"https:\/\/www.francais-d-allemagne.eu\/nord\/2014\/04\/12\/soutien-de-pyleborgn\/","title":{"rendered":"Message de soutien de Pierre-Yves le Borgn\u2019, d\u00e9put\u00e9 des Fran\u00e7ais de l&rsquo;\u00e9tranger"},"content":{"rendered":"<p><a href=\"https:\/\/www.francais-d-allemagne.eu\/nord\/wp-content\/uploads\/sites\/2\/2014\/04\/Photo_Pierre_Yves_LeBorgn_carr\u00e9-Petit-Journal-400x400.jpg\"><img loading=\"lazy\" decoding=\"async\" class=\"aligncenter size-medium wp-image-574\" alt=\"Photo_Pierre_Yves_LeBorgn_carr\u00e9-Petit-Journal-400x400\" src=\"https:\/\/www.francais-d-allemagne.eu\/nord\/wp-content\/uploads\/sites\/2\/2014\/04\/Photo_Pierre_Yves_LeBorgn_carr\u00e9-Petit-Journal-400x400-300x300.jpg\" width=\"300\" height=\"300\" srcset=\"https:\/\/www.francais-d-allemagne.eu\/nord\/wp-content\/uploads\/sites\/2\/2014\/04\/Photo_Pierre_Yves_LeBorgn_carr\u00e9-Petit-Journal-400x400-300x300.jpg 300w, https:\/\/www.francais-d-allemagne.eu\/nord\/wp-content\/uploads\/sites\/2\/2014\/04\/Photo_Pierre_Yves_LeBorgn_carr\u00e9-Petit-Journal-400x400-150x150.jpg 150w, https:\/\/www.francais-d-allemagne.eu\/nord\/wp-content\/uploads\/sites\/2\/2014\/04\/Photo_Pierre_Yves_LeBorgn_carr\u00e9-Petit-Journal-400x400.jpg 400w\" sizes=\"auto, (max-width: 300px) 100vw, 300px\" \/><\/a><\/p>\n<p>Je soutiens la liste men\u00e9e par Philippe Loiseau pour les \u00e9lections consulaires de mai.<br \/>\nPhilippe est un ami depuis de longues ann\u00e9es. Je connais et appr\u00e9cie son action de terrain aupr\u00e8s des Fran\u00e7ais d\u2019Allemagne du Nord. Philippe poss\u00e8de une grande exp\u00e9rience de nos r\u00e9seaux associatifs et institutionnels. Il sera en mesure de vous repr\u00e9senter localement au quotidien.<br \/>\nJe soutiens aussi l\u2019\u00e9quipe qu\u2019il a mise en place autour de lui, repr\u00e9sentative de la diversit\u00e9 g\u00e9ographique et humaine d\u2019Allemagne du Nord, repr\u00e9sentative \u00e9galement de la jeunesse fran\u00e7aise de l\u2019\u00e9tranger avec Natacha Boroukhoff \u00e0 Berlin et Nicolas Stallivieri \u00e0 Hambourg.<\/p>\n<p>Cette \u00e9quipe-l\u00e0 m\u00e9rite d\u2019aller loin.<\/p>\n<p>Elle compte sur vos suffrages !<\/p>\n<p>Pierre-Yves le Borgn\u2019<\/p>\n","protected":false},"excerpt":{"rendered":"<p>Je soutiens la liste men\u00e9e par Philippe Loiseau pour les \u00e9lections consulaires de mai. Philippe est un ami depuis de longues ann\u00e9es. Je connais et appr\u00e9cie son action de terrain aupr\u00e8s des Fran\u00e7ais d\u2019Allemagne du Nord. Philippe poss\u00e8de une grande exp\u00e9rience de nos r\u00e9seaux associatifs et institutionnels. Il sera en mesure de vous repr\u00e9senter localement [&hellip;]<\/p>\n","protected":false},"author":3,"featured_media":0,"comment_status":"closed","ping_status":"open","sticky":false,"template":"","format":"standard","meta":{"jetpack_post_was_ever_published":false,"_jetpack_newsletter_access":"","_jetpack_dont_email_post_to_subs":false,"_jetpack_newsletter_tier_id":0,"_jetpack_memberships_contains_paywalled_content":false,"_jetpack_memberships_contains_paid_content":false,"footnotes":"","jetpack_publicize_message":"","jetpack_publicize_feature_enabled":true,"jetpack_social_post_already_shared":true,"jetpack_social_options":{"image_generator_settings":{"template":"highway","default_image_id":0,"font":"","enabled":false},"version":2}},"categories":[84],"tags":[14,47,9],"class_list":["post-573","post","type-post","status-publish","format-standard","hentry","category-actualites","tag-comite-soutien","tag-elections-consulaires","tag-pierre-yves-leborgn"],"jetpack_publicize_connections":[],"jetpack_featured_media_url":"","jetpack_sharing_enabled":true,"jetpack_shortlink":"https:\/\/wp.me\/p4ndNg-9f","_links":{"self":[{"href":"https:\/\/www.francais-d-allemagne.eu\/nord\/wp-json\/wp\/v2\/posts\/573","targetHints":{"allow":["GET"]}}],"collection":[{"href":"https:\/\/www.francais-d-allemagne.eu\/nord\/wp-json\/wp\/v2\/posts"}],"about":[{"href":"https:\/\/www.francais-d-allemagne.eu\/nord\/wp-json\/wp\/v2\/types\/post"}],"author":[{"embeddable":true,"href":"https:\/\/www.francais-d-allemagne.eu\/nord\/wp-json\/wp\/v2\/users\/3"}],"replies":[{"embeddable":true,"href":"https:\/\/www.francais-d-allemagne.eu\/nord\/wp-json\/wp\/v2\/comments?post=573"}],"version-history":[{"count":8,"href":"https:\/\/www.francais-d-allemagne.eu\/nord\/wp-json\/wp\/v2\/posts\/573\/revisions"}],"predecessor-version":[{"id":780,"href":"https:\/\/www.francais-d-allemagne.eu\/nord\/wp-json\/wp\/v2\/posts\/573\/revisions\/780"}],"wp:attachment":[{"href":"https:\/\/www.francais-d-allemagne.eu\/nord\/wp-json\/wp\/v2\/media?parent=573"}],"wp:term":[{"taxonomy":"category","embeddable":true,"href":"https:\/\/www.francais-d-allemagne.eu\/nord\/wp-json\/wp\/v2\/categories?post=573"},{"taxonomy":"post_tag","embeddable":true,"href":"https:\/\/www.francais-d-allemagne.eu\/nord\/wp-json\/wp\/v2\/tags?post=573"}],"curies":[{"name":"wp","href":"https:\/\/api.w.org\/{rel}","templated":true}]}}